{"id":7547,"date":"2022-05-20T15:20:07","date_gmt":"2022-05-20T13:20:07","guid":{"rendered":"https:\/\/agora.xtec.cat\/ceipcampselisis\/?p=7547"},"modified":"2022-05-20T15:20:16","modified_gmt":"2022-05-20T13:20:16","slug":"viatgem-a-lepoca-dels-ibers-i-romans-4t","status":"publish","type":"post","link":"https:\/\/agora.xtec.cat\/ceipcampselisis\/portada\/viatgem-a-lepoca-dels-ibers-i-romans-4t\/","title":{"rendered":"Viatgem a l&#8217;\u00e8poca dels \u00cdbers i Romans &#8211; 4t"},"content":{"rendered":"<p align=\"justify\"><span style=\"font-family: Arial, serif;\"><span style=\"font-size: medium;\">Els nens i nenes de 4t hem anat al Museu de Lleida per endinsar-nos en el passat i viatjar al m\u00f3n dels Ibers i els Romans. Hem aprofitat per assentar coneixements d\u2019aquest \u00e8poca hist\u00f2rica que estem treballant a l\u2019aula i posar-nos a la pell d\u2019aquests pobles. E<\/span><\/span><span style=\"font-family: Arial, serif;\"><span style=\"font-size: medium;\">ns ha agradat molt aprendre com vivien els romans, qu\u00e8 menjaven, com ho preparaven&#8230; per\u00f2 sobretot vestir-nos amb la seva indument\u00e0ria. A m\u00e9s a m\u00e9s hem visualitzat un v\u00eddeo molt interessant que ens ha ajudat a con\u00e8ixer una mica millor la vida del nostre guerrer ilergeta Ind\u00edbil.\u00a0<\/span><\/span><\/p>\n<p align=\"justify\"><a href=\"https:\/\/photos.app.goo.gl\/orBz9uwDLrTocttXA\"><img loading=\"lazy\" decoding=\"async\" class=\"alignnone wp-image-7548 size-full\" src=\"https:\/\/agora.xtec.cat\/ceipcampselisis\/wp-content\/uploads\/usu884\/2022\/05\/IMG_20220505_105100.jpg\" alt=\"\" width=\"583\" height=\"402\" srcset=\"https:\/\/agora.xtec.cat\/ceipcampselisis\/wp-content\/uploads\/usu884\/2022\/05\/IMG_20220505_105100.jpg 583w, https:\/\/agora.xtec.cat\/ceipcampselisis\/wp-content\/uploads\/usu884\/2022\/05\/IMG_20220505_105100-300x207.jpg 300w\" sizes=\"auto, (max-width: 583px) 100vw, 583px\" \/><\/a><\/p>\n","protected":false},"excerpt":{"rendered":"<p>Els nens i nenes de 4t hem anat al Museu de Lleida per endinsar-nos en el passat i viatjar al m\u00f3n dels Ibers i els Romans. Hem aprofitat per assentar coneixements d\u2019aquest \u00e8poca hist\u00f2rica que estem treballant a l\u2019aula i posar-nos a la pell d\u2019aquests pobles. Ens ha agradat molt aprendre com vivien els romans, [&hellip;]<\/p>\n","protected":false},"author":3,"featured_media":7548,"comment_status":"open","ping_status":"closed","sticky":false,"template":"","format":"standard","meta":{"_bbp_topic_count":0,"_bbp_reply_count":0,"_bbp_total_topic_count":0,"_bbp_total_reply_count":0,"_bbp_voice_count":0,"_bbp_anonymous_reply_count":0,"_bbp_topic_count_hidden":0,"_bbp_reply_count_hidden":0,"_bbp_forum_subforum_count":0,"site-sidebar-layout":"default","site-content-layout":"","ast-site-content-layout":"","site-content-style":"default","site-sidebar-style":"default","ast-global-header-display":"","ast-banner-title-visibility":"","ast-main-header-display":"","ast-hfb-above-header-display":"","ast-hfb-below-header-display":"","ast-hfb-mobile-header-display":"","site-post-title":"","ast-breadcrumbs-content":"","ast-featured-img":"","footer-sml-layout":"","theme-transparent-header-meta":"","adv-header-id-meta":"","stick-header-meta":"","header-above-stick-meta":"","header-main-stick-meta":"","header-below-stick-meta":"","astra-migrate-meta-layouts":"default","ast-page-background-enabled":"default","ast-page-background-meta":{"desktop":{"background-color":"var(--ast-global-color-4)","background-image":"","background-repeat":"repeat","background-position":"center center","background-size":"auto","background-attachment":"scroll","background-type":"","background-media":"","overlay-type":"","overlay-color":"","overlay-opacity":"","overlay-gradient":""},"tablet":{"background-color":"","background-image":"","background-repeat":"repeat","background-position":"center center","background-size":"auto","background-attachment":"scroll","background-type":"","background-media":"","overlay-type":"","overlay-color":"","overlay-opacity":"","overlay-gradient":""},"mobile":{"background-color":"","background-image":"","background-repeat":"repeat","background-position":"center center","background-size":"auto","background-attachment":"scroll","background-type":"","background-media":"","overlay-type":"","overlay-color":"","overlay-opacity":"","overlay-gradient":""}},"ast-content-background-meta":{"desktop":{"background-color":"var(--ast-global-color-5)","background-image":"","background-repeat":"repeat","background-position":"center center","background-size":"auto","background-attachment":"scroll","background-type":"","background-media":"","overlay-type":"","overlay-color":"","overlay-opacity":"","overlay-gradient":""},"tablet":{"background-color":"var(--ast-global-color-5)","background-image":"","background-repeat":"repeat","background-position":"center center","background-size":"auto","background-attachment":"scroll","background-type":"","background-media":"","overlay-type":"","overlay-color":"","overlay-opacity":"","overlay-gradient":""},"mobile":{"background-color":"var(--ast-global-color-5)","background-image":"","background-repeat":"repeat","background-position":"center center","background-size":"auto","background-attachment":"scroll","background-type":"","background-media":"","overlay-type":"","overlay-color":"","overlay-opacity":"","overlay-gradient":""}},"footnotes":""},"categories":[15,70,85,4,44],"tags":[118],"class_list":["post-7547","post","type-post","status-publish","format-standard","has-post-thumbnail","hentry","category-5e-primaria","category-ambit-coneixement-del-medi","category-bones-practiques-educacio-primaria","category-portada","category-sortides","tag-bones-practiques-medi"],"post_mailing_queue_ids":[],"_links":{"self":[{"href":"https:\/\/agora.xtec.cat\/ceipcampselisis\/wp-json\/wp\/v2\/posts\/7547","targetHints":{"allow":["GET"]}}],"collection":[{"href":"https:\/\/agora.xtec.cat\/ceipcampselisis\/wp-json\/wp\/v2\/posts"}],"about":[{"href":"https:\/\/agora.xtec.cat\/ceipcampselisis\/wp-json\/wp\/v2\/types\/post"}],"author":[{"embeddable":true,"href":"https:\/\/agora.xtec.cat\/ceipcampselisis\/wp-json\/wp\/v2\/users\/3"}],"replies":[{"embeddable":true,"href":"https:\/\/agora.xtec.cat\/ceipcampselisis\/wp-json\/wp\/v2\/comments?post=7547"}],"version-history":[{"count":1,"href":"https:\/\/agora.xtec.cat\/ceipcampselisis\/wp-json\/wp\/v2\/posts\/7547\/revisions"}],"predecessor-version":[{"id":7549,"href":"https:\/\/agora.xtec.cat\/ceipcampselisis\/wp-json\/wp\/v2\/posts\/7547\/revisions\/7549"}],"wp:featuredmedia":[{"embeddable":true,"href":"https:\/\/agora.xtec.cat\/ceipcampselisis\/wp-json\/wp\/v2\/media\/7548"}],"wp:attachment":[{"href":"https:\/\/agora.xtec.cat\/ceipcampselisis\/wp-json\/wp\/v2\/media?parent=7547"}],"wp:term":[{"taxonomy":"category","embeddable":true,"href":"https:\/\/agora.xtec.cat\/ceipcampselisis\/wp-json\/wp\/v2\/categories?post=7547"},{"taxonomy":"post_tag","embeddable":true,"href":"https:\/\/agora.xtec.cat\/ceipcampselisis\/wp-json\/wp\/v2\/tags?post=7547"}],"curies":[{"name":"wp","href":"https:\/\/api.w.org\/{rel}","templated":true}]}}