{"id":7544,"date":"2022-05-20T13:29:24","date_gmt":"2022-05-20T11:29:24","guid":{"rendered":"https:\/\/agora.xtec.cat\/ceipcampselisis\/?p=7544"},"modified":"2022-05-20T13:29:24","modified_gmt":"2022-05-20T11:29:24","slug":"anem-dexcursio-a-horta-de-pinyana-p4","status":"publish","type":"post","link":"https:\/\/agora.xtec.cat\/ceipcampselisis\/portada\/anem-dexcursio-a-horta-de-pinyana-p4\/","title":{"rendered":"Anem d&#8217;excursi\u00f3 a Horta de Pinyana \u2013 P4"},"content":{"rendered":"<p><span lang=\"ca-ES\">El passat dimarts 10 de maig , les i els pirates i les bruixes i bruixots vam anar d\u2019excursi\u00f3 a l&#8217;Horta de Pinyana. Vam agafar l\u2019autocar i vam enfilar carretera enll\u00e0. Despr\u00e9s d\u2019esmorzar vam anar a con\u00e8ixer i alimentar els diferents animals que hi viuen.\u00a0<\/span><span lang=\"ca-ES\">Hem vist \u00e0necs, oques, gallines, galls, ovelles, un ruc i un poni. Sabem que els encanta el pa, el pan\u00eds, les pomes i la palla. Tamb\u00e9 <\/span><span lang=\"ca-ES\">ous de diferents mides : de gallina, d\u2019oca i d\u2019\u00e0nec.\u00a0<\/span><span lang=\"ca-ES\">Despr\u00e9s de tocar, alimentar i estar amb els animals, vam jugar una estona. Ens ho vam passar molt b\u00e9!\u00a0<\/span><span lang=\"ca-ES\">Vam anar a dinar i despr\u00e9s vam poder pintar, seguir jugant i ballar una estona!\u00a0<\/span><span lang=\"ca-ES\">Vam tornar a l\u2019escola molt cansats i a punt d\u2019agafar forces per gaudir de la Festa Major de Lleida.<\/span><\/p>\n<p><a href=\"https:\/\/photos.app.goo.gl\/ocNcaTsQidgy5k7U8\"><img loading=\"lazy\" decoding=\"async\" class=\"alignnone wp-image-7545 size-full\" src=\"https:\/\/agora.xtec.cat\/ceipcampselisis\/wp-content\/uploads\/usu884\/2022\/05\/IMG_6963.jpg\" alt=\"\" width=\"650\" height=\"627\" srcset=\"https:\/\/agora.xtec.cat\/ceipcampselisis\/wp-content\/uploads\/usu884\/2022\/05\/IMG_6963.jpg 650w, https:\/\/agora.xtec.cat\/ceipcampselisis\/wp-content\/uploads\/usu884\/2022\/05\/IMG_6963-300x289.jpg 300w\" sizes=\"auto, (max-width: 650px) 100vw, 650px\" \/><\/a><\/p>\n","protected":false},"excerpt":{"rendered":"<p>El passat dimarts 10 de maig , les i els pirates i les bruixes i bruixots vam anar d\u2019excursi\u00f3 a l&#8217;Horta de Pinyana. Vam agafar l\u2019autocar i vam enfilar carretera enll\u00e0. Despr\u00e9s d\u2019esmorzar vam anar a con\u00e8ixer i alimentar els diferents animals que hi viuen.\u00a0Hem vist \u00e0necs, oques, gallines, galls, ovelles, un ruc i un [&hellip;]<\/p>\n","protected":false},"author":3,"featured_media":7545,"comment_status":"open","ping_status":"closed","sticky":false,"template":"","format":"standard","meta":{"_bbp_topic_count":0,"_bbp_reply_count":0,"_bbp_total_topic_count":0,"_bbp_total_reply_count":0,"_bbp_voice_count":0,"_bbp_anonymous_reply_count":0,"_bbp_topic_count_hidden":0,"_bbp_reply_count_hidden":0,"_bbp_forum_subforum_count":0,"site-sidebar-layout":"default","site-content-layout":"","ast-site-content-layout":"","site-content-style":"default","site-sidebar-style":"default","ast-global-header-display":"","ast-banner-title-visibility":"","ast-main-header-display":"","ast-hfb-above-header-display":"","ast-hfb-below-header-display":"","ast-hfb-mobile-header-display":"","site-post-title":"","ast-breadcrumbs-content":"","ast-featured-img":"","footer-sml-layout":"","theme-transparent-header-meta":"","adv-header-id-meta":"","stick-header-meta":"","header-above-stick-meta":"","header-main-stick-meta":"","header-below-stick-meta":"","astra-migrate-meta-layouts":"default","ast-page-background-enabled":"default","ast-page-background-meta":{"desktop":{"background-color":"var(--ast-global-color-4)","background-image":"","background-repeat":"repeat","background-position":"center center","background-size":"auto","background-attachment":"scroll","background-type":"","background-media":"","overlay-type":"","overlay-color":"","overlay-opacity":"","overlay-gradient":""},"tablet":{"background-color":"","background-image":"","background-repeat":"repeat","background-position":"center center","background-size":"auto","background-attachment":"scroll","background-type":"","background-media":"","overlay-type":"","overlay-color":"","overlay-opacity":"","overlay-gradient":""},"mobile":{"background-color":"","background-image":"","background-repeat":"repeat","background-position":"center center","background-size":"auto","background-attachment":"scroll","background-type":"","background-media":"","overlay-type":"","overlay-color":"","overlay-opacity":"","overlay-gradient":""}},"ast-content-background-meta":{"desktop":{"background-color":"var(--ast-global-color-5)","background-image":"","background-repeat":"repeat","background-position":"center center","background-size":"auto","background-attachment":"scroll","background-type":"","background-media":"","overlay-type":"","overlay-color":"","overlay-opacity":"","overlay-gradient":""},"tablet":{"background-color":"var(--ast-global-color-5)","background-image":"","background-repeat":"repeat","background-position":"center center","background-size":"auto","background-attachment":"scroll","background-type":"","background-media":"","overlay-type":"","overlay-color":"","overlay-opacity":"","overlay-gradient":""},"mobile":{"background-color":"var(--ast-global-color-5)","background-image":"","background-repeat":"repeat","background-position":"center center","background-size":"auto","background-attachment":"scroll","background-type":"","background-media":"","overlay-type":"","overlay-color":"","overlay-opacity":"","overlay-gradient":""}},"footnotes":""},"categories":[8,183,4,44],"tags":[119],"class_list":["post-7544","post","type-post","status-publish","format-standard","has-post-thumbnail","hentry","category-p5a","category-p5b","category-portada","category-sortides","tag-sortides-infantil"],"post_mailing_queue_ids":[],"_links":{"self":[{"href":"https:\/\/agora.xtec.cat\/ceipcampselisis\/wp-json\/wp\/v2\/posts\/7544","targetHints":{"allow":["GET"]}}],"collection":[{"href":"https:\/\/agora.xtec.cat\/ceipcampselisis\/wp-json\/wp\/v2\/posts"}],"about":[{"href":"https:\/\/agora.xtec.cat\/ceipcampselisis\/wp-json\/wp\/v2\/types\/post"}],"author":[{"embeddable":true,"href":"https:\/\/agora.xtec.cat\/ceipcampselisis\/wp-json\/wp\/v2\/users\/3"}],"replies":[{"embeddable":true,"href":"https:\/\/agora.xtec.cat\/ceipcampselisis\/wp-json\/wp\/v2\/comments?post=7544"}],"version-history":[{"count":1,"href":"https:\/\/agora.xtec.cat\/ceipcampselisis\/wp-json\/wp\/v2\/posts\/7544\/revisions"}],"predecessor-version":[{"id":7546,"href":"https:\/\/agora.xtec.cat\/ceipcampselisis\/wp-json\/wp\/v2\/posts\/7544\/revisions\/7546"}],"wp:featuredmedia":[{"embeddable":true,"href":"https:\/\/agora.xtec.cat\/ceipcampselisis\/wp-json\/wp\/v2\/media\/7545"}],"wp:attachment":[{"href":"https:\/\/agora.xtec.cat\/ceipcampselisis\/wp-json\/wp\/v2\/media?parent=7544"}],"wp:term":[{"taxonomy":"category","embeddable":true,"href":"https:\/\/agora.xtec.cat\/ceipcampselisis\/wp-json\/wp\/v2\/categories?post=7544"},{"taxonomy":"post_tag","embeddable":true,"href":"https:\/\/agora.xtec.cat\/ceipcampselisis\/wp-json\/wp\/v2\/tags?post=7544"}],"curies":[{"name":"wp","href":"https:\/\/api.w.org\/{rel}","templated":true}]}}