{"id":7405,"date":"2022-03-31T11:24:31","date_gmt":"2022-03-31T09:24:31","guid":{"rendered":"https:\/\/agora.xtec.cat\/ceipcampselisis\/?p=7405"},"modified":"2022-03-31T11:24:31","modified_gmt":"2022-03-31T09:24:31","slug":"estrategies-dels-essers-vius-caixaforum-4t","status":"publish","type":"post","link":"https:\/\/agora.xtec.cat\/ceipcampselisis\/portada\/estrategies-dels-essers-vius-caixaforum-4t\/","title":{"rendered":"Estrat\u00e8gies dels \u00c9ssers Vius &#8211; CaixaF\u00f2rum 4t"},"content":{"rendered":"<p class=\"MsoNormal\" style=\"text-align: justify;\"><span lang=\"CA\" style=\"font-family: 'Arial','sans-serif'; mso-ansi-language: CA;\">L\u2019alumnat de 4t hem anat al CaixaForum per fer un taller anomenat Estrat\u00e8gies dels \u00e9ssers vius. <\/span><span style=\"font-family: Arial, 'sans-serif'; font-size: 1em;\">Amb aquesta activitat ens hem endinsat en el m\u00f3n dels \u00e9ssers vius per investigar les relacions que aquests tenen amb el medi que habiten. A trav\u00e9s de jocs i maquetes hem ent\u00e8s per qu\u00e8 l\u2019adaptaci\u00f3 a l\u2019entorn \u00e9s clau per la superviv\u00e8ncia. <\/span><span style=\"font-family: Arial, 'sans-serif'; font-size: 1em;\">Ha estat una experi\u00e8ncia molt divertida i gratificant ja que ens encanta fer de cient\u00edfics!<\/span><\/p>\n<p><a href=\"https:\/\/photos.app.goo.gl\/jDtK52f4LkjHnDqZ9\"><img loading=\"lazy\" decoding=\"async\" class=\"alignnone wp-image-7406 size-full\" src=\"https:\/\/agora.xtec.cat\/ceipcampselisis\/wp-content\/uploads\/usu884\/2022\/03\/IMG_20220207_121032-crop.jpg\" alt=\"\" width=\"1047\" height=\"700\" srcset=\"https:\/\/agora.xtec.cat\/ceipcampselisis\/wp-content\/uploads\/usu884\/2022\/03\/IMG_20220207_121032-crop.jpg 1047w, https:\/\/agora.xtec.cat\/ceipcampselisis\/wp-content\/uploads\/usu884\/2022\/03\/IMG_20220207_121032-crop-300x201.jpg 300w, https:\/\/agora.xtec.cat\/ceipcampselisis\/wp-content\/uploads\/usu884\/2022\/03\/IMG_20220207_121032-crop-1024x685.jpg 1024w, https:\/\/agora.xtec.cat\/ceipcampselisis\/wp-content\/uploads\/usu884\/2022\/03\/IMG_20220207_121032-crop-768x513.jpg 768w\" sizes=\"auto, (max-width: 1047px) 100vw, 1047px\" \/><\/a><\/p>\n","protected":false},"excerpt":{"rendered":"<p>L\u2019alumnat de 4t hem anat al CaixaForum per fer un taller anomenat Estrat\u00e8gies dels \u00e9ssers vius. Amb aquesta activitat ens hem endinsat en el m\u00f3n dels \u00e9ssers vius per investigar les relacions que aquests tenen amb el medi que habiten. A trav\u00e9s de jocs i maquetes hem ent\u00e8s per qu\u00e8 l\u2019adaptaci\u00f3 a l\u2019entorn \u00e9s clau [&hellip;]<\/p>\n","protected":false},"author":3,"featured_media":7406,"comment_status":"open","ping_status":"closed","sticky":false,"template":"","format":"standard","meta":{"_bbp_topic_count":0,"_bbp_reply_count":0,"_bbp_total_topic_count":0,"_bbp_total_reply_count":0,"_bbp_voice_count":0,"_bbp_anonymous_reply_count":0,"_bbp_topic_count_hidden":0,"_bbp_reply_count_hidden":0,"_bbp_forum_subforum_count":0,"site-sidebar-layout":"default","site-content-layout":"","ast-site-content-layout":"","site-content-style":"default","site-sidebar-style":"default","ast-global-header-display":"","ast-banner-title-visibility":"","ast-main-header-display":"","ast-hfb-above-header-display":"","ast-hfb-below-header-display":"","ast-hfb-mobile-header-display":"","site-post-title":"","ast-breadcrumbs-content":"","ast-featured-img":"","footer-sml-layout":"","theme-transparent-header-meta":"","adv-header-id-meta":"","stick-header-meta":"","header-above-stick-meta":"","header-main-stick-meta":"","header-below-stick-meta":"","astra-migrate-meta-layouts":"default","ast-page-background-enabled":"default","ast-page-background-meta":{"desktop":{"background-color":"var(--ast-global-color-4)","background-image":"","background-repeat":"repeat","background-position":"center center","background-size":"auto","background-attachment":"scroll","background-type":"","background-media":"","overlay-type":"","overlay-color":"","overlay-opacity":"","overlay-gradient":""},"tablet":{"background-color":"","background-image":"","background-repeat":"repeat","background-position":"center center","background-size":"auto","background-attachment":"scroll","background-type":"","background-media":"","overlay-type":"","overlay-color":"","overlay-opacity":"","overlay-gradient":""},"mobile":{"background-color":"","background-image":"","background-repeat":"repeat","background-position":"center center","background-size":"auto","background-attachment":"scroll","background-type":"","background-media":"","overlay-type":"","overlay-color":"","overlay-opacity":"","overlay-gradient":""}},"ast-content-background-meta":{"desktop":{"background-color":"var(--ast-global-color-5)","background-image":"","background-repeat":"repeat","background-position":"center center","background-size":"auto","background-attachment":"scroll","background-type":"","background-media":"","overlay-type":"","overlay-color":"","overlay-opacity":"","overlay-gradient":""},"tablet":{"background-color":"var(--ast-global-color-5)","background-image":"","background-repeat":"repeat","background-position":"center center","background-size":"auto","background-attachment":"scroll","background-type":"","background-media":"","overlay-type":"","overlay-color":"","overlay-opacity":"","overlay-gradient":""},"mobile":{"background-color":"var(--ast-global-color-5)","background-image":"","background-repeat":"repeat","background-position":"center center","background-size":"auto","background-attachment":"scroll","background-type":"","background-media":"","overlay-type":"","overlay-color":"","overlay-opacity":"","overlay-gradient":""}},"footnotes":""},"categories":[15,85,4,44],"tags":[159],"class_list":["post-7405","post","type-post","status-publish","format-standard","has-post-thumbnail","hentry","category-5e-primaria","category-bones-practiques-educacio-primaria","category-portada","category-sortides","tag-bones-practiques-pri"],"post_mailing_queue_ids":[],"_links":{"self":[{"href":"https:\/\/agora.xtec.cat\/ceipcampselisis\/wp-json\/wp\/v2\/posts\/7405","targetHints":{"allow":["GET"]}}],"collection":[{"href":"https:\/\/agora.xtec.cat\/ceipcampselisis\/wp-json\/wp\/v2\/posts"}],"about":[{"href":"https:\/\/agora.xtec.cat\/ceipcampselisis\/wp-json\/wp\/v2\/types\/post"}],"author":[{"embeddable":true,"href":"https:\/\/agora.xtec.cat\/ceipcampselisis\/wp-json\/wp\/v2\/users\/3"}],"replies":[{"embeddable":true,"href":"https:\/\/agora.xtec.cat\/ceipcampselisis\/wp-json\/wp\/v2\/comments?post=7405"}],"version-history":[{"count":1,"href":"https:\/\/agora.xtec.cat\/ceipcampselisis\/wp-json\/wp\/v2\/posts\/7405\/revisions"}],"predecessor-version":[{"id":7407,"href":"https:\/\/agora.xtec.cat\/ceipcampselisis\/wp-json\/wp\/v2\/posts\/7405\/revisions\/7407"}],"wp:featuredmedia":[{"embeddable":true,"href":"https:\/\/agora.xtec.cat\/ceipcampselisis\/wp-json\/wp\/v2\/media\/7406"}],"wp:attachment":[{"href":"https:\/\/agora.xtec.cat\/ceipcampselisis\/wp-json\/wp\/v2\/media?parent=7405"}],"wp:term":[{"taxonomy":"category","embeddable":true,"href":"https:\/\/agora.xtec.cat\/ceipcampselisis\/wp-json\/wp\/v2\/categories?post=7405"},{"taxonomy":"post_tag","embeddable":true,"href":"https:\/\/agora.xtec.cat\/ceipcampselisis\/wp-json\/wp\/v2\/tags?post=7405"}],"curies":[{"name":"wp","href":"https:\/\/api.w.org\/{rel}","templated":true}]}}