{"id":7337,"date":"2022-03-17T11:51:46","date_gmt":"2022-03-17T10:51:46","guid":{"rendered":"https:\/\/agora.xtec.cat\/ceipcampselisis\/?p=7337"},"modified":"2022-03-17T15:56:51","modified_gmt":"2022-03-17T14:56:51","slug":"taller-el-xipi-va-a-lescola-1r-2n-3r","status":"publish","type":"post","link":"https:\/\/agora.xtec.cat\/ceipcampselisis\/portada\/taller-el-xipi-va-a-lescola-1r-2n-3r\/","title":{"rendered":"Taller \u201cEl XIPI va a l\u2019escola\u201d &#8211; 1r \/ 2n \/ 3r"},"content":{"rendered":"<p>Les alumnes i els alumnes de la Comunitat de Mitjans de l\u2019Escola Camps Elisis hem realitzat el taller \u201cEl Xipi va a l\u2019escola\u201d del Projecte Tan Amics del Consell de Col\u00b7legis de Veterinaris de Catalunya.<\/p>\n<p>Ens ha visitat la veterin\u00e0ria Al\u00e8xia Falc\u00f3 amb la seva gosseta Miga. Hem apr\u00e8s moltes coses sobre la tinen\u00e7a responsable d\u2019animals de companyia, la necessitat de posar-los el xip per identificar-los i com els cuidem. Ens ha agradat molt tenir una gosseta com la Miga entre nosaltres.<\/p>\n<p><em><a href=\"https:\/\/photos.app.goo.gl\/nwnEWc1PkQ5o6MSq6\">Fotos 1r<\/a><\/em><\/p>\n<p><a href=\"https:\/\/photos.app.goo.gl\/nwnEWc1PkQ5o6MSq6\"><img loading=\"lazy\" decoding=\"async\" class=\"alignnone wp-image-7338\" src=\"https:\/\/agora.xtec.cat\/ceipcampselisis\/wp-content\/uploads\/usu884\/2022\/03\/1r-crop.jpg\" alt=\"\" width=\"650\" height=\"460\" srcset=\"https:\/\/agora.xtec.cat\/ceipcampselisis\/wp-content\/uploads\/usu884\/2022\/03\/1r-crop.jpg 918w, https:\/\/agora.xtec.cat\/ceipcampselisis\/wp-content\/uploads\/usu884\/2022\/03\/1r-crop-300x212.jpg 300w, https:\/\/agora.xtec.cat\/ceipcampselisis\/wp-content\/uploads\/usu884\/2022\/03\/1r-crop-768x544.jpg 768w\" sizes=\"auto, (max-width: 650px) 100vw, 650px\" \/><\/a><\/p>\n<p><a href=\"https:\/\/photos.app.goo.gl\/4jidPr1aVpKtdW8r8\"><em>Fotos 2n<\/em><\/a><\/p>\n<p><a href=\"https:\/\/photos.app.goo.gl\/4jidPr1aVpKtdW8r8\"><img loading=\"lazy\" decoding=\"async\" class=\"alignnone wp-image-7339\" src=\"https:\/\/agora.xtec.cat\/ceipcampselisis\/wp-content\/uploads\/usu884\/2022\/03\/2n.jpg\" alt=\"\" width=\"650\" height=\"669\" srcset=\"https:\/\/agora.xtec.cat\/ceipcampselisis\/wp-content\/uploads\/usu884\/2022\/03\/2n.jpg 642w, https:\/\/agora.xtec.cat\/ceipcampselisis\/wp-content\/uploads\/usu884\/2022\/03\/2n-291x300.jpg 291w\" sizes=\"auto, (max-width: 650px) 100vw, 650px\" \/><\/a><\/p>\n<p><a href=\"https:\/\/photos.app.goo.gl\/NtpSVruByWTRN6cA7\"><em>Fotos 3r<\/em><\/a><\/p>\n<p><a href=\"https:\/\/photos.app.goo.gl\/NtpSVruByWTRN6cA7\"><img loading=\"lazy\" decoding=\"async\" class=\"alignnone wp-image-7340\" src=\"https:\/\/agora.xtec.cat\/ceipcampselisis\/wp-content\/uploads\/usu884\/2022\/03\/3r-crop.jpg\" alt=\"\" width=\"650\" height=\"588\" srcset=\"https:\/\/agora.xtec.cat\/ceipcampselisis\/wp-content\/uploads\/usu884\/2022\/03\/3r-crop.jpg 568w, https:\/\/agora.xtec.cat\/ceipcampselisis\/wp-content\/uploads\/usu884\/2022\/03\/3r-crop-300x271.jpg 300w\" sizes=\"auto, (max-width: 650px) 100vw, 650px\" \/><\/a><\/p>\n<p>Un mitj\u00e0 de comunicaci\u00f3 de Lleida ciutat ha vingut a veure com f\u00e8iem el taller i ens han fet una petita <a href=\"https:\/\/drive.google.com\/file\/d\/1hdUMAlXeYZrtFzD8CK28wuVtsDqQurh_\/view?usp=sharing\">entrevista<\/a>:<\/p>\n<p><a href=\"https:\/\/drive.google.com\/file\/d\/1hdUMAlXeYZrtFzD8CK28wuVtsDqQurh_\/view?usp=sharing\"><img loading=\"lazy\" decoding=\"async\" class=\"alignnone wp-image-7342\" src=\"https:\/\/agora.xtec.cat\/ceipcampselisis\/wp-content\/uploads\/usu884\/2022\/03\/Sin-titulo-2.png\" alt=\"\" width=\"650\" height=\"405\" srcset=\"https:\/\/agora.xtec.cat\/ceipcampselisis\/wp-content\/uploads\/usu884\/2022\/03\/Sin-titulo-2.png 531w, https:\/\/agora.xtec.cat\/ceipcampselisis\/wp-content\/uploads\/usu884\/2022\/03\/Sin-titulo-2-300x187.png 300w\" sizes=\"auto, (max-width: 650px) 100vw, 650px\" \/><\/a><\/p>\n<p>En ho hem passat d\u2019all\u00f2 m\u00e9s b\u00e9!!<\/p>\n","protected":false},"excerpt":{"rendered":"<p>Les alumnes i els alumnes de la Comunitat de Mitjans de l\u2019Escola Camps Elisis hem realitzat el taller \u201cEl Xipi va a l\u2019escola\u201d del Projecte Tan Amics del Consell de Col\u00b7legis de Veterinaris de Catalunya. Ens ha visitat la veterin\u00e0ria Al\u00e8xia Falc\u00f3 amb la seva gosseta Miga. Hem apr\u00e8s moltes coses sobre la tinen\u00e7a responsable [&hellip;]<\/p>\n","protected":false},"author":3,"featured_media":7339,"comment_status":"open","ping_status":"closed","sticky":false,"template":"","format":"standard","meta":{"_bbp_topic_count":0,"_bbp_reply_count":0,"_bbp_total_topic_count":0,"_bbp_total_reply_count":0,"_bbp_voice_count":0,"_bbp_anonymous_reply_count":0,"_bbp_topic_count_hidden":0,"_bbp_reply_count_hidden":0,"_bbp_forum_subforum_count":0,"site-sidebar-layout":"default","site-content-layout":"","ast-site-content-layout":"","site-content-style":"default","site-sidebar-style":"default","ast-global-header-display":"","ast-banner-title-visibility":"","ast-main-header-display":"","ast-hfb-above-header-display":"","ast-hfb-below-header-display":"","ast-hfb-mobile-header-display":"","site-post-title":"","ast-breadcrumbs-content":"","ast-featured-img":"","footer-sml-layout":"","theme-transparent-header-meta":"","adv-header-id-meta":"","stick-header-meta":"","header-above-stick-meta":"","header-main-stick-meta":"","header-below-stick-meta":"","astra-migrate-meta-layouts":"default","ast-page-background-enabled":"default","ast-page-background-meta":{"desktop":{"background-color":"var(--ast-global-color-4)","background-image":"","background-repeat":"repeat","background-position":"center center","background-size":"auto","background-attachment":"scroll","background-type":"","background-media":"","overlay-type":"","overlay-color":"","overlay-opacity":"","overlay-gradient":""},"tablet":{"background-color":"","background-image":"","background-repeat":"repeat","background-position":"center center","background-size":"auto","background-attachment":"scroll","background-type":"","background-media":"","overlay-type":"","overlay-color":"","overlay-opacity":"","overlay-gradient":""},"mobile":{"background-color":"","background-image":"","background-repeat":"repeat","background-position":"center center","background-size":"auto","background-attachment":"scroll","background-type":"","background-media":"","overlay-type":"","overlay-color":"","overlay-opacity":"","overlay-gradient":""}},"ast-content-background-meta":{"desktop":{"background-color":"var(--ast-global-color-5)","background-image":"","background-repeat":"repeat","background-position":"center center","background-size":"auto","background-attachment":"scroll","background-type":"","background-media":"","overlay-type":"","overlay-color":"","overlay-opacity":"","overlay-gradient":""},"tablet":{"background-color":"var(--ast-global-color-5)","background-image":"","background-repeat":"repeat","background-position":"center center","background-size":"auto","background-attachment":"scroll","background-type":"","background-media":"","overlay-type":"","overlay-color":"","overlay-opacity":"","overlay-gradient":""},"mobile":{"background-color":"var(--ast-global-color-5)","background-image":"","background-repeat":"repeat","background-position":"center center","background-size":"auto","background-attachment":"scroll","background-type":"","background-media":"","overlay-type":"","overlay-color":"","overlay-opacity":"","overlay-gradient":""}},"footnotes":""},"categories":[10,11,12,85,4],"tags":[159],"class_list":["post-7337","post","type-post","status-publish","format-standard","has-post-thumbnail","hentry","category-2na-primaria","category-3rb-primaria","category-4ta-primaria","category-bones-practiques-educacio-primaria","category-portada","tag-bones-practiques-pri"],"post_mailing_queue_ids":[],"_links":{"self":[{"href":"https:\/\/agora.xtec.cat\/ceipcampselisis\/wp-json\/wp\/v2\/posts\/7337","targetHints":{"allow":["GET"]}}],"collection":[{"href":"https:\/\/agora.xtec.cat\/ceipcampselisis\/wp-json\/wp\/v2\/posts"}],"about":[{"href":"https:\/\/agora.xtec.cat\/ceipcampselisis\/wp-json\/wp\/v2\/types\/post"}],"author":[{"embeddable":true,"href":"https:\/\/agora.xtec.cat\/ceipcampselisis\/wp-json\/wp\/v2\/users\/3"}],"replies":[{"embeddable":true,"href":"https:\/\/agora.xtec.cat\/ceipcampselisis\/wp-json\/wp\/v2\/comments?post=7337"}],"version-history":[{"count":3,"href":"https:\/\/agora.xtec.cat\/ceipcampselisis\/wp-json\/wp\/v2\/posts\/7337\/revisions"}],"predecessor-version":[{"id":7345,"href":"https:\/\/agora.xtec.cat\/ceipcampselisis\/wp-json\/wp\/v2\/posts\/7337\/revisions\/7345"}],"wp:featuredmedia":[{"embeddable":true,"href":"https:\/\/agora.xtec.cat\/ceipcampselisis\/wp-json\/wp\/v2\/media\/7339"}],"wp:attachment":[{"href":"https:\/\/agora.xtec.cat\/ceipcampselisis\/wp-json\/wp\/v2\/media?parent=7337"}],"wp:term":[{"taxonomy":"category","embeddable":true,"href":"https:\/\/agora.xtec.cat\/ceipcampselisis\/wp-json\/wp\/v2\/categories?post=7337"},{"taxonomy":"post_tag","embeddable":true,"href":"https:\/\/agora.xtec.cat\/ceipcampselisis\/wp-json\/wp\/v2\/tags?post=7337"}],"curies":[{"name":"wp","href":"https:\/\/api.w.org\/{rel}","templated":true}]}}