{"id":7050,"date":"2021-12-17T15:22:58","date_gmt":"2021-12-17T14:22:58","guid":{"rendered":"https:\/\/agora.xtec.cat\/ceipcampselisis\/?p=7050"},"modified":"2021-12-17T18:21:16","modified_gmt":"2021-12-17T17:21:16","slug":"el-nostre-decaleg-ja-llueix-a-les-places-de-cappont","status":"publish","type":"post","link":"https:\/\/agora.xtec.cat\/ceipcampselisis\/portada\/el-nostre-decaleg-ja-llueix-a-les-places-de-cappont\/","title":{"rendered":"El nostre Dec\u00e0leg ja llueix a les places de Cappont"},"content":{"rendered":"<p><span class=\"css-901oao css-16my406 r-poiln3 r-bcqeeo r-qvutc0\">Avui, la Paeria de Lleida<\/span><span class=\"css-901oao css-16my406 r-poiln3 r-bcqeeo r-qvutc0\"> ha col\u00b7locat al barri de Cappont dos panells del dec\u00e0leg &#8220;Constru\u00efm espais d&#8217;aprenentatge i salut&#8221; realitzats a finals del curs passat pels alumnes de cicle mitj\u00e0 <\/span><span style=\"font-family: inherit; font-size: 1em;\">en el marc del Projecte Magnet <\/span><span class=\"css-901oao css-16my406 r-poiln3 r-bcqeeo r-qvutc0\">amb el qual col\u00b7labora el\u00a0<\/span><span class=\"r-18u37iz\">Col\u00b7legi d&#8217;Arquitectes de Lleida.<\/span><\/p>\n<p><a href=\"https:\/\/photos.app.goo.gl\/7Vjsrbkz31Bv8AfK9\"><img loading=\"lazy\" decoding=\"async\" class=\"alignnone wp-image-7059 size-full\" src=\"https:\/\/agora.xtec.cat\/ceipcampselisis\/wp-content\/uploads\/usu884\/2021\/12\/Imatge_cat_50685-crop-min-scaled.jpg\" alt=\"\" width=\"2560\" height=\"1810\" srcset=\"https:\/\/agora.xtec.cat\/ceipcampselisis\/wp-content\/uploads\/usu884\/2021\/12\/Imatge_cat_50685-crop-min-scaled.jpg 2560w, https:\/\/agora.xtec.cat\/ceipcampselisis\/wp-content\/uploads\/usu884\/2021\/12\/Imatge_cat_50685-crop-min-300x212.jpg 300w, https:\/\/agora.xtec.cat\/ceipcampselisis\/wp-content\/uploads\/usu884\/2021\/12\/Imatge_cat_50685-crop-min-1024x724.jpg 1024w, https:\/\/agora.xtec.cat\/ceipcampselisis\/wp-content\/uploads\/usu884\/2021\/12\/Imatge_cat_50685-crop-min-768x543.jpg 768w, https:\/\/agora.xtec.cat\/ceipcampselisis\/wp-content\/uploads\/usu884\/2021\/12\/Imatge_cat_50685-crop-min-1536x1086.jpg 1536w, https:\/\/agora.xtec.cat\/ceipcampselisis\/wp-content\/uploads\/usu884\/2021\/12\/Imatge_cat_50685-crop-min-2048x1448.jpg 2048w\" sizes=\"auto, (max-width: 2560px) 100vw, 2560px\" \/><\/a><\/p>\n<p>Not\u00edcies Web <a href=\"https:\/\/paeria.cat\/cat\/ajuntament\/noticies.asp?Detall=True&amp;IdNoticia=36111&amp;Dia=-1&amp;Mes=-1&amp;Any=2021&amp;IdDepartament=-1&amp;TextCerca=&amp;Consulta=False&amp;PaginaAnterior=\/cat\/ajuntament\/noticies.asp&amp;Pagina=1\">Paeria.cat<\/a><\/p>\n","protected":false},"excerpt":{"rendered":"<p>Avui, la Paeria de Lleida ha col\u00b7locat al barri de Cappont dos panells del dec\u00e0leg &#8220;Constru\u00efm espais d&#8217;aprenentatge i salut&#8221; realitzats a finals del curs passat pels alumnes de cicle mitj\u00e0 en el marc del Projecte Magnet amb el qual col\u00b7labora el\u00a0Col\u00b7legi d&#8217;Arquitectes de Lleida. Not\u00edcies Web Paeria.cat<\/p>\n","protected":false},"author":3,"featured_media":7059,"comment_status":"open","ping_status":"closed","sticky":false,"template":"","format":"standard","meta":{"_bbp_topic_count":0,"_bbp_reply_count":0,"_bbp_total_topic_count":0,"_bbp_total_reply_count":0,"_bbp_voice_count":0,"_bbp_anonymous_reply_count":0,"_bbp_topic_count_hidden":0,"_bbp_reply_count_hidden":0,"_bbp_forum_subforum_count":0,"site-sidebar-layout":"default","site-content-layout":"","ast-site-content-layout":"","site-content-style":"default","site-sidebar-style":"default","ast-global-header-display":"","ast-banner-title-visibility":"","ast-main-header-display":"","ast-hfb-above-header-display":"","ast-hfb-below-header-display":"","ast-hfb-mobile-header-display":"","site-post-title":"","ast-breadcrumbs-content":"","ast-featured-img":"","footer-sml-layout":"","theme-transparent-header-meta":"","adv-header-id-meta":"","stick-header-meta":"","header-above-stick-meta":"","header-main-stick-meta":"","header-below-stick-meta":"","astra-migrate-meta-layouts":"default","ast-page-background-enabled":"default","ast-page-background-meta":{"desktop":{"background-color":"var(--ast-global-color-4)","background-image":"","background-repeat":"repeat","background-position":"center center","background-size":"auto","background-attachment":"scroll","background-type":"","background-media":"","overlay-type":"","overlay-color":"","overlay-opacity":"","overlay-gradient":""},"tablet":{"background-color":"","background-image":"","background-repeat":"repeat","background-position":"center center","background-size":"auto","background-attachment":"scroll","background-type":"","background-media":"","overlay-type":"","overlay-color":"","overlay-opacity":"","overlay-gradient":""},"mobile":{"background-color":"","background-image":"","background-repeat":"repeat","background-position":"center center","background-size":"auto","background-attachment":"scroll","background-type":"","background-media":"","overlay-type":"","overlay-color":"","overlay-opacity":"","overlay-gradient":""}},"ast-content-background-meta":{"desktop":{"background-color":"var(--ast-global-color-5)","background-image":"","background-repeat":"repeat","background-position":"center center","background-size":"auto","background-attachment":"scroll","background-type":"","background-media":"","overlay-type":"","overlay-color":"","overlay-opacity":"","overlay-gradient":""},"tablet":{"background-color":"var(--ast-global-color-5)","background-image":"","background-repeat":"repeat","background-position":"center center","background-size":"auto","background-attachment":"scroll","background-type":"","background-media":"","overlay-type":"","overlay-color":"","overlay-opacity":"","overlay-gradient":""},"mobile":{"background-color":"var(--ast-global-color-5)","background-image":"","background-repeat":"repeat","background-position":"center center","background-size":"auto","background-attachment":"scroll","background-type":"","background-media":"","overlay-type":"","overlay-color":"","overlay-opacity":"","overlay-gradient":""}},"footnotes":""},"categories":[15,14,167,93,4,97],"tags":[168],"class_list":["post-7050","post","type-post","status-publish","format-standard","has-post-thumbnail","hentry","category-5e-primaria","category-6e-primaria","category-arquiescola","category-parc-dels-camps-elisis","category-portada","category-projectes-de-centre","tag-arquiescola"],"post_mailing_queue_ids":[],"_links":{"self":[{"href":"https:\/\/agora.xtec.cat\/ceipcampselisis\/wp-json\/wp\/v2\/posts\/7050","targetHints":{"allow":["GET"]}}],"collection":[{"href":"https:\/\/agora.xtec.cat\/ceipcampselisis\/wp-json\/wp\/v2\/posts"}],"about":[{"href":"https:\/\/agora.xtec.cat\/ceipcampselisis\/wp-json\/wp\/v2\/types\/post"}],"author":[{"embeddable":true,"href":"https:\/\/agora.xtec.cat\/ceipcampselisis\/wp-json\/wp\/v2\/users\/3"}],"replies":[{"embeddable":true,"href":"https:\/\/agora.xtec.cat\/ceipcampselisis\/wp-json\/wp\/v2\/comments?post=7050"}],"version-history":[{"count":3,"href":"https:\/\/agora.xtec.cat\/ceipcampselisis\/wp-json\/wp\/v2\/posts\/7050\/revisions"}],"predecessor-version":[{"id":7061,"href":"https:\/\/agora.xtec.cat\/ceipcampselisis\/wp-json\/wp\/v2\/posts\/7050\/revisions\/7061"}],"wp:featuredmedia":[{"embeddable":true,"href":"https:\/\/agora.xtec.cat\/ceipcampselisis\/wp-json\/wp\/v2\/media\/7059"}],"wp:attachment":[{"href":"https:\/\/agora.xtec.cat\/ceipcampselisis\/wp-json\/wp\/v2\/media?parent=7050"}],"wp:term":[{"taxonomy":"category","embeddable":true,"href":"https:\/\/agora.xtec.cat\/ceipcampselisis\/wp-json\/wp\/v2\/categories?post=7050"},{"taxonomy":"post_tag","embeddable":true,"href":"https:\/\/agora.xtec.cat\/ceipcampselisis\/wp-json\/wp\/v2\/tags?post=7050"}],"curies":[{"name":"wp","href":"https:\/\/api.w.org\/{rel}","templated":true}]}}