{"id":5714,"date":"2020-07-07T16:21:38","date_gmt":"2020-07-07T14:21:38","guid":{"rendered":"http:\/\/agora.xtec.cat\/ceipcampselisis\/?p=5714"},"modified":"2020-07-07T16:30:13","modified_gmt":"2020-07-07T14:30:13","slug":"matriculacio-curs-2020-2021","status":"publish","type":"post","link":"https:\/\/agora.xtec.cat\/ceipcampselisis\/portada\/matriculacio-curs-2020-2021\/","title":{"rendered":"MATRICULACI\u00d3 CURS 2020-2021"},"content":{"rendered":"<p>En aquest espai podeu trobar tot el que necessiteu pel per\u00edode de Matriculaci\u00f3 pel curs 2020-21:<\/p>\n<table style=\"width: 597px;\">\n<tbody>\n<tr>\n<td style=\"width: 175px;\"><a href=\"https:\/\/agora.xtec.cat\/ceipcampselisis\/wp-content\/uploads\/usu884\/2020\/07\/INFORME_OFERTA_OME_Definitiva.pdf\"><img loading=\"lazy\" decoding=\"async\" class=\"alignnone\" src=\"https:\/\/agora.xtec.cat\/ceipcampselisis\/wp-content\/uploads\/usu884\/2020\/05\/CUB-DESTACAT-WEB-PREINSCRIPCIO-2020-2021.jpg\" alt=\"\" width=\"380\" height=\"285\" \/><\/a><\/td>\n<td style=\"width: 195px;\"><a href=\"https:\/\/agora.xtec.cat\/ceipcampselisis\/wp-content\/uploads\/usu884\/2020\/07\/INFORME_PREINSCRITES_OME_INFORME_PREINSCRITES_OME.pdf\"><img loading=\"lazy\" decoding=\"async\" class=\"wp-image-5721 size-full alignnone\" src=\"https:\/\/agora.xtec.cat\/ceipcampselisis\/wp-content\/uploads\/usu884\/2020\/07\/unnamed.jpg\" alt=\"\" width=\"512\" height=\"384\" srcset=\"https:\/\/agora.xtec.cat\/ceipcampselisis\/wp-content\/uploads\/usu884\/2020\/07\/unnamed.jpg 512w, https:\/\/agora.xtec.cat\/ceipcampselisis\/wp-content\/uploads\/usu884\/2020\/07\/unnamed-300x225.jpg 300w, https:\/\/agora.xtec.cat\/ceipcampselisis\/wp-content\/uploads\/usu884\/2020\/07\/unnamed-200x150.jpg 200w\" sizes=\"auto, (max-width: 512px) 100vw, 512px\" \/><\/a><\/td>\n<td style=\"width: 217px;\"><a href=\"https:\/\/agora.xtec.cat\/ceipcampselisis\/wp-content\/uploads\/usu884\/2020\/07\/INFORME_ASSIGNADES_INFORME_ASSIGNADES.pdf\"><img loading=\"lazy\" decoding=\"async\" class=\"aligncenter wp-image-5720 size-medium\" src=\"https:\/\/agora.xtec.cat\/ceipcampselisis\/wp-content\/uploads\/usu884\/2020\/07\/preinscripcio_escolar_q-300x207.jpg\" alt=\"\" width=\"300\" height=\"207\" srcset=\"https:\/\/agora.xtec.cat\/ceipcampselisis\/wp-content\/uploads\/usu884\/2020\/07\/preinscripcio_escolar_q-300x207.jpg 300w, https:\/\/agora.xtec.cat\/ceipcampselisis\/wp-content\/uploads\/usu884\/2020\/07\/preinscripcio_escolar_q-768x530.jpg 768w, https:\/\/agora.xtec.cat\/ceipcampselisis\/wp-content\/uploads\/usu884\/2020\/07\/preinscripcio_escolar_q-1024x707.jpg 1024w, https:\/\/agora.xtec.cat\/ceipcampselisis\/wp-content\/uploads\/usu884\/2020\/07\/preinscripcio_escolar_q.jpg 1716w\" sizes=\"auto, (max-width: 300px) 100vw, 300px\" \/><\/a><\/td>\n<\/tr>\n<tr>\n<td style=\"width: 175px; text-align: center;\"><a href=\"https:\/\/agora.xtec.cat\/ceipcampselisis\/wp-content\/uploads\/usu884\/2020\/07\/INFORME_OFERTA_OME_Definitiva.pdf\">OFERTA DEFINITIVA PEL CURS 2020-2021<\/a><\/td>\n<td style=\"width: 195px; text-align: center;\"><a href=\"https:\/\/agora.xtec.cat\/ceipcampselisis\/wp-content\/uploads\/usu884\/2020\/07\/INFORME_PREINSCRITES_OME_INFORME_PREINSCRITES_OME.pdf\">ALUMNES PREINSCRITS AL CENTRE 07\/07\/2020<\/a><\/td>\n<td style=\"width: 217px; text-align: center;\"><a href=\"https:\/\/agora.xtec.cat\/ceipcampselisis\/wp-content\/uploads\/usu884\/2020\/07\/INFORME_ASSIGNADES_INFORME_ASSIGNADES.pdf\">ASSIGNACIONS AL CENTRE AMB PRIMERA PETICI\u00d3 A 07\/07\/2020<\/a><\/td>\n<\/tr>\n<\/tbody>\n<\/table>\n<table style=\"width: 601px;\">\n<tbody>\n<tr>\n<td style=\"width: 182px;\"><a href=\"https:\/\/agora.xtec.cat\/ceipcampselisis\/wp-content\/uploads\/usu884\/2020\/07\/INFORME_LLISTA_ESPERA_OME_LLISTA_ESPERA.pdf\"><img loading=\"lazy\" decoding=\"async\" class=\"aligncenter wp-image-5723\" src=\"https:\/\/agora.xtec.cat\/ceipcampselisis\/wp-content\/uploads\/usu884\/2020\/07\/tiempo-espera-alarma-reloj-cerca-ilustracion-vectorial_24908-36286.jpg\" alt=\"\" width=\"151\" height=\"137\" srcset=\"https:\/\/agora.xtec.cat\/ceipcampselisis\/wp-content\/uploads\/usu884\/2020\/07\/tiempo-espera-alarma-reloj-cerca-ilustracion-vectorial_24908-36286.jpg 626w, https:\/\/agora.xtec.cat\/ceipcampselisis\/wp-content\/uploads\/usu884\/2020\/07\/tiempo-espera-alarma-reloj-cerca-ilustracion-vectorial_24908-36286-300x272.jpg 300w\" sizes=\"auto, (max-width: 151px) 100vw, 151px\" \/><\/a><\/td>\n<td style=\"width: 197px;\"><a href=\"https:\/\/aplicacions.gestioeducativa.gencat.cat\/pls\/apex\/f?p=CITA_PREVIA:4::::4:P4_TIPUS_CALENDARI,P4_DOMINI:03_Oblig,25002064 \"><img loading=\"lazy\" decoding=\"async\" class=\"alignnone wp-image-5496 size-full\" src=\"https:\/\/agora.xtec.cat\/ceipcampselisis\/wp-content\/uploads\/usu884\/2020\/05\/180601-logo-cita-pr\u00e8via-WEB_.jpg\" alt=\"\" width=\"350\" height=\"210\" srcset=\"https:\/\/agora.xtec.cat\/ceipcampselisis\/wp-content\/uploads\/usu884\/2020\/05\/180601-logo-cita-pr\u00e8via-WEB_.jpg 350w, https:\/\/agora.xtec.cat\/ceipcampselisis\/wp-content\/uploads\/usu884\/2020\/05\/180601-logo-cita-pr\u00e8via-WEB_-300x180.jpg 300w\" sizes=\"auto, (max-width: 350px) 100vw, 350px\" \/><\/a><\/td>\n<td style=\"width: 212px;\"><a href=\"https:\/\/agora.xtec.cat\/ceipcampselisis\/wp-content\/uploads\/usu884\/2020\/05\/Magnet-Escola-Camps-Elisis-D\u00edptic-versi\u00f3-escola.pdf\"><img loading=\"lazy\" decoding=\"async\" class=\"aligncenter wp-image-5451\" src=\"https:\/\/agora.xtec.cat\/ceipcampselisis\/wp-content\/uploads\/usu884\/2020\/05\/Sense-t\u00edtol-1024x740.png\" alt=\"\" width=\"175\" height=\"126\" srcset=\"https:\/\/agora.xtec.cat\/ceipcampselisis\/wp-content\/uploads\/usu884\/2020\/05\/Sense-t\u00edtol-1024x740.png 1024w, https:\/\/agora.xtec.cat\/ceipcampselisis\/wp-content\/uploads\/usu884\/2020\/05\/Sense-t\u00edtol-300x217.png 300w, https:\/\/agora.xtec.cat\/ceipcampselisis\/wp-content\/uploads\/usu884\/2020\/05\/Sense-t\u00edtol-768x555.png 768w, https:\/\/agora.xtec.cat\/ceipcampselisis\/wp-content\/uploads\/usu884\/2020\/05\/Sense-t\u00edtol.png 1728w\" sizes=\"auto, (max-width: 175px) 100vw, 175px\" \/><\/a><\/td>\n<\/tr>\n<tr>\n<td style=\"width: 182px; text-align: center;\"><a href=\"https:\/\/agora.xtec.cat\/ceipcampselisis\/wp-content\/uploads\/usu884\/2020\/07\/INFORME_LLISTA_ESPERA_OME_LLISTA_ESPERA.pdf\">LLISTA D&#8217;ESPERA AL CENTRE A 07\/07\/2020<\/a><\/td>\n<td style=\"width: 197px;\"><a href=\"https:\/\/aplicacions.gestioeducativa.gencat.cat\/pls\/apex\/f?p=CITA_PREVIA:4::::4:P4_TIPUS_CALENDARI,P4_DOMINI:01_Oblig,25002064\">SOL\u00b7LICITUD CITA PR\u00c8VIA<\/a><\/td>\n<td style=\"width: 212px; text-align: center;\"><a href=\"https:\/\/agora.xtec.cat\/ceipcampselisis\/wp-content\/uploads\/usu884\/2020\/05\/Magnet-Escola-Camps-Elisis-D\u00edptic-versi\u00f3-escola.pdf\">FULL INFORMATIU ESCOLA CAMPS ELISIS<\/a><\/td>\n<\/tr>\n<\/tbody>\n<\/table>\n<table style=\"height: 70px; width: 607px;\" width=\"596\">\n<tbody>\n<tr>\n<td style=\"width: 181px;\"><a href=\"https:\/\/agora.xtec.cat\/ceipcampselisis\/wp-content\/uploads\/usu884\/2020\/05\/Carta-Comprom\u00eds-Educatiu.pdf\"><img loading=\"lazy\" decoding=\"async\" class=\"alignnone wp-image-5455 \" src=\"https:\/\/agora.xtec.cat\/ceipcampselisis\/wp-content\/uploads\/usu884\/2020\/05\/cartacedu-1024x740.jpg\" alt=\"\" width=\"189\" height=\"137\" srcset=\"https:\/\/agora.xtec.cat\/ceipcampselisis\/wp-content\/uploads\/usu884\/2020\/05\/cartacedu-1024x740.jpg 1024w, https:\/\/agora.xtec.cat\/ceipcampselisis\/wp-content\/uploads\/usu884\/2020\/05\/cartacedu-300x217.jpg 300w, https:\/\/agora.xtec.cat\/ceipcampselisis\/wp-content\/uploads\/usu884\/2020\/05\/cartacedu-768x555.jpg 768w\" sizes=\"auto, (max-width: 189px) 100vw, 189px\" \/><\/a><\/td>\n<td style=\"width: 204px;\"><a href=\"https:\/\/agora.xtec.cat\/ceipcampselisis\/wp-content\/uploads\/usu884\/2020\/05\/Fulleto-Instruccions-Preinscripci\u00f3-2020-21.pdf\"><img loading=\"lazy\" decoding=\"async\" class=\"aligncenter wp-image-5452\" src=\"https:\/\/agora.xtec.cat\/ceipcampselisis\/wp-content\/uploads\/usu884\/2020\/05\/baixa-1024x740.jpg\" alt=\"\" width=\"194\" height=\"141\" srcset=\"https:\/\/agora.xtec.cat\/ceipcampselisis\/wp-content\/uploads\/usu884\/2020\/05\/baixa-1024x740.jpg 1024w, https:\/\/agora.xtec.cat\/ceipcampselisis\/wp-content\/uploads\/usu884\/2020\/05\/baixa-300x217.jpg 300w, https:\/\/agora.xtec.cat\/ceipcampselisis\/wp-content\/uploads\/usu884\/2020\/05\/baixa-768x555.jpg 768w\" sizes=\"auto, (max-width: 194px) 100vw, 194px\" \/><\/a><\/td>\n<td style=\"width: 212px;\"><\/td>\n<\/tr>\n<tr>\n<td style=\"width: 181px; text-align: center;\"><a href=\"https:\/\/agora.xtec.cat\/ceipcampselisis\/wp-content\/uploads\/usu884\/2020\/05\/Carta-Comprom\u00eds-Educatiu.pdf\">CARTA DE COMPROM\u00cdS EDUCATIU<\/a><\/td>\n<td style=\"width: 204px; text-align: center;\"><a href=\"https:\/\/agora.xtec.cat\/ceipcampselisis\/wp-content\/uploads\/usu884\/2020\/05\/Fulleto-Instruccions-Preinscripci\u00f3-2020-21.pdf\">INSTRUCCIONS PER LA PREINSCRIPCI\u00d3<\/a><\/td>\n<td style=\"width: 212px; text-align: center;\"><\/td>\n<\/tr>\n<\/tbody>\n<\/table>\n<p><img loading=\"lazy\" decoding=\"async\" class=\"alignnone wp-image-5713\" src=\"https:\/\/agora.xtec.cat\/ceipcampselisis\/wp-content\/uploads\/usu884\/2020\/06\/matriculacio-1024x512.jpg\" alt=\"\" width=\"609\" height=\"305\" srcset=\"https:\/\/agora.xtec.cat\/ceipcampselisis\/wp-content\/uploads\/usu884\/2020\/06\/matriculacio-1024x512.jpg 1024w, https:\/\/agora.xtec.cat\/ceipcampselisis\/wp-content\/uploads\/usu884\/2020\/06\/matriculacio-300x150.jpg 300w, https:\/\/agora.xtec.cat\/ceipcampselisis\/wp-content\/uploads\/usu884\/2020\/06\/matriculacio-768x384.jpg 768w\" sizes=\"auto, (max-width: 609px) 100vw, 609px\" \/><\/p>\n<p>&nbsp;<\/p>\n","protected":false},"excerpt":{"rendered":"<p>En aquest espai podeu trobar tot el que necessiteu pel per\u00edode de Matriculaci\u00f3 pel curs 2020-21: OFERTA DEFINITIVA PEL CURS 2020-2021 ALUMNES PREINSCRITS AL CENTRE 07\/07\/2020 ASSIGNACIONS AL CENTRE AMB PRIMERA PETICI\u00d3 A 07\/07\/2020 LLISTA D&#8217;ESPERA AL CENTRE A 07\/07\/2020 SOL\u00b7LICITUD CITA PR\u00c8VIA FULL INFORMATIU ESCOLA CAMPS ELISIS CARTA DE COMPROM\u00cdS EDUCATIU INSTRUCCIONS PER LA [&hellip;]<\/p>\n","protected":false},"author":3,"featured_media":5713,"comment_status":"open","ping_status":"closed","sticky":false,"template":"","format":"standard","meta":{"_bbp_topic_count":0,"_bbp_reply_count":0,"_bbp_total_topic_count":0,"_bbp_total_reply_count":0,"_bbp_voice_count":0,"_bbp_anonymous_reply_count":0,"_bbp_topic_count_hidden":0,"_bbp_reply_count_hidden":0,"_bbp_forum_subforum_count":0,"site-sidebar-layout":"default","site-content-layout":"","ast-site-content-layout":"","site-content-style":"default","site-sidebar-style":"default","ast-global-header-display":"","ast-banner-title-visibility":"","ast-main-header-display":"","ast-hfb-above-header-display":"","ast-hfb-below-header-display":"","ast-hfb-mobile-header-display":"","site-post-title":"","ast-breadcrumbs-content":"","ast-featured-img":"","footer-sml-layout":"","theme-transparent-header-meta":"","adv-header-id-meta":"","stick-header-meta":"","header-above-stick-meta":"","header-main-stick-meta":"","header-below-stick-meta":"","astra-migrate-meta-layouts":"default","ast-page-background-enabled":"default","ast-page-background-meta":{"desktop":{"background-color":"var(--ast-global-color-4)","background-image":"","background-repeat":"repeat","background-position":"center center","background-size":"auto","background-attachment":"scroll","background-type":"","background-media":"","overlay-type":"","overlay-color":"","overlay-opacity":"","overlay-gradient":""},"tablet":{"background-color":"","background-image":"","background-repeat":"repeat","background-position":"center center","background-size":"auto","background-attachment":"scroll","background-type":"","background-media":"","overlay-type":"","overlay-color":"","overlay-opacity":"","overlay-gradient":""},"mobile":{"background-color":"","background-image":"","background-repeat":"repeat","background-position":"center center","background-size":"auto","background-attachment":"scroll","background-type":"","background-media":"","overlay-type":"","overlay-color":"","overlay-opacity":"","overlay-gradient":""}},"ast-content-background-meta":{"desktop":{"background-color":"var(--ast-global-color-5)","background-image":"","background-repeat":"repeat","background-position":"center center","background-size":"auto","background-attachment":"scroll","background-type":"","background-media":"","overlay-type":"","overlay-color":"","overlay-opacity":"","overlay-gradient":""},"tablet":{"background-color":"var(--ast-global-color-5)","background-image":"","background-repeat":"repeat","background-position":"center center","background-size":"auto","background-attachment":"scroll","background-type":"","background-media":"","overlay-type":"","overlay-color":"","overlay-opacity":"","overlay-gradient":""},"mobile":{"background-color":"var(--ast-global-color-5)","background-image":"","background-repeat":"repeat","background-position":"center center","background-size":"auto","background-attachment":"scroll","background-type":"","background-media":"","overlay-type":"","overlay-color":"","overlay-opacity":"","overlay-gradient":""}},"footnotes":""},"categories":[4],"tags":[],"class_list":["post-5714","post","type-post","status-publish","format-standard","has-post-thumbnail","hentry","category-portada"],"post_mailing_queue_ids":[],"_links":{"self":[{"href":"https:\/\/agora.xtec.cat\/ceipcampselisis\/wp-json\/wp\/v2\/posts\/5714","targetHints":{"allow":["GET"]}}],"collection":[{"href":"https:\/\/agora.xtec.cat\/ceipcampselisis\/wp-json\/wp\/v2\/posts"}],"about":[{"href":"https:\/\/agora.xtec.cat\/ceipcampselisis\/wp-json\/wp\/v2\/types\/post"}],"author":[{"embeddable":true,"href":"https:\/\/agora.xtec.cat\/ceipcampselisis\/wp-json\/wp\/v2\/users\/3"}],"replies":[{"embeddable":true,"href":"https:\/\/agora.xtec.cat\/ceipcampselisis\/wp-json\/wp\/v2\/comments?post=5714"}],"version-history":[{"count":3,"href":"https:\/\/agora.xtec.cat\/ceipcampselisis\/wp-json\/wp\/v2\/posts\/5714\/revisions"}],"predecessor-version":[{"id":5727,"href":"https:\/\/agora.xtec.cat\/ceipcampselisis\/wp-json\/wp\/v2\/posts\/5714\/revisions\/5727"}],"wp:featuredmedia":[{"embeddable":true,"href":"https:\/\/agora.xtec.cat\/ceipcampselisis\/wp-json\/wp\/v2\/media\/5713"}],"wp:attachment":[{"href":"https:\/\/agora.xtec.cat\/ceipcampselisis\/wp-json\/wp\/v2\/media?parent=5714"}],"wp:term":[{"taxonomy":"category","embeddable":true,"href":"https:\/\/agora.xtec.cat\/ceipcampselisis\/wp-json\/wp\/v2\/categories?post=5714"},{"taxonomy":"post_tag","embeddable":true,"href":"https:\/\/agora.xtec.cat\/ceipcampselisis\/wp-json\/wp\/v2\/tags?post=5714"}],"curies":[{"name":"wp","href":"https:\/\/api.w.org\/{rel}","templated":true}]}}