{"id":2043,"date":"2017-02-07T16:32:16","date_gmt":"2017-02-07T15:32:16","guid":{"rendered":"http:\/\/agora.xtec.cat\/ceipcampselisis\/?p=2043"},"modified":"2017-07-07T16:35:16","modified_gmt":"2017-07-07T14:35:16","slug":"amb-bicicleta-a-lescola-comencem","status":"publish","type":"post","link":"https:\/\/agora.xtec.cat\/ceipcampselisis\/projecte-mediambiental-a-lentorn-dels-camps-elisis\/amb-bicicleta-a-lescola-comencem\/","title":{"rendered":"Amb bicicleta a l\u2019escola. Comencem!"},"content":{"rendered":"<p align=\"justify\">El 10 d\u2019abril, tot just tornar de vacances de Setmana Santa, hem obert portes per venir a l\u2019escola amb bicicleta. De moment els alumnes de Prim\u00e0ria, en espera d\u2019acabar la instal\u2022laci\u00f3 de l&#8217;aparca-bicicletes pels d\u2019Infantil. Els inicis han estat marcats amb dies meteorol\u00f2gicament inestables, per\u00f2 amb la millora del temps s\u2019ha incrementat el nombre d\u2019usuaris.<\/p>\n<p align=\"justify\">Cal destacar les millores de mobilitat que ens ha fet la Paeria. Connectar el carril bici de l\u2019Av. Garrigues amb les entrades de l\u2019escola, refor\u00e7ar la senyalitzaci\u00f3 de zona 30, protegir el pas de peatons de la cantonada del carrer Santa Cec\u00edlia amb l\u2019Av. Garrigues i instal\u2022lar aparcabicis al pati. Anirem progressant en aquestes millores i analitzant les necessitats que puguin anar sorgint. Animeu-vos! La bicicleta no contamina i ens millora la salut!<\/p>\n<table style=\"width: 67.6516%;\">\n<tbody>\n<tr>\n<td style=\"width: 20%;\" align=\"center\"><a href=\"http:\/\/www.xtec.cat\/ceipcampselisis\/altres\/diptic-bici.pdf\">D\u00edptic Bicicleta<\/a><\/td>\n<td style=\"width: 22%;\" align=\"center\"><a href=\"http:\/\/www.xtec.cat\/ceipcampselisis\/altres\/PlanolCarrilbiciCappont.jpg\">Pl\u00e0nol Carril Bici Cappont<\/a><\/td>\n<td style=\"width: 22.6516%;\" align=\"center\"><a href=\"http:\/\/www.xtec.cat\/ceipcampselisis\/altres\/carril-bici.pdf\">Not\u00edcia Diari Segre<\/a><\/td>\n<\/tr>\n<\/tbody>\n<\/table>\n<p><a href=\"http:\/\/www.xtec.cat\/ceipcampselisis\/agenda21-bicicleta\/\"><img loading=\"lazy\" decoding=\"async\" class=\"alignnone wp-image-2044 \" src=\"http:\/\/agora.xtec.cat\/ceipcampselisis\/wp-content\/uploads\/usu884\/2017\/07\/bicicleta.jpg\" alt=\"bicicleta\" width=\"400\" height=\"397\" srcset=\"https:\/\/agora.xtec.cat\/ceipcampselisis\/wp-content\/uploads\/usu884\/2017\/07\/bicicleta.jpg 296w, https:\/\/agora.xtec.cat\/ceipcampselisis\/wp-content\/uploads\/usu884\/2017\/07\/bicicleta-150x150.jpg 150w\" sizes=\"auto, (max-width: 400px) 100vw, 400px\" \/><\/a><\/p>\n","protected":false},"excerpt":{"rendered":"<p>El 10 d\u2019abril, tot just tornar de vacances de Setmana Santa, hem obert portes per venir a l\u2019escola amb bicicleta. De moment els alumnes de Prim\u00e0ria, en espera d\u2019acabar la instal\u2022laci\u00f3 de l&#8217;aparca-bicicletes pels d\u2019Infantil. Els inicis han estat marcats amb dies meteorol\u00f2gicament inestables, per\u00f2 amb la millora del temps s\u2019ha incrementat el nombre d\u2019usuaris. [&hellip;]<\/p>\n","protected":false},"author":3,"featured_media":2044,"comment_status":"open","ping_status":"closed","sticky":false,"template":"","format":"standard","meta":{"_bbp_topic_count":0,"_bbp_reply_count":0,"_bbp_total_topic_count":0,"_bbp_total_reply_count":0,"_bbp_voice_count":0,"_bbp_anonymous_reply_count":0,"_bbp_topic_count_hidden":0,"_bbp_reply_count_hidden":0,"_bbp_forum_subforum_count":0,"site-sidebar-layout":"default","site-content-layout":"","ast-site-content-layout":"","site-content-style":"default","site-sidebar-style":"default","ast-global-header-display":"","ast-banner-title-visibility":"","ast-main-header-display":"","ast-hfb-above-header-display":"","ast-hfb-below-header-display":"","ast-hfb-mobile-header-display":"","site-post-title":"","ast-breadcrumbs-content":"","ast-featured-img":"","footer-sml-layout":"","theme-transparent-header-meta":"","adv-header-id-meta":"","stick-header-meta":"","header-above-stick-meta":"","header-main-stick-meta":"","header-below-stick-meta":"","astra-migrate-meta-layouts":"default","ast-page-background-enabled":"default","ast-page-background-meta":{"desktop":{"background-color":"var(--ast-global-color-4)","background-image":"","background-repeat":"repeat","background-position":"center center","background-size":"auto","background-attachment":"scroll","background-type":"","background-media":"","overlay-type":"","overlay-color":"","overlay-opacity":"","overlay-gradient":""},"tablet":{"background-color":"","background-image":"","background-repeat":"repeat","background-position":"center center","background-size":"auto","background-attachment":"scroll","background-type":"","background-media":"","overlay-type":"","overlay-color":"","overlay-opacity":"","overlay-gradient":""},"mobile":{"background-color":"","background-image":"","background-repeat":"repeat","background-position":"center center","background-size":"auto","background-attachment":"scroll","background-type":"","background-media":"","overlay-type":"","overlay-color":"","overlay-opacity":"","overlay-gradient":""}},"ast-content-background-meta":{"desktop":{"background-color":"var(--ast-global-color-5)","background-image":"","background-repeat":"repeat","background-position":"center center","background-size":"auto","background-attachment":"scroll","background-type":"","background-media":"","overlay-type":"","overlay-color":"","overlay-opacity":"","overlay-gradient":""},"tablet":{"background-color":"var(--ast-global-color-5)","background-image":"","background-repeat":"repeat","background-position":"center center","background-size":"auto","background-attachment":"scroll","background-type":"","background-media":"","overlay-type":"","overlay-color":"","overlay-opacity":"","overlay-gradient":""},"mobile":{"background-color":"var(--ast-global-color-5)","background-image":"","background-repeat":"repeat","background-position":"center center","background-size":"auto","background-attachment":"scroll","background-type":"","background-media":"","overlay-type":"","overlay-color":"","overlay-opacity":"","overlay-gradient":""}},"footnotes":""},"categories":[61],"tags":[153],"class_list":["post-2043","post","type-post","status-publish","format-standard","has-post-thumbnail","hentry","category-projecte-mediambiental-a-lentorn-dels-camps-elisis","tag-mediambientals"],"post_mailing_queue_ids":[],"_links":{"self":[{"href":"https:\/\/agora.xtec.cat\/ceipcampselisis\/wp-json\/wp\/v2\/posts\/2043","targetHints":{"allow":["GET"]}}],"collection":[{"href":"https:\/\/agora.xtec.cat\/ceipcampselisis\/wp-json\/wp\/v2\/posts"}],"about":[{"href":"https:\/\/agora.xtec.cat\/ceipcampselisis\/wp-json\/wp\/v2\/types\/post"}],"author":[{"embeddable":true,"href":"https:\/\/agora.xtec.cat\/ceipcampselisis\/wp-json\/wp\/v2\/users\/3"}],"replies":[{"embeddable":true,"href":"https:\/\/agora.xtec.cat\/ceipcampselisis\/wp-json\/wp\/v2\/comments?post=2043"}],"version-history":[{"count":1,"href":"https:\/\/agora.xtec.cat\/ceipcampselisis\/wp-json\/wp\/v2\/posts\/2043\/revisions"}],"predecessor-version":[{"id":2045,"href":"https:\/\/agora.xtec.cat\/ceipcampselisis\/wp-json\/wp\/v2\/posts\/2043\/revisions\/2045"}],"wp:featuredmedia":[{"embeddable":true,"href":"https:\/\/agora.xtec.cat\/ceipcampselisis\/wp-json\/wp\/v2\/media\/2044"}],"wp:attachment":[{"href":"https:\/\/agora.xtec.cat\/ceipcampselisis\/wp-json\/wp\/v2\/media?parent=2043"}],"wp:term":[{"taxonomy":"category","embeddable":true,"href":"https:\/\/agora.xtec.cat\/ceipcampselisis\/wp-json\/wp\/v2\/categories?post=2043"},{"taxonomy":"post_tag","embeddable":true,"href":"https:\/\/agora.xtec.cat\/ceipcampselisis\/wp-json\/wp\/v2\/tags?post=2043"}],"curies":[{"name":"wp","href":"https:\/\/api.w.org\/{rel}","templated":true}]}}