{"id":1969,"date":"2017-04-06T20:25:58","date_gmt":"2017-04-06T18:25:58","guid":{"rendered":"http:\/\/agora.xtec.cat\/ceipcampselisis\/?p=1969"},"modified":"2017-07-06T20:27:47","modified_gmt":"2017-07-06T18:27:47","slug":"el-nadal-aula-dee","status":"publish","type":"post","link":"https:\/\/agora.xtec.cat\/ceipcampselisis\/ambit-linguistic-llengua-catalana\/el-nadal-aula-dee\/","title":{"rendered":"El Nadal &#8211; Aula d&#8217;EE"},"content":{"rendered":"<p>A l\u2019aula d\u2019educaci\u00f3 especial hem treballat el camp sem\u00e0ntic del Nadal. Entre tots i totes hem elaborat un llistat de paraules a partir d\u2019una pluja d\u2019idees i de lectures que hem treballat. Els alumnes m\u00e9s petits les han escrit i els m\u00e9s grans han fet una classificaci\u00f3 de noms, adjectius i verbs i han constru\u00eft frases. Entre totes les paraules hem fet una selecci\u00f3 per enganxar-les a la porta de l\u2019aula Treballant junts, petits i grans, ampliem tots el vocabulari !<\/p>\n<p><a href=\"https:\/\/photos.google.com\/share\/AF1QipMrGKMVhPk82Z3ou9-K6n6NMchhnX-L7areItpiKKJ87ga_0DP1YwqZ9Udl4PWluQ?key=M1ZzLW1LVW1ST0d3aFV5ZU5iSVVkbC1iMjNwc3d3\"><img loading=\"lazy\" decoding=\"async\" class=\"alignnone wp-image-1970 size-full\" src=\"http:\/\/agora.xtec.cat\/ceipcampselisis\/wp-content\/uploads\/usu884\/2017\/07\/nadal-ee.jpg\" alt=\"nadal-ee\" width=\"709\" height=\"512\" srcset=\"https:\/\/agora.xtec.cat\/ceipcampselisis\/wp-content\/uploads\/usu884\/2017\/07\/nadal-ee.jpg 709w, https:\/\/agora.xtec.cat\/ceipcampselisis\/wp-content\/uploads\/usu884\/2017\/07\/nadal-ee-300x217.jpg 300w\" sizes=\"auto, (max-width: 709px) 100vw, 709px\" \/><\/a><\/p>\n","protected":false},"excerpt":{"rendered":"<p>A l\u2019aula d\u2019educaci\u00f3 especial hem treballat el camp sem\u00e0ntic del Nadal. Entre tots i totes hem elaborat un llistat de paraules a partir d\u2019una pluja d\u2019idees i de lectures que hem treballat. Els alumnes m\u00e9s petits les han escrit i els m\u00e9s grans han fet una classificaci\u00f3 de noms, adjectius i verbs i han constru\u00eft [&hellip;]<\/p>\n","protected":false},"author":3,"featured_media":1970,"comment_status":"open","ping_status":"closed","sticky":false,"template":"","format":"standard","meta":{"_bbp_topic_count":0,"_bbp_reply_count":0,"_bbp_total_topic_count":0,"_bbp_total_reply_count":0,"_bbp_voice_count":0,"_bbp_anonymous_reply_count":0,"_bbp_topic_count_hidden":0,"_bbp_reply_count_hidden":0,"_bbp_forum_subforum_count":0,"site-sidebar-layout":"default","site-content-layout":"","ast-site-content-layout":"","site-content-style":"default","site-sidebar-style":"default","ast-global-header-display":"","ast-banner-title-visibility":"","ast-main-header-display":"","ast-hfb-above-header-display":"","ast-hfb-below-header-display":"","ast-hfb-mobile-header-display":"","site-post-title":"","ast-breadcrumbs-content":"","ast-featured-img":"","footer-sml-layout":"","theme-transparent-header-meta":"","adv-header-id-meta":"","stick-header-meta":"","header-above-stick-meta":"","header-main-stick-meta":"","header-below-stick-meta":"","astra-migrate-meta-layouts":"default","ast-page-background-enabled":"default","ast-page-background-meta":{"desktop":{"background-color":"var(--ast-global-color-4)","background-image":"","background-repeat":"repeat","background-position":"center center","background-size":"auto","background-attachment":"scroll","background-type":"","background-media":"","overlay-type":"","overlay-color":"","overlay-opacity":"","overlay-gradient":""},"tablet":{"background-color":"","background-image":"","background-repeat":"repeat","background-position":"center center","background-size":"auto","background-attachment":"scroll","background-type":"","background-media":"","overlay-type":"","overlay-color":"","overlay-opacity":"","overlay-gradient":""},"mobile":{"background-color":"","background-image":"","background-repeat":"repeat","background-position":"center center","background-size":"auto","background-attachment":"scroll","background-type":"","background-media":"","overlay-type":"","overlay-color":"","overlay-opacity":"","overlay-gradient":""}},"ast-content-background-meta":{"desktop":{"background-color":"var(--ast-global-color-5)","background-image":"","background-repeat":"repeat","background-position":"center center","background-size":"auto","background-attachment":"scroll","background-type":"","background-media":"","overlay-type":"","overlay-color":"","overlay-opacity":"","overlay-gradient":""},"tablet":{"background-color":"var(--ast-global-color-5)","background-image":"","background-repeat":"repeat","background-position":"center center","background-size":"auto","background-attachment":"scroll","background-type":"","background-media":"","overlay-type":"","overlay-color":"","overlay-opacity":"","overlay-gradient":""},"mobile":{"background-color":"var(--ast-global-color-5)","background-image":"","background-repeat":"repeat","background-position":"center center","background-size":"auto","background-attachment":"scroll","background-type":"","background-media":"","overlay-type":"","overlay-color":"","overlay-opacity":"","overlay-gradient":""}},"footnotes":""},"categories":[66],"tags":[144],"class_list":["post-1969","post","type-post","status-publish","format-standard","has-post-thumbnail","hentry","category-ambit-linguistic-llengua-catalana","tag-bones-practiques-catala"],"post_mailing_queue_ids":[],"_links":{"self":[{"href":"https:\/\/agora.xtec.cat\/ceipcampselisis\/wp-json\/wp\/v2\/posts\/1969","targetHints":{"allow":["GET"]}}],"collection":[{"href":"https:\/\/agora.xtec.cat\/ceipcampselisis\/wp-json\/wp\/v2\/posts"}],"about":[{"href":"https:\/\/agora.xtec.cat\/ceipcampselisis\/wp-json\/wp\/v2\/types\/post"}],"author":[{"embeddable":true,"href":"https:\/\/agora.xtec.cat\/ceipcampselisis\/wp-json\/wp\/v2\/users\/3"}],"replies":[{"embeddable":true,"href":"https:\/\/agora.xtec.cat\/ceipcampselisis\/wp-json\/wp\/v2\/comments?post=1969"}],"version-history":[{"count":1,"href":"https:\/\/agora.xtec.cat\/ceipcampselisis\/wp-json\/wp\/v2\/posts\/1969\/revisions"}],"predecessor-version":[{"id":1971,"href":"https:\/\/agora.xtec.cat\/ceipcampselisis\/wp-json\/wp\/v2\/posts\/1969\/revisions\/1971"}],"wp:featuredmedia":[{"embeddable":true,"href":"https:\/\/agora.xtec.cat\/ceipcampselisis\/wp-json\/wp\/v2\/media\/1970"}],"wp:attachment":[{"href":"https:\/\/agora.xtec.cat\/ceipcampselisis\/wp-json\/wp\/v2\/media?parent=1969"}],"wp:term":[{"taxonomy":"category","embeddable":true,"href":"https:\/\/agora.xtec.cat\/ceipcampselisis\/wp-json\/wp\/v2\/categories?post=1969"},{"taxonomy":"post_tag","embeddable":true,"href":"https:\/\/agora.xtec.cat\/ceipcampselisis\/wp-json\/wp\/v2\/tags?post=1969"}],"curies":[{"name":"wp","href":"https:\/\/api.w.org\/{rel}","templated":true}]}}