{"id":11636,"date":"2026-05-01T19:02:23","date_gmt":"2026-05-01T17:02:23","guid":{"rendered":"https:\/\/agora.xtec.cat\/ceipcampselisis\/?p=11636"},"modified":"2026-05-01T19:02:23","modified_gmt":"2026-05-01T17:02:23","slug":"visita-al-museu-de-laigua-de-lleida","status":"publish","type":"post","link":"https:\/\/agora.xtec.cat\/ceipcampselisis\/portada\/visita-al-museu-de-laigua-de-lleida\/","title":{"rendered":"Visita al Museu de l\u2019Aigua de Lleida"},"content":{"rendered":"\n<p>El divendres 24 d\u2019abril, els nens i les nenes de 1r vam visitar el Museu de l\u2019Aigua de Lleida. Un grup va jugar una estona al parc abans d\u2019entrar, mentre que l\u2019altre grup ho va fer despr\u00e9s de la visita.<\/p>\n\n\n\n<p>Un cop a dins, ens van ensenyar una col\u00b7lecci\u00f3 d\u2019ampolles d\u2019aigua de diferents pa\u00efsos del m\u00f3n, que ens va semblar molt interessant. Despr\u00e9s, vam anar a una altra sala, on vam descobrir com funciona el cicle de l\u2019aigua i vam fer diversos experiments.<\/p>\n\n\n\n<p>Va ser una sortida molt divertida i vam descobrir moltes coses!<\/p>\n\n\n\n<figure class=\"wp-block-image size-large\"><a href=\"https:\/\/drive.google.com\/drive\/folders\/1uSUwZcayr9By8iGqvbe8AcCt7_CWqvHo?usp=sharing\"><img loading=\"lazy\" decoding=\"async\" width=\"1024\" height=\"768\" src=\"https:\/\/agora.xtec.cat\/ceipcampselisis\/wp-content\/uploads\/usu884\/2026\/05\/IMG_0480-1-1024x768.jpg\" alt=\"\" class=\"wp-image-11637\" srcset=\"https:\/\/agora.xtec.cat\/ceipcampselisis\/wp-content\/uploads\/usu884\/2026\/05\/IMG_0480-1-1024x768.jpg 1024w, https:\/\/agora.xtec.cat\/ceipcampselisis\/wp-content\/uploads\/usu884\/2026\/05\/IMG_0480-1-300x225.jpg 300w, https:\/\/agora.xtec.cat\/ceipcampselisis\/wp-content\/uploads\/usu884\/2026\/05\/IMG_0480-1-768x576.jpg 768w, https:\/\/agora.xtec.cat\/ceipcampselisis\/wp-content\/uploads\/usu884\/2026\/05\/IMG_0480-1-1536x1152.jpg 1536w, https:\/\/agora.xtec.cat\/ceipcampselisis\/wp-content\/uploads\/usu884\/2026\/05\/IMG_0480-1-2048x1536.jpg 2048w\" sizes=\"auto, (max-width: 1024px) 100vw, 1024px\" \/><\/a><\/figure>\n","protected":false},"excerpt":{"rendered":"<p>El divendres 24 d\u2019abril, els nens i les nenes de 1r vam visitar el Museu de l\u2019Aigua de Lleida. Un grup va jugar una estona al parc abans d\u2019entrar, mentre que l\u2019altre grup ho va fer despr\u00e9s de la visita. Un cop a dins, ens van ensenyar una col\u00b7lecci\u00f3 d\u2019ampolles d\u2019aigua de diferents pa\u00efsos del [&hellip;]<\/p>\n","protected":false},"author":3,"featured_media":11637,"comment_status":"open","ping_status":"open","sticky":false,"template":"","format":"standard","meta":{"_bbp_topic_count":0,"_bbp_reply_count":0,"_bbp_total_topic_count":0,"_bbp_total_reply_count":0,"_bbp_voice_count":0,"_bbp_anonymous_reply_count":0,"_bbp_topic_count_hidden":0,"_bbp_reply_count_hidden":0,"_bbp_forum_subforum_count":0,"site-sidebar-layout":"default","site-content-layout":"","ast-site-content-layout":"default","site-content-style":"default","site-sidebar-style":"default","ast-global-header-display":"","ast-banner-title-visibility":"","ast-main-header-display":"","ast-hfb-above-header-display":"","ast-hfb-below-header-display":"","ast-hfb-mobile-header-display":"","site-post-title":"","ast-breadcrumbs-content":"","ast-featured-img":"","footer-sml-layout":"","theme-transparent-header-meta":"","adv-header-id-meta":"","stick-header-meta":"","header-above-stick-meta":"","header-main-stick-meta":"","header-below-stick-meta":"","astra-migrate-meta-layouts":"set","ast-page-background-enabled":"default","ast-page-background-meta":{"desktop":{"background-color":"var(--ast-global-color-4)","background-image":"","background-repeat":"repeat","background-position":"center center","background-size":"auto","background-attachment":"scroll","background-type":"","background-media":"","overlay-type":"","overlay-color":"","overlay-opacity":"","overlay-gradient":""},"tablet":{"background-color":"","background-image":"","background-repeat":"repeat","background-position":"center center","background-size":"auto","background-attachment":"scroll","background-type":"","background-media":"","overlay-type":"","overlay-color":"","overlay-opacity":"","overlay-gradient":""},"mobile":{"background-color":"","background-image":"","background-repeat":"repeat","background-position":"center center","background-size":"auto","background-attachment":"scroll","background-type":"","background-media":"","overlay-type":"","overlay-color":"","overlay-opacity":"","overlay-gradient":""}},"ast-content-background-meta":{"desktop":{"background-color":"var(--ast-global-color-5)","background-image":"","background-repeat":"repeat","background-position":"center center","background-size":"auto","background-attachment":"scroll","background-type":"","background-media":"","overlay-type":"","overlay-color":"","overlay-opacity":"","overlay-gradient":""},"tablet":{"background-color":"var(--ast-global-color-5)","background-image":"","background-repeat":"repeat","background-position":"center center","background-size":"auto","background-attachment":"scroll","background-type":"","background-media":"","overlay-type":"","overlay-color":"","overlay-opacity":"","overlay-gradient":""},"mobile":{"background-color":"var(--ast-global-color-5)","background-image":"","background-repeat":"repeat","background-position":"center center","background-size":"auto","background-attachment":"scroll","background-type":"","background-media":"","overlay-type":"","overlay-color":"","overlay-opacity":"","overlay-gradient":""}},"footnotes":""},"categories":[9,197,70,85,4,44],"tags":[],"class_list":["post-11636","post","type-post","status-publish","format-standard","has-post-thumbnail","hentry","category-1ra","category-1rb","category-ambit-coneixement-del-medi","category-bones-practiques-educacio-primaria","category-portada","category-sortides"],"post_mailing_queue_ids":[],"_links":{"self":[{"href":"https:\/\/agora.xtec.cat\/ceipcampselisis\/wp-json\/wp\/v2\/posts\/11636","targetHints":{"allow":["GET"]}}],"collection":[{"href":"https:\/\/agora.xtec.cat\/ceipcampselisis\/wp-json\/wp\/v2\/posts"}],"about":[{"href":"https:\/\/agora.xtec.cat\/ceipcampselisis\/wp-json\/wp\/v2\/types\/post"}],"author":[{"embeddable":true,"href":"https:\/\/agora.xtec.cat\/ceipcampselisis\/wp-json\/wp\/v2\/users\/3"}],"replies":[{"embeddable":true,"href":"https:\/\/agora.xtec.cat\/ceipcampselisis\/wp-json\/wp\/v2\/comments?post=11636"}],"version-history":[{"count":1,"href":"https:\/\/agora.xtec.cat\/ceipcampselisis\/wp-json\/wp\/v2\/posts\/11636\/revisions"}],"predecessor-version":[{"id":11638,"href":"https:\/\/agora.xtec.cat\/ceipcampselisis\/wp-json\/wp\/v2\/posts\/11636\/revisions\/11638"}],"wp:featuredmedia":[{"embeddable":true,"href":"https:\/\/agora.xtec.cat\/ceipcampselisis\/wp-json\/wp\/v2\/media\/11637"}],"wp:attachment":[{"href":"https:\/\/agora.xtec.cat\/ceipcampselisis\/wp-json\/wp\/v2\/media?parent=11636"}],"wp:term":[{"taxonomy":"category","embeddable":true,"href":"https:\/\/agora.xtec.cat\/ceipcampselisis\/wp-json\/wp\/v2\/categories?post=11636"},{"taxonomy":"post_tag","embeddable":true,"href":"https:\/\/agora.xtec.cat\/ceipcampselisis\/wp-json\/wp\/v2\/tags?post=11636"}],"curies":[{"name":"wp","href":"https:\/\/api.w.org\/{rel}","templated":true}]}}