{"id":11623,"date":"2026-05-01T18:12:02","date_gmt":"2026-05-01T16:12:02","guid":{"rendered":"https:\/\/agora.xtec.cat\/ceipcampselisis\/?p=11623"},"modified":"2026-05-01T18:12:03","modified_gmt":"2026-05-01T16:12:03","slug":"visitem-la-seu-vella-5e","status":"publish","type":"post","link":"https:\/\/agora.xtec.cat\/ceipcampselisis\/portada\/visitem-la-seu-vella-5e\/","title":{"rendered":"Visitem la Seu Vella! &#8211; 5\u00e8"},"content":{"rendered":"\n<p>Els alumnes de 5\u00e8 de prim\u00e0ria han tingut l&#8217;oportunitat de visitar la Seu Vella de Lleida, un dels monuments m\u00e9s emblem\u00e0tics de la nostra ciutat. Durant la sortida, els nens i nenes han pogut con\u00e8ixer de prop la hist\u00f2ria, descobrint els seus racons, la seva arquitectura i el llegat cultural que representa per a tot el territori.<\/p>\n\n\n\n<p>Ha estat una jornada molt enriquidora que ha complementat els continguts treballats a l&#8217;aula i ha perm\u00e8s als alumnes connectar l&#8217;aprenentatge amb el patrimoni del nostre entorn m\u00e9s proper.<\/p>\n\n\n\n<figure class=\"wp-block-image size-large\"><a href=\"https:\/\/drive.google.com\/drive\/folders\/13MzHEhqZvY1U2CMbk_OKxZAwTtdzCuL7?usp=sharing\"><img loading=\"lazy\" decoding=\"async\" width=\"1024\" height=\"768\" src=\"https:\/\/agora.xtec.cat\/ceipcampselisis\/wp-content\/uploads\/usu884\/2026\/05\/20260416_103638-1-1024x768.jpg\" alt=\"\" class=\"wp-image-11624\" srcset=\"https:\/\/agora.xtec.cat\/ceipcampselisis\/wp-content\/uploads\/usu884\/2026\/05\/20260416_103638-1-1024x768.jpg 1024w, https:\/\/agora.xtec.cat\/ceipcampselisis\/wp-content\/uploads\/usu884\/2026\/05\/20260416_103638-1-300x225.jpg 300w, https:\/\/agora.xtec.cat\/ceipcampselisis\/wp-content\/uploads\/usu884\/2026\/05\/20260416_103638-1-768x576.jpg 768w, https:\/\/agora.xtec.cat\/ceipcampselisis\/wp-content\/uploads\/usu884\/2026\/05\/20260416_103638-1-1536x1152.jpg 1536w, https:\/\/agora.xtec.cat\/ceipcampselisis\/wp-content\/uploads\/usu884\/2026\/05\/20260416_103638-1-2048x1536.jpg 2048w\" sizes=\"auto, (max-width: 1024px) 100vw, 1024px\" \/><\/a><\/figure>\n","protected":false},"excerpt":{"rendered":"<p>Els alumnes de 5\u00e8 de prim\u00e0ria han tingut l&#8217;oportunitat de visitar la Seu Vella de Lleida, un dels monuments m\u00e9s emblem\u00e0tics de la nostra ciutat. Durant la sortida, els nens i nenes han pogut con\u00e8ixer de prop la hist\u00f2ria, descobrint els seus racons, la seva arquitectura i el llegat cultural que representa per a tot [&hellip;]<\/p>\n","protected":false},"author":3,"featured_media":11624,"comment_status":"open","ping_status":"open","sticky":false,"template":"","format":"standard","meta":{"_bbp_topic_count":0,"_bbp_reply_count":0,"_bbp_total_topic_count":0,"_bbp_total_reply_count":0,"_bbp_voice_count":0,"_bbp_anonymous_reply_count":0,"_bbp_topic_count_hidden":0,"_bbp_reply_count_hidden":0,"_bbp_forum_subforum_count":0,"site-sidebar-layout":"default","site-content-layout":"","ast-site-content-layout":"default","site-content-style":"default","site-sidebar-style":"default","ast-global-header-display":"","ast-banner-title-visibility":"","ast-main-header-display":"","ast-hfb-above-header-display":"","ast-hfb-below-header-display":"","ast-hfb-mobile-header-display":"","site-post-title":"","ast-breadcrumbs-content":"","ast-featured-img":"","footer-sml-layout":"","theme-transparent-header-meta":"","adv-header-id-meta":"","stick-header-meta":"","header-above-stick-meta":"","header-main-stick-meta":"","header-below-stick-meta":"","astra-migrate-meta-layouts":"set","ast-page-background-enabled":"default","ast-page-background-meta":{"desktop":{"background-color":"var(--ast-global-color-4)","background-image":"","background-repeat":"repeat","background-position":"center center","background-size":"auto","background-attachment":"scroll","background-type":"","background-media":"","overlay-type":"","overlay-color":"","overlay-opacity":"","overlay-gradient":""},"tablet":{"background-color":"","background-image":"","background-repeat":"repeat","background-position":"center center","background-size":"auto","background-attachment":"scroll","background-type":"","background-media":"","overlay-type":"","overlay-color":"","overlay-opacity":"","overlay-gradient":""},"mobile":{"background-color":"","background-image":"","background-repeat":"repeat","background-position":"center center","background-size":"auto","background-attachment":"scroll","background-type":"","background-media":"","overlay-type":"","overlay-color":"","overlay-opacity":"","overlay-gradient":""}},"ast-content-background-meta":{"desktop":{"background-color":"var(--ast-global-color-5)","background-image":"","background-repeat":"repeat","background-position":"center center","background-size":"auto","background-attachment":"scroll","background-type":"","background-media":"","overlay-type":"","overlay-color":"","overlay-opacity":"","overlay-gradient":""},"tablet":{"background-color":"var(--ast-global-color-5)","background-image":"","background-repeat":"repeat","background-position":"center center","background-size":"auto","background-attachment":"scroll","background-type":"","background-media":"","overlay-type":"","overlay-color":"","overlay-opacity":"","overlay-gradient":""},"mobile":{"background-color":"var(--ast-global-color-5)","background-image":"","background-repeat":"repeat","background-position":"center center","background-size":"auto","background-attachment":"scroll","background-type":"","background-media":"","overlay-type":"","overlay-color":"","overlay-opacity":"","overlay-gradient":""}},"footnotes":""},"categories":[15,85,90,4,44],"tags":[159],"class_list":["post-11623","post","type-post","status-publish","format-standard","has-post-thumbnail","hentry","category-5e-primaria","category-bones-practiques-educacio-primaria","category-la-seu-vella","category-portada","category-sortides","tag-bones-practiques-pri"],"post_mailing_queue_ids":[],"_links":{"self":[{"href":"https:\/\/agora.xtec.cat\/ceipcampselisis\/wp-json\/wp\/v2\/posts\/11623","targetHints":{"allow":["GET"]}}],"collection":[{"href":"https:\/\/agora.xtec.cat\/ceipcampselisis\/wp-json\/wp\/v2\/posts"}],"about":[{"href":"https:\/\/agora.xtec.cat\/ceipcampselisis\/wp-json\/wp\/v2\/types\/post"}],"author":[{"embeddable":true,"href":"https:\/\/agora.xtec.cat\/ceipcampselisis\/wp-json\/wp\/v2\/users\/3"}],"replies":[{"embeddable":true,"href":"https:\/\/agora.xtec.cat\/ceipcampselisis\/wp-json\/wp\/v2\/comments?post=11623"}],"version-history":[{"count":1,"href":"https:\/\/agora.xtec.cat\/ceipcampselisis\/wp-json\/wp\/v2\/posts\/11623\/revisions"}],"predecessor-version":[{"id":11625,"href":"https:\/\/agora.xtec.cat\/ceipcampselisis\/wp-json\/wp\/v2\/posts\/11623\/revisions\/11625"}],"wp:featuredmedia":[{"embeddable":true,"href":"https:\/\/agora.xtec.cat\/ceipcampselisis\/wp-json\/wp\/v2\/media\/11624"}],"wp:attachment":[{"href":"https:\/\/agora.xtec.cat\/ceipcampselisis\/wp-json\/wp\/v2\/media?parent=11623"}],"wp:term":[{"taxonomy":"category","embeddable":true,"href":"https:\/\/agora.xtec.cat\/ceipcampselisis\/wp-json\/wp\/v2\/categories?post=11623"},{"taxonomy":"post_tag","embeddable":true,"href":"https:\/\/agora.xtec.cat\/ceipcampselisis\/wp-json\/wp\/v2\/tags?post=11623"}],"curies":[{"name":"wp","href":"https:\/\/api.w.org\/{rel}","templated":true}]}}