{"id":11614,"date":"2026-05-01T17:50:43","date_gmt":"2026-05-01T15:50:43","guid":{"rendered":"https:\/\/agora.xtec.cat\/ceipcampselisis\/?p=11614"},"modified":"2026-05-01T17:50:44","modified_gmt":"2026-05-01T15:50:44","slug":"jornada-de-convivencia-i-diversio-a-vallclara","status":"publish","type":"post","link":"https:\/\/agora.xtec.cat\/ceipcampselisis\/portada\/jornada-de-convivencia-i-diversio-a-vallclara\/","title":{"rendered":"Jornada de conviv\u00e8ncia i diversi\u00f3 a Vallclara"},"content":{"rendered":"\n<p>El dimarts 14 d\u2019abril, els i les alumnes de la Comunitat de Mitjans -1r, 2n i 3r-  van anar a la casa de col\u00f2nies de Vallclara i s\u2019ho van passar d\u2019all\u00f2 m\u00e9s b\u00e9! Amb la festa major com a fil conductor, es van repartir en grups per participar en jocs de cucanyes i iniciar-se en ritmes de percussi\u00f3. Ritme, rialles i molta diversi\u00f3 en una jornada per recordar!<\/p>\n\n\n\n<figure class=\"wp-block-image size-large\"><a href=\"https:\/\/drive.google.com\/drive\/folders\/1f4XJRebX5ygsVKtk-41IZaRa0hCe98Ts?usp=sharing\"><img loading=\"lazy\" decoding=\"async\" width=\"1024\" height=\"576\" src=\"https:\/\/agora.xtec.cat\/ceipcampselisis\/wp-content\/uploads\/usu884\/2026\/05\/20260414_095006-1-1024x576.jpg\" alt=\"\" class=\"wp-image-11615\" srcset=\"https:\/\/agora.xtec.cat\/ceipcampselisis\/wp-content\/uploads\/usu884\/2026\/05\/20260414_095006-1-1024x576.jpg 1024w, https:\/\/agora.xtec.cat\/ceipcampselisis\/wp-content\/uploads\/usu884\/2026\/05\/20260414_095006-1-300x169.jpg 300w, https:\/\/agora.xtec.cat\/ceipcampselisis\/wp-content\/uploads\/usu884\/2026\/05\/20260414_095006-1-768x432.jpg 768w, https:\/\/agora.xtec.cat\/ceipcampselisis\/wp-content\/uploads\/usu884\/2026\/05\/20260414_095006-1-1536x864.jpg 1536w, https:\/\/agora.xtec.cat\/ceipcampselisis\/wp-content\/uploads\/usu884\/2026\/05\/20260414_095006-1-2048x1152.jpg 2048w\" sizes=\"auto, (max-width: 1024px) 100vw, 1024px\" \/><\/a><\/figure>\n","protected":false},"excerpt":{"rendered":"<p>El dimarts 14 d\u2019abril, els i les alumnes de la Comunitat de Mitjans -1r, 2n i 3r- van anar a la casa de col\u00f2nies de Vallclara i s\u2019ho van passar d\u2019all\u00f2 m\u00e9s b\u00e9! Amb la festa major com a fil conductor, es van repartir en grups per participar en jocs de cucanyes i iniciar-se en [&hellip;]<\/p>\n","protected":false},"author":3,"featured_media":11615,"comment_status":"open","ping_status":"open","sticky":false,"template":"","format":"standard","meta":{"_bbp_topic_count":0,"_bbp_reply_count":0,"_bbp_total_topic_count":0,"_bbp_total_reply_count":0,"_bbp_voice_count":0,"_bbp_anonymous_reply_count":0,"_bbp_topic_count_hidden":0,"_bbp_reply_count_hidden":0,"_bbp_forum_subforum_count":0,"site-sidebar-layout":"default","site-content-layout":"","ast-site-content-layout":"default","site-content-style":"default","site-sidebar-style":"default","ast-global-header-display":"","ast-banner-title-visibility":"","ast-main-header-display":"","ast-hfb-above-header-display":"","ast-hfb-below-header-display":"","ast-hfb-mobile-header-display":"","site-post-title":"","ast-breadcrumbs-content":"","ast-featured-img":"","footer-sml-layout":"","theme-transparent-header-meta":"","adv-header-id-meta":"","stick-header-meta":"","header-above-stick-meta":"","header-main-stick-meta":"","header-below-stick-meta":"","astra-migrate-meta-layouts":"set","ast-page-background-enabled":"default","ast-page-background-meta":{"desktop":{"background-color":"var(--ast-global-color-4)","background-image":"","background-repeat":"repeat","background-position":"center center","background-size":"auto","background-attachment":"scroll","background-type":"","background-media":"","overlay-type":"","overlay-color":"","overlay-opacity":"","overlay-gradient":""},"tablet":{"background-color":"","background-image":"","background-repeat":"repeat","background-position":"center center","background-size":"auto","background-attachment":"scroll","background-type":"","background-media":"","overlay-type":"","overlay-color":"","overlay-opacity":"","overlay-gradient":""},"mobile":{"background-color":"","background-image":"","background-repeat":"repeat","background-position":"center center","background-size":"auto","background-attachment":"scroll","background-type":"","background-media":"","overlay-type":"","overlay-color":"","overlay-opacity":"","overlay-gradient":""}},"ast-content-background-meta":{"desktop":{"background-color":"var(--ast-global-color-5)","background-image":"","background-repeat":"repeat","background-position":"center center","background-size":"auto","background-attachment":"scroll","background-type":"","background-media":"","overlay-type":"","overlay-color":"","overlay-opacity":"","overlay-gradient":""},"tablet":{"background-color":"var(--ast-global-color-5)","background-image":"","background-repeat":"repeat","background-position":"center center","background-size":"auto","background-attachment":"scroll","background-type":"","background-media":"","overlay-type":"","overlay-color":"","overlay-opacity":"","overlay-gradient":""},"mobile":{"background-color":"var(--ast-global-color-5)","background-image":"","background-repeat":"repeat","background-position":"center center","background-size":"auto","background-attachment":"scroll","background-type":"","background-media":"","overlay-type":"","overlay-color":"","overlay-opacity":"","overlay-gradient":""}},"footnotes":""},"categories":[9,197,10,202,214,11,4,44],"tags":[],"class_list":["post-11614","post","type-post","status-publish","format-standard","has-post-thumbnail","hentry","category-1ra","category-1rb","category-2na-primaria","category-2nb-primaria","category-3ra-primaria","category-3rb-primaria","category-portada","category-sortides"],"post_mailing_queue_ids":[],"_links":{"self":[{"href":"https:\/\/agora.xtec.cat\/ceipcampselisis\/wp-json\/wp\/v2\/posts\/11614","targetHints":{"allow":["GET"]}}],"collection":[{"href":"https:\/\/agora.xtec.cat\/ceipcampselisis\/wp-json\/wp\/v2\/posts"}],"about":[{"href":"https:\/\/agora.xtec.cat\/ceipcampselisis\/wp-json\/wp\/v2\/types\/post"}],"author":[{"embeddable":true,"href":"https:\/\/agora.xtec.cat\/ceipcampselisis\/wp-json\/wp\/v2\/users\/3"}],"replies":[{"embeddable":true,"href":"https:\/\/agora.xtec.cat\/ceipcampselisis\/wp-json\/wp\/v2\/comments?post=11614"}],"version-history":[{"count":1,"href":"https:\/\/agora.xtec.cat\/ceipcampselisis\/wp-json\/wp\/v2\/posts\/11614\/revisions"}],"predecessor-version":[{"id":11616,"href":"https:\/\/agora.xtec.cat\/ceipcampselisis\/wp-json\/wp\/v2\/posts\/11614\/revisions\/11616"}],"wp:featuredmedia":[{"embeddable":true,"href":"https:\/\/agora.xtec.cat\/ceipcampselisis\/wp-json\/wp\/v2\/media\/11615"}],"wp:attachment":[{"href":"https:\/\/agora.xtec.cat\/ceipcampselisis\/wp-json\/wp\/v2\/media?parent=11614"}],"wp:term":[{"taxonomy":"category","embeddable":true,"href":"https:\/\/agora.xtec.cat\/ceipcampselisis\/wp-json\/wp\/v2\/categories?post=11614"},{"taxonomy":"post_tag","embeddable":true,"href":"https:\/\/agora.xtec.cat\/ceipcampselisis\/wp-json\/wp\/v2\/tags?post=11614"}],"curies":[{"name":"wp","href":"https:\/\/api.w.org\/{rel}","templated":true}]}}