{"id":11598,"date":"2026-04-30T07:30:12","date_gmt":"2026-04-30T05:30:12","guid":{"rendered":"https:\/\/agora.xtec.cat\/ceipcampselisis\/?p=11598"},"modified":"2026-04-30T07:30:51","modified_gmt":"2026-04-30T05:30:51","slug":"lectures-compartides-setmana-cultural-2026","status":"publish","type":"post","link":"https:\/\/agora.xtec.cat\/ceipcampselisis\/comunitats\/petits\/lectures-compartides-setmana-cultural-2026\/","title":{"rendered":"LECTURES COMPARTIDES &#8211; SETMANA CULTURAL 2026"},"content":{"rendered":"\n<p>L\u2019escola ha viscut una de les cites m\u00e9s esperades del calendari: la <strong>Setmana Cultural de Sant Jordi.<\/strong> Enguany, el centre s&#8217;ha transformat en un formiguer d&#8217;hist\u00f2ries, llibres i aprenentatges compartits que han unit alumnes de totes les edats sota un objectiu com\u00fa: el plaer de llegir i escoltar.<\/p>\n\n\n\n<h3 class=\"wp-block-heading\">Lectura compartida: aprenent els uns dels altres<\/h3>\n\n\n\n<p>Un dels moments m\u00e9s emotius de la setmana han estat les sessions de <strong>lectura compartida<\/strong>. La biblioteca s\u2019ha omplert d&#8217;alumnes grans han fet de contacontes per als mitjans i els petits, i viceversa. Aquesta din\u00e0mica no nom\u00e9s fomenta el vincle entre les diferents comunitats de l&#8217;escola, sin\u00f3 que tamb\u00e9 refor\u00e7a la compet\u00e8ncia lectora i l&#8217;autoestima dels nostres infants d&#8217;una manera l\u00fadica i cooperativa.<\/p>\n\n\n\n<h3 class=\"wp-block-heading\">&#8220;Contes Rosa&#8221;: Literatura per a la igualtat<\/h3>\n\n\n\n<p>Sota el t\u00edtol <strong>\u201cContes Rosa\u201d<\/strong>, la tem\u00e0tica central d&#8217;aquesta setmana ha estat la tria de relats que busquen <strong>trencar estereotips<\/strong>. <\/p>\n\n\n\n<p>L&#8217;objectiu era clar: educar en la llibertat i el respecte, tot demostrant que la literatura \u00e9s una eina poderosa per imaginar mons m\u00e9s equitatius i sense prejudicis.<\/p>\n\n\n\n<h3 class=\"wp-block-heading\">La Biblioteca: El cor de la festa<\/h3>\n\n\n\n<p>Com no podia ser d&#8217;una altra manera, la biblioteca de l&#8217;escola ha estat el punt neur\u00e0lgic de les activitats. Coincidint amb la proximitat de la diada de <strong>Sant Jordi<\/strong>, s\u2019ha instal\u00b7lat una paradeta molt especial. En ella, l&#8217;alumnat ha pogut trobar:<\/p>\n\n\n\n<ul class=\"wp-block-list\">\n<li>Una selecci\u00f3 liter\u00e0ria relacionada amb la diada de Sant Jordi.<\/li>\n\n\n\n<li>L\u2019exposici\u00f3 dels &#8220;Contes Rosa&#8221; que s&#8217;han explicat i d&#8217;altres per poder agafar i treballar a les aules.<\/li>\n<\/ul>\n\n\n\n<p>Volem agrair a tot l&#8217;equip docent i, especialment, a l&#8217;equip de dinamitzaci\u00f3 lectora i a l&#8217;alumnat per la seva implicaci\u00f3 i entusiasme. Ha estat una setmana on hem recordat que, quan obrim un llibre, no nom\u00e9s llegim paraules, sin\u00f3 que obrim finestres a noves realitats.<\/p>\n\n\n\n<p><strong>No us perdeu la galeria de fotos de la setmana que trobareu a continuaci\u00f3!<\/strong><\/p>\n\n\n\n<figure class=\"wp-block-image aligncenter size-large\"><a href=\"https:\/\/drive.google.com\/drive\/folders\/1jgGY7DuqMl27NLEtYXLje6rT66FYTyqr?usp=drive_link\"><img loading=\"lazy\" decoding=\"async\" width=\"1024\" height=\"952\" src=\"https:\/\/agora.xtec.cat\/ceipcampselisis\/wp-content\/uploads\/usu884\/2026\/04\/4tA-llegint-a-I5-1024x952.png\" alt=\"\" class=\"wp-image-11599\" srcset=\"https:\/\/agora.xtec.cat\/ceipcampselisis\/wp-content\/uploads\/usu884\/2026\/04\/4tA-llegint-a-I5-1024x952.png 1024w, https:\/\/agora.xtec.cat\/ceipcampselisis\/wp-content\/uploads\/usu884\/2026\/04\/4tA-llegint-a-I5-300x279.png 300w, https:\/\/agora.xtec.cat\/ceipcampselisis\/wp-content\/uploads\/usu884\/2026\/04\/4tA-llegint-a-I5-768x714.png 768w, https:\/\/agora.xtec.cat\/ceipcampselisis\/wp-content\/uploads\/usu884\/2026\/04\/4tA-llegint-a-I5.png 1074w\" sizes=\"auto, (max-width: 1024px) 100vw, 1024px\" \/><\/a><\/figure>\n","protected":false},"excerpt":{"rendered":"<p>L\u2019escola ha viscut una de les cites m\u00e9s esperades del calendari: la Setmana Cultural de Sant Jordi. Enguany, el centre s&#8217;ha transformat en un formiguer d&#8217;hist\u00f2ries, llibres i aprenentatges compartits que han unit alumnes de totes les edats sota un objectiu com\u00fa: el plaer de llegir i escoltar. Lectura compartida: aprenent els uns dels altres [&hellip;]<\/p>\n","protected":false},"author":4,"featured_media":11599,"comment_status":"open","ping_status":"open","sticky":false,"template":"","format":"standard","meta":{"_bbp_topic_count":0,"_bbp_reply_count":0,"_bbp_total_topic_count":0,"_bbp_total_reply_count":0,"_bbp_voice_count":0,"_bbp_anonymous_reply_count":0,"_bbp_topic_count_hidden":0,"_bbp_reply_count_hidden":0,"_bbp_forum_subforum_count":0,"site-sidebar-layout":"no-sidebar","site-content-layout":"","ast-site-content-layout":"normal-width-container","site-content-style":"unboxed","site-sidebar-style":"default","ast-global-header-display":"","ast-banner-title-visibility":"","ast-main-header-display":"","ast-hfb-above-header-display":"","ast-hfb-below-header-display":"","ast-hfb-mobile-header-display":"","site-post-title":"","ast-breadcrumbs-content":"","ast-featured-img":"","footer-sml-layout":"","theme-transparent-header-meta":"","adv-header-id-meta":"","stick-header-meta":"","header-above-stick-meta":"","header-main-stick-meta":"","header-below-stick-meta":"","astra-migrate-meta-layouts":"set","ast-page-background-enabled":"default","ast-page-background-meta":{"desktop":{"background-color":"var(--ast-global-color-4)","background-image":"","background-repeat":"repeat","background-position":"center center","background-size":"auto","background-attachment":"scroll","background-type":"","background-media":"","overlay-type":"","overlay-color":"","overlay-opacity":"","overlay-gradient":""},"tablet":{"background-color":"","background-image":"","background-repeat":"repeat","background-position":"center center","background-size":"auto","background-attachment":"scroll","background-type":"","background-media":"","overlay-type":"","overlay-color":"","overlay-opacity":"","overlay-gradient":""},"mobile":{"background-color":"","background-image":"","background-repeat":"repeat","background-position":"center center","background-size":"auto","background-attachment":"scroll","background-type":"","background-media":"","overlay-type":"","overlay-color":"","overlay-opacity":"","overlay-gradient":""}},"ast-content-background-meta":{"desktop":{"background-color":"var(--ast-global-color-5)","background-image":"","background-repeat":"repeat","background-position":"center center","background-size":"auto","background-attachment":"scroll","background-type":"","background-media":"","overlay-type":"","overlay-color":"","overlay-opacity":"","overlay-gradient":""},"tablet":{"background-color":"var(--ast-global-color-5)","background-image":"","background-repeat":"repeat","background-position":"center center","background-size":"auto","background-attachment":"scroll","background-type":"","background-media":"","overlay-type":"","overlay-color":"","overlay-opacity":"","overlay-gradient":""},"mobile":{"background-color":"var(--ast-global-color-5)","background-image":"","background-repeat":"repeat","background-position":"center center","background-size":"auto","background-attachment":"scroll","background-type":"","background-media":"","overlay-type":"","overlay-color":"","overlay-opacity":"","overlay-gradient":""}},"footnotes":""},"categories":[9,197,10,202,214,11,12,224,15,14,63,307,101,71,100,84,85,279,278,2,113,89,227,230,231,3,173,8,183,102,4,103],"tags":[326,328,329,327,331,330,318,325],"class_list":["post-11598","post","type-post","status-publish","format-standard","has-post-thumbnail","hentry","category-1ra","category-1rb","category-2na-primaria","category-2nb-primaria","category-3ra-primaria","category-3rb-primaria","category-4ta-primaria","category-4tb-primaria","category-5e-primaria","category-6e-primaria","category-actes-i-celebracions","category-activitats-a-lescola","category-activitats-de-la-biblioteca","category-apadrinament-lector","category-biblioteca","category-bones-practiques-educacio-infantil","category-bones-practiques-educacio-primaria","category-grans","category-mitjans","category-petits","category-comunitats","category-cultura-popular","category-diari-de-les-festes","category-p3a","category-p3b","category-p4a","category-p4b","category-p5a","category-p5b","category-impuls-lectura","category-portada","category-projecte-comu-lectura","tag-contes-rosa","tag-estereotips","tag-genere","tag-igualtat","tag-lectures-compartides","tag-literatura","tag-sant-jordi","tag-setmana-cultural"],"post_mailing_queue_ids":[],"_links":{"self":[{"href":"https:\/\/agora.xtec.cat\/ceipcampselisis\/wp-json\/wp\/v2\/posts\/11598","targetHints":{"allow":["GET"]}}],"collection":[{"href":"https:\/\/agora.xtec.cat\/ceipcampselisis\/wp-json\/wp\/v2\/posts"}],"about":[{"href":"https:\/\/agora.xtec.cat\/ceipcampselisis\/wp-json\/wp\/v2\/types\/post"}],"author":[{"embeddable":true,"href":"https:\/\/agora.xtec.cat\/ceipcampselisis\/wp-json\/wp\/v2\/users\/4"}],"replies":[{"embeddable":true,"href":"https:\/\/agora.xtec.cat\/ceipcampselisis\/wp-json\/wp\/v2\/comments?post=11598"}],"version-history":[{"count":1,"href":"https:\/\/agora.xtec.cat\/ceipcampselisis\/wp-json\/wp\/v2\/posts\/11598\/revisions"}],"predecessor-version":[{"id":11600,"href":"https:\/\/agora.xtec.cat\/ceipcampselisis\/wp-json\/wp\/v2\/posts\/11598\/revisions\/11600"}],"wp:featuredmedia":[{"embeddable":true,"href":"https:\/\/agora.xtec.cat\/ceipcampselisis\/wp-json\/wp\/v2\/media\/11599"}],"wp:attachment":[{"href":"https:\/\/agora.xtec.cat\/ceipcampselisis\/wp-json\/wp\/v2\/media?parent=11598"}],"wp:term":[{"taxonomy":"category","embeddable":true,"href":"https:\/\/agora.xtec.cat\/ceipcampselisis\/wp-json\/wp\/v2\/categories?post=11598"},{"taxonomy":"post_tag","embeddable":true,"href":"https:\/\/agora.xtec.cat\/ceipcampselisis\/wp-json\/wp\/v2\/tags?post=11598"}],"curies":[{"name":"wp","href":"https:\/\/api.w.org\/{rel}","templated":true}]}}