{"id":10220,"date":"2025-03-21T19:11:22","date_gmt":"2025-03-21T18:11:22","guid":{"rendered":"https:\/\/agora.xtec.cat\/ceipcampselisis\/?p=10220"},"modified":"2025-03-21T19:11:22","modified_gmt":"2025-03-21T18:11:22","slug":"escola-oberta-al-saber-a-i4","status":"publish","type":"post","link":"https:\/\/agora.xtec.cat\/ceipcampselisis\/portada\/escola-oberta-al-saber-a-i4\/","title":{"rendered":"Escola Oberta al Saber a I4"},"content":{"rendered":"<p>Avui hem tingut una visita molt especial! La mare i el pare del Vicent de I4, l&#8217;Imma i el Kennetz, han vingut a compartir amb nosaltres una estona on ells i els llibres n\u2019han estat els protagonistes. Despr\u00e9s d&#8217;haver fet una tria de llibres a casa, ens han presentat tres dels que m\u00e9s li agraden actualment al Vicent, explicant-nos quins s\u00f3n i compartint alguna an\u00e8cdota especial amb ells.<br \/>\nFinalment, ens han explicat el conte &#8220;L\u2019ovelleta que va venir a sopar&#8221;. \u00a0Un relat ple de valors com l\u2019amistat, la generositat i l\u2019acceptaci\u00f3 de les difer\u00e8ncies, que ens ha fet gaudir a tots i a totes!<br \/>\nMoltes gr\u00e0cies per aquesta experi\u00e8ncia, fam\u00edlia!<\/p>\n<p><a href=\"https:\/\/agora.xtec.cat\/ceipcampselisis\/wp-content\/uploads\/usu884\/2025\/03\/b7641f3c-20b0-4fac-844c-8148de42e505.jpg\"><img loading=\"lazy\" decoding=\"async\" class=\"alignnone wp-image-10221 size-large\" src=\"https:\/\/agora.xtec.cat\/ceipcampselisis\/wp-content\/uploads\/usu884\/2025\/03\/b7641f3c-20b0-4fac-844c-8148de42e505-819x1024.jpg\" alt=\"\" width=\"819\" height=\"1024\" srcset=\"https:\/\/agora.xtec.cat\/ceipcampselisis\/wp-content\/uploads\/usu884\/2025\/03\/b7641f3c-20b0-4fac-844c-8148de42e505-819x1024.jpg 819w, https:\/\/agora.xtec.cat\/ceipcampselisis\/wp-content\/uploads\/usu884\/2025\/03\/b7641f3c-20b0-4fac-844c-8148de42e505-240x300.jpg 240w, https:\/\/agora.xtec.cat\/ceipcampselisis\/wp-content\/uploads\/usu884\/2025\/03\/b7641f3c-20b0-4fac-844c-8148de42e505-768x960.jpg 768w, https:\/\/agora.xtec.cat\/ceipcampselisis\/wp-content\/uploads\/usu884\/2025\/03\/b7641f3c-20b0-4fac-844c-8148de42e505.jpg 1080w\" sizes=\"auto, (max-width: 819px) 100vw, 819px\" \/><\/a><\/p>\n","protected":false},"excerpt":{"rendered":"<p>Avui hem tingut una visita molt especial! La mare i el pare del Vicent de I4, l&#8217;Imma i el Kennetz, han vingut a compartir amb nosaltres una estona on ells i els llibres n\u2019han estat els protagonistes. Despr\u00e9s d&#8217;haver fet una tria de llibres a casa, ens han presentat tres dels que m\u00e9s li agraden [&hellip;]<\/p>\n","protected":false},"author":3,"featured_media":10221,"comment_status":"open","ping_status":"closed","sticky":false,"template":"","format":"standard","meta":{"_bbp_topic_count":0,"_bbp_reply_count":0,"_bbp_total_topic_count":0,"_bbp_total_reply_count":0,"_bbp_voice_count":0,"_bbp_anonymous_reply_count":0,"_bbp_topic_count_hidden":0,"_bbp_reply_count_hidden":0,"_bbp_forum_subforum_count":0,"site-sidebar-layout":"default","site-content-layout":"","ast-site-content-layout":"","site-content-style":"default","site-sidebar-style":"default","ast-global-header-display":"","ast-banner-title-visibility":"","ast-main-header-display":"","ast-hfb-above-header-display":"","ast-hfb-below-header-display":"","ast-hfb-mobile-header-display":"","site-post-title":"","ast-breadcrumbs-content":"","ast-featured-img":"","footer-sml-layout":"","theme-transparent-header-meta":"","adv-header-id-meta":"","stick-header-meta":"","header-above-stick-meta":"","header-main-stick-meta":"","header-below-stick-meta":"","astra-migrate-meta-layouts":"default","ast-page-background-enabled":"default","ast-page-background-meta":{"desktop":{"background-color":"var(--ast-global-color-4)","background-image":"","background-repeat":"repeat","background-position":"center center","background-size":"auto","background-attachment":"scroll","background-type":"","background-media":"","overlay-type":"","overlay-color":"","overlay-opacity":"","overlay-gradient":""},"tablet":{"background-color":"","background-image":"","background-repeat":"repeat","background-position":"center center","background-size":"auto","background-attachment":"scroll","background-type":"","background-media":"","overlay-type":"","overlay-color":"","overlay-opacity":"","overlay-gradient":""},"mobile":{"background-color":"","background-image":"","background-repeat":"repeat","background-position":"center center","background-size":"auto","background-attachment":"scroll","background-type":"","background-media":"","overlay-type":"","overlay-color":"","overlay-opacity":"","overlay-gradient":""}},"ast-content-background-meta":{"desktop":{"background-color":"var(--ast-global-color-5)","background-image":"","background-repeat":"repeat","background-position":"center center","background-size":"auto","background-attachment":"scroll","background-type":"","background-media":"","overlay-type":"","overlay-color":"","overlay-opacity":"","overlay-gradient":""},"tablet":{"background-color":"var(--ast-global-color-5)","background-image":"","background-repeat":"repeat","background-position":"center center","background-size":"auto","background-attachment":"scroll","background-type":"","background-media":"","overlay-type":"","overlay-color":"","overlay-opacity":"","overlay-gradient":""},"mobile":{"background-color":"var(--ast-global-color-5)","background-image":"","background-repeat":"repeat","background-position":"center center","background-size":"auto","background-attachment":"scroll","background-type":"","background-media":"","overlay-type":"","overlay-color":"","overlay-opacity":"","overlay-gradient":""}},"footnotes":""},"categories":[72,8,183,4],"tags":[149,133],"class_list":["post-10220","post","type-post","status-publish","format-standard","has-post-thumbnail","hentry","category-escola-oberta-al-saber-ed-infantil","category-p5a","category-p5b","category-portada","tag-bones-practiques-infantil","tag-escola-oberta-saber"],"post_mailing_queue_ids":[],"_links":{"self":[{"href":"https:\/\/agora.xtec.cat\/ceipcampselisis\/wp-json\/wp\/v2\/posts\/10220","targetHints":{"allow":["GET"]}}],"collection":[{"href":"https:\/\/agora.xtec.cat\/ceipcampselisis\/wp-json\/wp\/v2\/posts"}],"about":[{"href":"https:\/\/agora.xtec.cat\/ceipcampselisis\/wp-json\/wp\/v2\/types\/post"}],"author":[{"embeddable":true,"href":"https:\/\/agora.xtec.cat\/ceipcampselisis\/wp-json\/wp\/v2\/users\/3"}],"replies":[{"embeddable":true,"href":"https:\/\/agora.xtec.cat\/ceipcampselisis\/wp-json\/wp\/v2\/comments?post=10220"}],"version-history":[{"count":1,"href":"https:\/\/agora.xtec.cat\/ceipcampselisis\/wp-json\/wp\/v2\/posts\/10220\/revisions"}],"predecessor-version":[{"id":10222,"href":"https:\/\/agora.xtec.cat\/ceipcampselisis\/wp-json\/wp\/v2\/posts\/10220\/revisions\/10222"}],"wp:featuredmedia":[{"embeddable":true,"href":"https:\/\/agora.xtec.cat\/ceipcampselisis\/wp-json\/wp\/v2\/media\/10221"}],"wp:attachment":[{"href":"https:\/\/agora.xtec.cat\/ceipcampselisis\/wp-json\/wp\/v2\/media?parent=10220"}],"wp:term":[{"taxonomy":"category","embeddable":true,"href":"https:\/\/agora.xtec.cat\/ceipcampselisis\/wp-json\/wp\/v2\/categories?post=10220"},{"taxonomy":"post_tag","embeddable":true,"href":"https:\/\/agora.xtec.cat\/ceipcampselisis\/wp-json\/wp\/v2\/tags?post=10220"}],"curies":[{"name":"wp","href":"https:\/\/api.w.org\/{rel}","templated":true}]}}