{"id":10183,"date":"2025-03-15T18:10:39","date_gmt":"2025-03-15T17:10:39","guid":{"rendered":"https:\/\/agora.xtec.cat\/ceipcampselisis\/?p=10183"},"modified":"2025-03-15T18:10:39","modified_gmt":"2025-03-15T17:10:39","slug":"projecte-los-oficios-families-de-1r-2","status":"publish","type":"post","link":"https:\/\/agora.xtec.cat\/ceipcampselisis\/portada\/projecte-los-oficios-families-de-1r-2\/","title":{"rendered":"Projecte &#8220;Los Oficios&#8221; &#8211; Fam\u00edlies de 1r"},"content":{"rendered":"<p>Els nens i nenes de 1r continuem treballant a Llengua Castellana el projecte \u201cLos oficios\u201d. Hem convidat els pares i les mares perqu\u00e8 vinguin a classe a explicar-nos com \u00e9s la seva feina, qu\u00e8 fan, qu\u00e8 necessiten\u2026 Partint dels interessos dels nens i nenes i amb la implicaci\u00f3 de les fam\u00edlies, el passat dimecres va venir la mare de la Valentina.\u00a0 Ens va ensenyar el seu ofici <span style=\"font-weight: 400;\">de cuinera i vam fer dues receptes delicioses. Va ser una tarda\u00a0 plena d&#8217;aprenentatges i diversi\u00f3!!! Moltes gr\u00e0cies !!!<\/span><\/p>\n<p><a href=\"https:\/\/drive.google.com\/drive\/folders\/1-oRmtMCYXCjQGgxjN5dHs-1gJhuP-2yW?usp=drive_link \"><img loading=\"lazy\" decoding=\"async\" class=\"alignnone wp-image-10184 size-large\" src=\"https:\/\/agora.xtec.cat\/ceipcampselisis\/wp-content\/uploads\/usu884\/2025\/03\/IMG_8770-1024x768.jpg\" alt=\"\" width=\"1024\" height=\"768\" srcset=\"https:\/\/agora.xtec.cat\/ceipcampselisis\/wp-content\/uploads\/usu884\/2025\/03\/IMG_8770-1024x768.jpg 1024w, https:\/\/agora.xtec.cat\/ceipcampselisis\/wp-content\/uploads\/usu884\/2025\/03\/IMG_8770-300x225.jpg 300w, https:\/\/agora.xtec.cat\/ceipcampselisis\/wp-content\/uploads\/usu884\/2025\/03\/IMG_8770-768x576.jpg 768w, https:\/\/agora.xtec.cat\/ceipcampselisis\/wp-content\/uploads\/usu884\/2025\/03\/IMG_8770-1536x1152.jpg 1536w, https:\/\/agora.xtec.cat\/ceipcampselisis\/wp-content\/uploads\/usu884\/2025\/03\/IMG_8770-2048x1536.jpg 2048w, https:\/\/agora.xtec.cat\/ceipcampselisis\/wp-content\/uploads\/usu884\/2025\/03\/IMG_8770-200x150.jpg 200w\" sizes=\"auto, (max-width: 1024px) 100vw, 1024px\" \/><\/a><\/p>\n<p>&nbsp;<\/p>\n","protected":false},"excerpt":{"rendered":"<p>Els nens i nenes de 1r continuem treballant a Llengua Castellana el projecte \u201cLos oficios\u201d. Hem convidat els pares i les mares perqu\u00e8 vinguin a classe a explicar-nos com \u00e9s la seva feina, qu\u00e8 fan, qu\u00e8 necessiten\u2026 Partint dels interessos dels nens i nenes i amb la implicaci\u00f3 de les fam\u00edlies, el passat dimecres va [&hellip;]<\/p>\n","protected":false},"author":3,"featured_media":10184,"comment_status":"open","ping_status":"closed","sticky":false,"template":"","format":"standard","meta":{"_bbp_topic_count":0,"_bbp_reply_count":0,"_bbp_total_topic_count":0,"_bbp_total_reply_count":0,"_bbp_voice_count":0,"_bbp_anonymous_reply_count":0,"_bbp_topic_count_hidden":0,"_bbp_reply_count_hidden":0,"_bbp_forum_subforum_count":0,"site-sidebar-layout":"default","site-content-layout":"","ast-site-content-layout":"","site-content-style":"default","site-sidebar-style":"default","ast-global-header-display":"","ast-banner-title-visibility":"","ast-main-header-display":"","ast-hfb-above-header-display":"","ast-hfb-below-header-display":"","ast-hfb-mobile-header-display":"","site-post-title":"","ast-breadcrumbs-content":"","ast-featured-img":"","footer-sml-layout":"","theme-transparent-header-meta":"","adv-header-id-meta":"","stick-header-meta":"","header-above-stick-meta":"","header-main-stick-meta":"","header-below-stick-meta":"","astra-migrate-meta-layouts":"default","ast-page-background-enabled":"default","ast-page-background-meta":{"desktop":{"background-color":"var(--ast-global-color-4)","background-image":"","background-repeat":"repeat","background-position":"center center","background-size":"auto","background-attachment":"scroll","background-type":"","background-media":"","overlay-type":"","overlay-color":"","overlay-opacity":"","overlay-gradient":""},"tablet":{"background-color":"","background-image":"","background-repeat":"repeat","background-position":"center center","background-size":"auto","background-attachment":"scroll","background-type":"","background-media":"","overlay-type":"","overlay-color":"","overlay-opacity":"","overlay-gradient":""},"mobile":{"background-color":"","background-image":"","background-repeat":"repeat","background-position":"center center","background-size":"auto","background-attachment":"scroll","background-type":"","background-media":"","overlay-type":"","overlay-color":"","overlay-opacity":"","overlay-gradient":""}},"ast-content-background-meta":{"desktop":{"background-color":"var(--ast-global-color-5)","background-image":"","background-repeat":"repeat","background-position":"center center","background-size":"auto","background-attachment":"scroll","background-type":"","background-media":"","overlay-type":"","overlay-color":"","overlay-opacity":"","overlay-gradient":""},"tablet":{"background-color":"var(--ast-global-color-5)","background-image":"","background-repeat":"repeat","background-position":"center center","background-size":"auto","background-attachment":"scroll","background-type":"","background-media":"","overlay-type":"","overlay-color":"","overlay-opacity":"","overlay-gradient":""},"mobile":{"background-color":"var(--ast-global-color-5)","background-image":"","background-repeat":"repeat","background-position":"center center","background-size":"auto","background-attachment":"scroll","background-type":"","background-media":"","overlay-type":"","overlay-color":"","overlay-opacity":"","overlay-gradient":""}},"footnotes":""},"categories":[10,202,85,73,4,97],"tags":[159,133,180],"class_list":["post-10183","post","type-post","status-publish","format-standard","has-post-thumbnail","hentry","category-2na-primaria","category-2nb-primaria","category-bones-practiques-educacio-primaria","category-escola-oberta-al-saber-ed-primaria","category-portada","category-projectes-de-centre","tag-bones-practiques-pri","tag-escola-oberta-saber","tag-projectes-de-treball"],"post_mailing_queue_ids":[],"_links":{"self":[{"href":"https:\/\/agora.xtec.cat\/ceipcampselisis\/wp-json\/wp\/v2\/posts\/10183","targetHints":{"allow":["GET"]}}],"collection":[{"href":"https:\/\/agora.xtec.cat\/ceipcampselisis\/wp-json\/wp\/v2\/posts"}],"about":[{"href":"https:\/\/agora.xtec.cat\/ceipcampselisis\/wp-json\/wp\/v2\/types\/post"}],"author":[{"embeddable":true,"href":"https:\/\/agora.xtec.cat\/ceipcampselisis\/wp-json\/wp\/v2\/users\/3"}],"replies":[{"embeddable":true,"href":"https:\/\/agora.xtec.cat\/ceipcampselisis\/wp-json\/wp\/v2\/comments?post=10183"}],"version-history":[{"count":1,"href":"https:\/\/agora.xtec.cat\/ceipcampselisis\/wp-json\/wp\/v2\/posts\/10183\/revisions"}],"predecessor-version":[{"id":10185,"href":"https:\/\/agora.xtec.cat\/ceipcampselisis\/wp-json\/wp\/v2\/posts\/10183\/revisions\/10185"}],"wp:featuredmedia":[{"embeddable":true,"href":"https:\/\/agora.xtec.cat\/ceipcampselisis\/wp-json\/wp\/v2\/media\/10184"}],"wp:attachment":[{"href":"https:\/\/agora.xtec.cat\/ceipcampselisis\/wp-json\/wp\/v2\/media?parent=10183"}],"wp:term":[{"taxonomy":"category","embeddable":true,"href":"https:\/\/agora.xtec.cat\/ceipcampselisis\/wp-json\/wp\/v2\/categories?post=10183"},{"taxonomy":"post_tag","embeddable":true,"href":"https:\/\/agora.xtec.cat\/ceipcampselisis\/wp-json\/wp\/v2\/tags?post=10183"}],"curies":[{"name":"wp","href":"https:\/\/api.w.org\/{rel}","templated":true}]}}