{"id":103,"count":3,"description":"Aquest Projecte te com a objectiu promocionar la lectura entre els infants tot promovent\u00a0el desenvolupament de les compet\u00e8ncies b\u00e0siques, per mitj\u00e0 de la col\u00b7laboraci\u00f3 entre les biblioteques p\u00fabliques, CRP i les escoles. Dins d'aquest projecte, la nostra escola ha treballat \"El Petit Pr\u00edncep\" i \"Al\u00edcia al pa\u00eds de les meravelles\".\r\n\r\n<img class=\"\" src=\"http:\/\/blocs.xtec.cat\/bibliotecaescolaalguaire\/files\/2017\/03\/234_01_01.png\" alt=\"Imatge relacionada\" width=\"411\" height=\"457\" \/>","link":"https:\/\/agora.xtec.cat\/ceipcampselisis\/categoria\/projecte-comu-lectura\/","name":"Projecte Com\u00fa Lectura","slug":"projecte-comu-lectura","taxonomy":"category","parent":0,"meta":[],"_links":{"self":[{"href":"https:\/\/agora.xtec.cat\/ceipcampselisis\/wp-json\/wp\/v2\/categories\/103","targetHints":{"allow":["GET"]}}],"collection":[{"href":"https:\/\/agora.xtec.cat\/ceipcampselisis\/wp-json\/wp\/v2\/categories"}],"about":[{"href":"https:\/\/agora.xtec.cat\/ceipcampselisis\/wp-json\/wp\/v2\/taxonomies\/category"}],"wp:post_type":[{"href":"https:\/\/agora.xtec.cat\/ceipcampselisis\/wp-json\/wp\/v2\/posts?categories=103"}],"curies":[{"name":"wp","href":"https:\/\/api.w.org\/{rel}","templated":true}]}}