{"id":1740,"date":"2020-11-21T18:46:54","date_gmt":"2020-11-21T17:46:54","guid":{"rendered":"https:\/\/agora.xtec.cat\/ceipcamins\/?p=1740"},"modified":"2021-05-23T20:24:06","modified_gmt":"2021-05-23T18:24:06","slug":"fas-6-anys-tria-un-llibre","status":"publish","type":"post","link":"https:\/\/agora.xtec.cat\/ceipcamins\/portada\/fas-6-anys-tria-un-llibre\/","title":{"rendered":"Fas 6 anys. Tria un llibre."},"content":{"rendered":"<p><span style=\"font-weight: 400;\">La campanya \u2018<strong>Fas 6 anys. Tria un llibre<\/strong>\u2019 \u00e9s una campanya que duu a terme la Generalitat de Catalunya que vol estimular els h\u00e0bits de lectura dels infants de 6 anys. T\u00e9 per objectiu que els nens i les nenes descobreixin les llibreries amb un adult, i que aprenguin a donar valor al llibre.<\/span><\/p>\n<p><span style=\"font-family: inherit; font-size: 1em;\">Les criatures que durant l\u2019any de la campanya faran 6 anys (correspon a la promoci\u00f3 d\u2019alumnes que cursen 1r de Prim\u00e0ria), rebran a casa una tar<\/span><span style=\"font-family: inherit; font-size: 1em;\">geta que els convidar\u00e0 a anar a la llibreria m\u00e9s propera. All\u00e0 podran bescanviar la targeta pel llibre infantil que m\u00e9s els agradi i per un import de fins a 13\u20ac. En cas que l\u2019import del llibre sigui superior, la difer\u00e8ncia haur\u00e0 de ser abonada per l\u2019adult que l\u2019acompanyi.<\/span><\/p>\n<p><span style=\"font-weight: 400;\">Des de que la Generalitat de Catalunya va iniciar la campanya, a Camins vam entendre que era una de les oportunitats que l\u2019entorn ens ofereix per treballar la literatura a l\u2019aula i alhora per otorgar valor pedag\u00f2gic a la pr\u00f2pia campanya.<\/span> <span style=\"font-weight: 400;\">Una proposta de l&#8217;administraci\u00f3 que implica directament a les fam\u00edlies en un dels temes cabdals per a l&#8217;\u00e8xit acad\u00e8mic i personal dels ciutadans d&#8217;un pa\u00eds: l\u2019adquisici\u00f3 d\u2019un bon h\u00e0bit lector. <\/span><span style=\"font-weight: 400;\">Al llarg d\u2019aquests anys les mestres dels infants de primer han anat teixint un seguit d&#8217;activitats <\/span><span style=\"font-weight: 400;\">al voltant d\u2019aquesta campanya<\/span><span style=\"font-weight: 400;\"> que conformen el treball que ara us presentem.<\/span><\/p>\n<p><span style=\"font-weight: 400;\">Acollint la proposta des de les aules de primer aconseguim que l&#8217;arribada de la carta de la campanya a casa, sigui un veritable regal per a la fam\u00edlia i que a trav\u00e9s dels seus infants se\u2019ls encomanin les ganes d&#8217;anar a buscar el llibre a les llibreries de refer\u00e8ncia de l\u2019escola. <\/span><span style=\"font-weight: 400;\">Alhora, la tria feta per l&#8217;infant \u00e9s m\u00e9s conscient i pensada ja que durant unes setmanes a l&#8217;aula s\u2019han pogut degustar les novetats de qualitat liter\u00e0ria i art\u00edstica, i aquells cl\u00e0ssics infantils que a totes les biblioteques personals dels infants haurien de trobar lloc. Finalment la selecci\u00f3 personal feta a la llibreria s&#8217;acull a l\u2019aula i es comparteix amb els iguals.<\/span><span style=\"font-weight: 400;\">\u00a0<\/span><span style=\"font-weight: 400;\">D\u2019aquesta manera s\u2019afavoreix que una proposta externa a l\u2019escola sigui el nucli per desenvolupar les diverses accions dins l\u2019escola, facilitant la vinculaci\u00f3 entre la vida de l\u2019escola i la fam\u00edlia.\u00a0<\/span><\/p>\n<p><span style=\"font-weight: 400;\">En funci\u00f3 del grup d\u2019infants cada curs van sorgint diferents propostes de treball per\u00f2 en l\u00ednies generals \u00e9s un proc\u00e9s que dura dos mesos del primer trimestre, i que comen\u00e7a quan el Departament fa l\u2019enviament de la publicitat de la campanya a les escoles.\u00a0<\/span><\/p>\n<p><span style=\"font-weight: 400;\">Donat el moment maduratiu dels infants en relaci\u00f3 a l\u2019adquisici\u00f3 de la lectura i l\u2019escriptura, la major part de les accions proposades es fan en gran grup. A trav\u00e9s de la conversa es comparteixen significats, es resolen dubtes i es construeix aprenentatge. Les docents acompanyen <\/span><span style=\"font-weight: 400;\">en el tractament de la informaci\u00f3 per interpretar dades des de diferents suports (escrits, audiovisuals\u2026)\u00a0 per tal de destriar la informaci\u00f3 rellevant en relaci\u00f3 a la campanya (dates, terminis, on poder anar a triar el llibre&#8230;). <\/span><span style=\"font-weight: 400;\">Els infants explicaran a les fam\u00edlies la campanya i refor\u00e7aran la seva import\u00e0ncia quan rebin la carta a casa.<\/span><\/p>\n<p><span style=\"font-weight: 400;\">Val a dir que \u00e9s tot un plaer poder compartir aquestes setmanes amb els infants de 1r perqu\u00e8 estan plenament il\u00b7lusionats amb els llibres, s&#8217;emocionen quan alg\u00fa explica que ha rebut la carta a casa, o quan es fan activitats per donar a con\u00e8ixer el llibre comprat a la resta del grup.<\/span><\/p>\n<p><span style=\"font-weight: 400;\">Us deixem fotos de diferents moments per, ni que sigui una mica, tamb\u00e9 ho gaudiu vosaltres!<\/span><\/p>\n<table style=\"height: 638px;\" width=\"594\">\n<tbody>\n<tr style=\"height: 316px;\">\n<td style=\"width: 269.697px; height: 316px;\"><a href=\"https:\/\/agora.xtec.cat\/ceipcamins\/wp-content\/uploads\/usu2060\/2020\/11\/a.jpg\"><img loading=\"lazy\" decoding=\"async\" class=\"size-medium wp-image-3943 aligncenter\" src=\"https:\/\/agora.xtec.cat\/ceipcamins\/wp-content\/uploads\/usu2060\/2020\/11\/a-213x300.jpg\" alt=\"\" width=\"213\" height=\"300\" srcset=\"https:\/\/agora.xtec.cat\/ceipcamins\/wp-content\/uploads\/usu2060\/2020\/11\/a-213x300.jpg 213w, https:\/\/agora.xtec.cat\/ceipcamins\/wp-content\/uploads\/usu2060\/2020\/11\/a.jpg 728w\" sizes=\"auto, (max-width: 213px) 100vw, 213px\" \/><\/a><\/td>\n<td style=\"width: 317.576px; height: 316px;\"><a href=\"https:\/\/agora.xtec.cat\/ceipcamins\/wp-content\/uploads\/usu2060\/2020\/11\/b.jpg\"><img loading=\"lazy\" decoding=\"async\" class=\"size-medium wp-image-3944 aligncenter\" src=\"https:\/\/agora.xtec.cat\/ceipcamins\/wp-content\/uploads\/usu2060\/2020\/11\/b-208x300.jpg\" alt=\"\" width=\"208\" height=\"300\" srcset=\"https:\/\/agora.xtec.cat\/ceipcamins\/wp-content\/uploads\/usu2060\/2020\/11\/b-208x300.jpg 208w, https:\/\/agora.xtec.cat\/ceipcamins\/wp-content\/uploads\/usu2060\/2020\/11\/b.jpg 711w\" sizes=\"auto, (max-width: 208px) 100vw, 208px\" \/><\/a><\/td>\n<\/tr>\n<tr style=\"height: 322px;\">\n<td style=\"width: 269.697px; height: 322px;\"><a href=\"https:\/\/agora.xtec.cat\/ceipcamins\/wp-content\/uploads\/usu2060\/2020\/11\/c.jpg\"><img loading=\"lazy\" decoding=\"async\" class=\"size-medium wp-image-3945 aligncenter\" src=\"https:\/\/agora.xtec.cat\/ceipcamins\/wp-content\/uploads\/usu2060\/2020\/11\/c-300x243.jpg\" alt=\"\" width=\"300\" height=\"243\" srcset=\"https:\/\/agora.xtec.cat\/ceipcamins\/wp-content\/uploads\/usu2060\/2020\/11\/c-300x243.jpg 300w, https:\/\/agora.xtec.cat\/ceipcamins\/wp-content\/uploads\/usu2060\/2020\/11\/c-768x622.jpg 768w, https:\/\/agora.xtec.cat\/ceipcamins\/wp-content\/uploads\/usu2060\/2020\/11\/c-1024x829.jpg 1024w, https:\/\/agora.xtec.cat\/ceipcamins\/wp-content\/uploads\/usu2060\/2020\/11\/c.jpg 1265w\" sizes=\"auto, (max-width: 300px) 100vw, 300px\" \/><\/a><\/td>\n<td style=\"width: 317.576px; height: 322px;\"><a href=\"https:\/\/agora.xtec.cat\/ceipcamins\/wp-content\/uploads\/usu2060\/2020\/11\/d.jpg\"><img loading=\"lazy\" decoding=\"async\" class=\"size-medium wp-image-3946 aligncenter\" src=\"https:\/\/agora.xtec.cat\/ceipcamins\/wp-content\/uploads\/usu2060\/2020\/11\/d-213x300.jpg\" alt=\"\" width=\"213\" height=\"300\" srcset=\"https:\/\/agora.xtec.cat\/ceipcamins\/wp-content\/uploads\/usu2060\/2020\/11\/d-213x300.jpg 213w, https:\/\/agora.xtec.cat\/ceipcamins\/wp-content\/uploads\/usu2060\/2020\/11\/d.jpg 727w\" sizes=\"auto, (max-width: 213px) 100vw, 213px\" \/><\/a><\/td>\n<\/tr>\n<\/tbody>\n<\/table>\n<p>&nbsp;<\/p>\n","protected":false},"excerpt":{"rendered":"<p>La campanya \u2018Fas 6 anys. Tria un llibre\u2019 \u00e9s una campanya que duu a terme la Generalitat de Catalunya que vol estimular els h\u00e0bits de lectura dels infants de 6 anys. T\u00e9 per objectiu que els nens i les nenes descobreixin les llibreries amb un&hellip;  <a href=\"https:\/\/agora.xtec.cat\/ceipcamins\/portada\/fas-6-anys-tria-un-llibre\/\" title=\"Read Fas 6 anys. Tria un llibre.\">Llegeix m\u00e9s\u00bb<\/a><\/p>\n","protected":false},"author":260,"featured_media":0,"comment_status":"open","ping_status":"closed","sticky":false,"template":"","format":"standard","meta":{"_bbp_topic_count":0,"_bbp_reply_count":0,"_bbp_total_topic_count":0,"_bbp_total_reply_count":0,"_bbp_voice_count":0,"_bbp_anonymous_reply_count":0,"_bbp_topic_count_hidden":0,"_bbp_reply_count_hidden":0,"_bbp_forum_subforum_count":0,"footnotes":""},"categories":[177,208,4],"tags":[],"class_list":["post-1740","post","type-post","status-publish","format-standard","hentry","category-biblioteca","category-habit-lector","category-portada"],"post_mailing_queue_ids":[],"_links":{"self":[{"href":"https:\/\/agora.xtec.cat\/ceipcamins\/wp-json\/wp\/v2\/posts\/1740","targetHints":{"allow":["GET"]}}],"collection":[{"href":"https:\/\/agora.xtec.cat\/ceipcamins\/wp-json\/wp\/v2\/posts"}],"about":[{"href":"https:\/\/agora.xtec.cat\/ceipcamins\/wp-json\/wp\/v2\/types\/post"}],"author":[{"embeddable":true,"href":"https:\/\/agora.xtec.cat\/ceipcamins\/wp-json\/wp\/v2\/users\/260"}],"replies":[{"embeddable":true,"href":"https:\/\/agora.xtec.cat\/ceipcamins\/wp-json\/wp\/v2\/comments?post=1740"}],"version-history":[{"count":3,"href":"https:\/\/agora.xtec.cat\/ceipcamins\/wp-json\/wp\/v2\/posts\/1740\/revisions"}],"predecessor-version":[{"id":3941,"href":"https:\/\/agora.xtec.cat\/ceipcamins\/wp-json\/wp\/v2\/posts\/1740\/revisions\/3941"}],"wp:attachment":[{"href":"https:\/\/agora.xtec.cat\/ceipcamins\/wp-json\/wp\/v2\/media?parent=1740"}],"wp:term":[{"taxonomy":"category","embeddable":true,"href":"https:\/\/agora.xtec.cat\/ceipcamins\/wp-json\/wp\/v2\/categories?post=1740"},{"taxonomy":"post_tag","embeddable":true,"href":"https:\/\/agora.xtec.cat\/ceipcamins\/wp-json\/wp\/v2\/tags?post=1740"}],"curies":[{"name":"wp","href":"https:\/\/api.w.org\/{rel}","templated":true}]}}