{"id":7392,"date":"2026-04-23T12:40:08","date_gmt":"2026-04-23T10:40:08","guid":{"rendered":"https:\/\/agora.xtec.cat\/ceipcalvetdestrella\/?p=7392"},"modified":"2026-04-23T12:40:08","modified_gmt":"2026-04-23T10:40:08","slug":"revista-sant-jordi-2","status":"publish","type":"post","link":"https:\/\/agora.xtec.cat\/ceipcalvetdestrella\/general\/revista-sant-jordi-2\/","title":{"rendered":"Revista Sant Jordi"},"content":{"rendered":"<p>&nbsp;<\/p>\n<p>Un any m\u00e9s, la diada de Sant Jordi ha omplert la nostra escola d\u2019activitats, roses i molta il\u00b7lusi\u00f3. Aquest curs 2025-2026 hem tornat a celebrar una de les festes m\u00e9s especials del calendari amb activitats que han fet cr\u00e9ixer la creativitat i l\u2019amor per la lectura entre tot l\u2019alumnat.<\/p>\n<p data-start=\"459\" data-end=\"740\">Durant les darreres setmanes, els nens i nenes han treballat de valent per preparar contes, poemes i relats que avui recollim en aquesta revista.<\/p>\n<p data-start=\"459\" data-end=\"740\">Cada p\u00e0gina \u00e9s una finestra oberta a la imaginaci\u00f3, plena d\u2019hist\u00f2ries sorprenents, personatges \u00fanics i emocions compartides.<a href=\"https:\/\/agora.xtec.cat\/ceipcalvetdestrella\/wp-content\/uploads\/usu1846\/2026\/04\/Cartel-Vertical-Dia-de-Sant-Jordi-Ilustrativo-Verde-Rojo-y-Beis.png\"><img loading=\"lazy\" decoding=\"async\" class=\"wp-image-7394 alignleft\" src=\"https:\/\/agora.xtec.cat\/ceipcalvetdestrella\/wp-content\/uploads\/usu1846\/2026\/04\/Cartel-Vertical-Dia-de-Sant-Jordi-Ilustrativo-Verde-Rojo-y-Beis-724x1024.png\" alt=\"\" width=\"120\" height=\"170\" srcset=\"https:\/\/agora.xtec.cat\/ceipcalvetdestrella\/wp-content\/uploads\/usu1846\/2026\/04\/Cartel-Vertical-Dia-de-Sant-Jordi-Ilustrativo-Verde-Rojo-y-Beis-724x1024.png 724w, https:\/\/agora.xtec.cat\/ceipcalvetdestrella\/wp-content\/uploads\/usu1846\/2026\/04\/Cartel-Vertical-Dia-de-Sant-Jordi-Ilustrativo-Verde-Rojo-y-Beis-212x300.png 212w, https:\/\/agora.xtec.cat\/ceipcalvetdestrella\/wp-content\/uploads\/usu1846\/2026\/04\/Cartel-Vertical-Dia-de-Sant-Jordi-Ilustrativo-Verde-Rojo-y-Beis-768x1086.png 768w, https:\/\/agora.xtec.cat\/ceipcalvetdestrella\/wp-content\/uploads\/usu1846\/2026\/04\/Cartel-Vertical-Dia-de-Sant-Jordi-Ilustrativo-Verde-Rojo-y-Beis-1086x1536.png 1086w, https:\/\/agora.xtec.cat\/ceipcalvetdestrella\/wp-content\/uploads\/usu1846\/2026\/04\/Cartel-Vertical-Dia-de-Sant-Jordi-Ilustrativo-Verde-Rojo-y-Beis-1448x2048.png 1448w, https:\/\/agora.xtec.cat\/ceipcalvetdestrella\/wp-content\/uploads\/usu1846\/2026\/04\/Cartel-Vertical-Dia-de-Sant-Jordi-Ilustrativo-Verde-Rojo-y-Beis.png 1587w\" sizes=\"auto, (max-width: 120px) 100vw, 120px\" \/><\/a><\/p>\n<p><a href=\"https:\/\/drive.google.com\/file\/d\/1ubm1gNeMOeGJYUjHDFc-6eIfvcsbbcAJ\/view?usp=sharing\">Cliqueu aqu\u00ed per veure-la!<\/a><\/p>\n","protected":false},"excerpt":{"rendered":"<p>&nbsp; Un any m\u00e9s, la diada de Sant Jordi ha omplert la nostra escola d\u2019activitats, roses i molta il\u00b7lusi\u00f3. Aquest curs 2025-2026 hem tornat a celebrar una de les festes m\u00e9s especials del calendari amb activitats que han fet cr\u00e9ixer la creativitat i l\u2019amor per la lectura entre tot l\u2019alumnat. Durant les darreres setmanes, els [&hellip;]<\/p>\n","protected":false},"author":41,"featured_media":0,"comment_status":"open","ping_status":"open","sticky":false,"template":"","format":"standard","meta":{"_bbp_topic_count":0,"_bbp_reply_count":0,"_bbp_total_topic_count":0,"_bbp_total_reply_count":0,"_bbp_voice_count":0,"_bbp_anonymous_reply_count":0,"_bbp_topic_count_hidden":0,"_bbp_reply_count_hidden":0,"_bbp_forum_subforum_count":0,"site-sidebar-layout":"default","site-content-layout":"","ast-site-content-layout":"default","site-content-style":"default","site-sidebar-style":"default","ast-global-header-display":"","ast-banner-title-visibility":"","ast-main-header-display":"","ast-hfb-above-header-display":"","ast-hfb-below-header-display":"","ast-hfb-mobile-header-display":"","site-post-title":"","ast-breadcrumbs-content":"","ast-featured-img":"","footer-sml-layout":"","theme-transparent-header-meta":"default","adv-header-id-meta":"","stick-header-meta":"","header-above-stick-meta":"","header-main-stick-meta":"","header-below-stick-meta":"","astra-migrate-meta-layouts":"set","ast-page-background-enabled":"default","ast-page-background-meta":{"desktop":{"background-color":"var(--ast-global-color-4)","background-image":"","background-repeat":"repeat","background-position":"center center","background-size":"auto","background-attachment":"scroll","background-type":"","background-media":"","overlay-type":"","overlay-color":"","overlay-opacity":"","overlay-gradient":""},"tablet":{"background-color":"","background-image":"","background-repeat":"repeat","background-position":"center center","background-size":"auto","background-attachment":"scroll","background-type":"","background-media":"","overlay-type":"","overlay-color":"","overlay-opacity":"","overlay-gradient":""},"mobile":{"background-color":"","background-image":"","background-repeat":"repeat","background-position":"center center","background-size":"auto","background-attachment":"scroll","background-type":"","background-media":"","overlay-type":"","overlay-color":"","overlay-opacity":"","overlay-gradient":""}},"ast-content-background-meta":{"desktop":{"background-color":"var(--ast-global-color-5)","background-image":"","background-repeat":"repeat","background-position":"center center","background-size":"auto","background-attachment":"scroll","background-type":"","background-media":"","overlay-type":"","overlay-color":"","overlay-opacity":"","overlay-gradient":""},"tablet":{"background-color":"var(--ast-global-color-5)","background-image":"","background-repeat":"repeat","background-position":"center center","background-size":"auto","background-attachment":"scroll","background-type":"","background-media":"","overlay-type":"","overlay-color":"","overlay-opacity":"","overlay-gradient":""},"mobile":{"background-color":"var(--ast-global-color-5)","background-image":"","background-repeat":"repeat","background-position":"center center","background-size":"auto","background-attachment":"scroll","background-type":"","background-media":"","overlay-type":"","overlay-color":"","overlay-opacity":"","overlay-gradient":""}},"footnotes":""},"categories":[1,4],"tags":[],"class_list":["post-7392","post","type-post","status-publish","format-standard","hentry","category-general","category-portada"],"post_mailing_queue_ids":[],"_links":{"self":[{"href":"https:\/\/agora.xtec.cat\/ceipcalvetdestrella\/wp-json\/wp\/v2\/posts\/7392","targetHints":{"allow":["GET"]}}],"collection":[{"href":"https:\/\/agora.xtec.cat\/ceipcalvetdestrella\/wp-json\/wp\/v2\/posts"}],"about":[{"href":"https:\/\/agora.xtec.cat\/ceipcalvetdestrella\/wp-json\/wp\/v2\/types\/post"}],"author":[{"embeddable":true,"href":"https:\/\/agora.xtec.cat\/ceipcalvetdestrella\/wp-json\/wp\/v2\/users\/41"}],"replies":[{"embeddable":true,"href":"https:\/\/agora.xtec.cat\/ceipcalvetdestrella\/wp-json\/wp\/v2\/comments?post=7392"}],"version-history":[{"count":2,"href":"https:\/\/agora.xtec.cat\/ceipcalvetdestrella\/wp-json\/wp\/v2\/posts\/7392\/revisions"}],"predecessor-version":[{"id":7395,"href":"https:\/\/agora.xtec.cat\/ceipcalvetdestrella\/wp-json\/wp\/v2\/posts\/7392\/revisions\/7395"}],"wp:attachment":[{"href":"https:\/\/agora.xtec.cat\/ceipcalvetdestrella\/wp-json\/wp\/v2\/media?parent=7392"}],"wp:term":[{"taxonomy":"category","embeddable":true,"href":"https:\/\/agora.xtec.cat\/ceipcalvetdestrella\/wp-json\/wp\/v2\/categories?post=7392"},{"taxonomy":"post_tag","embeddable":true,"href":"https:\/\/agora.xtec.cat\/ceipcalvetdestrella\/wp-json\/wp\/v2\/tags?post=7392"}],"curies":[{"name":"wp","href":"https:\/\/api.w.org\/{rel}","templated":true}]}}