{"id":7165,"date":"2025-12-21T12:58:17","date_gmt":"2025-12-21T11:58:17","guid":{"rendered":"https:\/\/agora.xtec.cat\/ceipcalvetdestrella\/?p=7165"},"modified":"2025-12-21T12:58:58","modified_gmt":"2025-12-21T11:58:58","slug":"concert-de-nadal-curs-25-26","status":"publish","type":"post","link":"https:\/\/agora.xtec.cat\/ceipcalvetdestrella\/general\/concert-de-nadal-curs-25-26\/","title":{"rendered":"Concert de Nadal Curs 25-26"},"content":{"rendered":"<p data-start=\"0\" data-end=\"337\">Un curs m\u00e9s, la nostra escola ha tornat a omplir-se de m\u00fasica, il\u00b7lusi\u00f3 i emoci\u00f3 amb el nostre tradicional concert de Nadal. Els nens i nenes han compartit amb nosaltres tot l\u2019esfor\u00e7, la dedicaci\u00f3 i les ganes que han posat durant les setmanes de preparaci\u00f3, regalant-nos un moment molt especial.<\/p>\n<p data-start=\"339\" data-end=\"709\" data-is-last-node=\"\" data-is-only-node=\"\">Volem agrair a totes les fam\u00edlies que ens heu acompanyat i que, amb la vostra pres\u00e8ncia, feu que aquests actes tinguin encara m\u00e9s sentit.<\/p>\n<p data-start=\"339\" data-end=\"709\" data-is-last-node=\"\" data-is-only-node=\"\">Us desitgem unes bones festes i un any nou ple de salut i alegria.<\/p>\n<p data-start=\"339\" data-end=\"709\" data-is-last-node=\"\" data-is-only-node=\"\">Cliqueu la seg\u00fcent imatge per veure-ho!<\/p>\n<p><a href=\"https:\/\/drive.google.com\/file\/d\/1RUevk7x5YTyk7ccYdGpe5V-ASX1VZ83x\/view?usp=drive_link\"><img loading=\"lazy\" decoding=\"async\" class=\"wp-image-7166 aligncenter\" src=\"https:\/\/agora.xtec.cat\/ceipcalvetdestrella\/wp-content\/uploads\/usu1846\/2025\/12\/CONCERT-NADAL-1-1024x576.png\" alt=\"\" width=\"487\" height=\"274\" srcset=\"https:\/\/agora.xtec.cat\/ceipcalvetdestrella\/wp-content\/uploads\/usu1846\/2025\/12\/CONCERT-NADAL-1-1024x576.png 1024w, https:\/\/agora.xtec.cat\/ceipcalvetdestrella\/wp-content\/uploads\/usu1846\/2025\/12\/CONCERT-NADAL-1-300x169.png 300w, https:\/\/agora.xtec.cat\/ceipcalvetdestrella\/wp-content\/uploads\/usu1846\/2025\/12\/CONCERT-NADAL-1-768x432.png 768w, https:\/\/agora.xtec.cat\/ceipcalvetdestrella\/wp-content\/uploads\/usu1846\/2025\/12\/CONCERT-NADAL-1-1536x864.png 1536w, https:\/\/agora.xtec.cat\/ceipcalvetdestrella\/wp-content\/uploads\/usu1846\/2025\/12\/CONCERT-NADAL-1.png 1920w\" sizes=\"auto, (max-width: 487px) 100vw, 487px\" \/><\/a><\/p>\n","protected":false},"excerpt":{"rendered":"<p>Un curs m\u00e9s, la nostra escola ha tornat a omplir-se de m\u00fasica, il\u00b7lusi\u00f3 i emoci\u00f3 amb el nostre tradicional concert de Nadal. Els nens i nenes han compartit amb nosaltres tot l\u2019esfor\u00e7, la dedicaci\u00f3 i les ganes que han posat durant les setmanes de preparaci\u00f3, regalant-nos un moment molt especial. Volem agrair a totes les [&hellip;]<\/p>\n","protected":false},"author":41,"featured_media":0,"comment_status":"open","ping_status":"open","sticky":false,"template":"","format":"standard","meta":{"_bbp_topic_count":0,"_bbp_reply_count":0,"_bbp_total_topic_count":0,"_bbp_total_reply_count":0,"_bbp_voice_count":0,"_bbp_anonymous_reply_count":0,"_bbp_topic_count_hidden":0,"_bbp_reply_count_hidden":0,"_bbp_forum_subforum_count":0,"site-sidebar-layout":"default","site-content-layout":"","ast-site-content-layout":"default","site-content-style":"default","site-sidebar-style":"default","ast-global-header-display":"","ast-banner-title-visibility":"","ast-main-header-display":"","ast-hfb-above-header-display":"","ast-hfb-below-header-display":"","ast-hfb-mobile-header-display":"","site-post-title":"","ast-breadcrumbs-content":"","ast-featured-img":"","footer-sml-layout":"","theme-transparent-header-meta":"default","adv-header-id-meta":"","stick-header-meta":"","header-above-stick-meta":"","header-main-stick-meta":"","header-below-stick-meta":"","astra-migrate-meta-layouts":"set","ast-page-background-enabled":"default","ast-page-background-meta":{"desktop":{"background-color":"var(--ast-global-color-4)","background-image":"","background-repeat":"repeat","background-position":"center center","background-size":"auto","background-attachment":"scroll","background-type":"","background-media":"","overlay-type":"","overlay-color":"","overlay-opacity":"","overlay-gradient":""},"tablet":{"background-color":"","background-image":"","background-repeat":"repeat","background-position":"center center","background-size":"auto","background-attachment":"scroll","background-type":"","background-media":"","overlay-type":"","overlay-color":"","overlay-opacity":"","overlay-gradient":""},"mobile":{"background-color":"","background-image":"","background-repeat":"repeat","background-position":"center center","background-size":"auto","background-attachment":"scroll","background-type":"","background-media":"","overlay-type":"","overlay-color":"","overlay-opacity":"","overlay-gradient":""}},"ast-content-background-meta":{"desktop":{"background-color":"var(--ast-global-color-5)","background-image":"","background-repeat":"repeat","background-position":"center center","background-size":"auto","background-attachment":"scroll","background-type":"","background-media":"","overlay-type":"","overlay-color":"","overlay-opacity":"","overlay-gradient":""},"tablet":{"background-color":"var(--ast-global-color-5)","background-image":"","background-repeat":"repeat","background-position":"center center","background-size":"auto","background-attachment":"scroll","background-type":"","background-media":"","overlay-type":"","overlay-color":"","overlay-opacity":"","overlay-gradient":""},"mobile":{"background-color":"var(--ast-global-color-5)","background-image":"","background-repeat":"repeat","background-position":"center center","background-size":"auto","background-attachment":"scroll","background-type":"","background-media":"","overlay-type":"","overlay-color":"","overlay-opacity":"","overlay-gradient":""}},"footnotes":""},"categories":[1,4],"tags":[],"class_list":["post-7165","post","type-post","status-publish","format-standard","hentry","category-general","category-portada"],"post_mailing_queue_ids":[],"_links":{"self":[{"href":"https:\/\/agora.xtec.cat\/ceipcalvetdestrella\/wp-json\/wp\/v2\/posts\/7165","targetHints":{"allow":["GET"]}}],"collection":[{"href":"https:\/\/agora.xtec.cat\/ceipcalvetdestrella\/wp-json\/wp\/v2\/posts"}],"about":[{"href":"https:\/\/agora.xtec.cat\/ceipcalvetdestrella\/wp-json\/wp\/v2\/types\/post"}],"author":[{"embeddable":true,"href":"https:\/\/agora.xtec.cat\/ceipcalvetdestrella\/wp-json\/wp\/v2\/users\/41"}],"replies":[{"embeddable":true,"href":"https:\/\/agora.xtec.cat\/ceipcalvetdestrella\/wp-json\/wp\/v2\/comments?post=7165"}],"version-history":[{"count":1,"href":"https:\/\/agora.xtec.cat\/ceipcalvetdestrella\/wp-json\/wp\/v2\/posts\/7165\/revisions"}],"predecessor-version":[{"id":7170,"href":"https:\/\/agora.xtec.cat\/ceipcalvetdestrella\/wp-json\/wp\/v2\/posts\/7165\/revisions\/7170"}],"wp:attachment":[{"href":"https:\/\/agora.xtec.cat\/ceipcalvetdestrella\/wp-json\/wp\/v2\/media?parent=7165"}],"wp:term":[{"taxonomy":"category","embeddable":true,"href":"https:\/\/agora.xtec.cat\/ceipcalvetdestrella\/wp-json\/wp\/v2\/categories?post=7165"},{"taxonomy":"post_tag","embeddable":true,"href":"https:\/\/agora.xtec.cat\/ceipcalvetdestrella\/wp-json\/wp\/v2\/tags?post=7165"}],"curies":[{"name":"wp","href":"https:\/\/api.w.org\/{rel}","templated":true}]}}