{"id":6990,"date":"2025-10-31T18:30:49","date_gmt":"2025-10-31T17:30:49","guid":{"rendered":"https:\/\/agora.xtec.cat\/ceipcalvetdestrella\/?p=6990"},"modified":"2025-11-06T11:51:19","modified_gmt":"2025-11-06T10:51:19","slug":"angles-halloween","status":"publish","type":"post","link":"https:\/\/agora.xtec.cat\/ceipcalvetdestrella\/infantil\/angles-halloween\/","title":{"rendered":"Castanyada i Halloween"},"content":{"rendered":"<p><span style=\"font-weight: 400;\">La setmana de la castanyada sempre \u00e9s molt intensa a l\u2019escola, com ja sabeu!\u00a0<\/span><\/p>\n<p><span style=\"font-weight: 400;\">I des d\u2019angl\u00e8s tamb\u00e9 la celebrem molt per\u00f2 enlloc de la castanyada celebrem\u2026 el HALLOWEEN!<\/span><\/p>\n<p><span style=\"font-weight: 400;\">De la mateixa manera que els petits de la casa canten les can\u00e7ons de la castanyada als seus padrins, els m\u00e9s grans els cantem a ells les can\u00e7ons de Halloween que hem estat aprenent a angl\u00e8s.\u00a0<\/span><\/p>\n<p><span style=\"font-weight: 400;\">A m\u00e9s, el dia de la castanyada a la tarda aprofitem per fer unes manualitats terror\u00edfiques!<\/span><\/p>\n<p><span style=\"font-weight: 400;\">Us deixem un recull de fotos\u00a0de com ha estat aquesta setmana tan ESPANTOSA.<\/span><\/p>\n<p><span style=\"font-weight: 400;\">Que tingueu un bon cap de setmana de tardor i recordeu que <\/span><b>dilluns dia 3 \u00e9s festa<\/b><span style=\"font-weight: 400;\">.<\/span><\/p>\n<p><a href=\"https:\/\/drive.google.com\/drive\/folders\/1TPzA4kkgVnN4najRQlTURLFUOnj1LtgP?usp=sharing\"><img loading=\"lazy\" decoding=\"async\" class=\"alignnone size-full wp-image-6991\" src=\"https:\/\/agora.xtec.cat\/ceipcalvetdestrella\/wp-content\/uploads\/usu1846\/2025\/10\/d223af88-8b65-4205-b396-84474f45c380.png\" alt=\"\" width=\"1024\" height=\"683\" srcset=\"https:\/\/agora.xtec.cat\/ceipcalvetdestrella\/wp-content\/uploads\/usu1846\/2025\/10\/d223af88-8b65-4205-b396-84474f45c380.png 1024w, https:\/\/agora.xtec.cat\/ceipcalvetdestrella\/wp-content\/uploads\/usu1846\/2025\/10\/d223af88-8b65-4205-b396-84474f45c380-300x200.png 300w, https:\/\/agora.xtec.cat\/ceipcalvetdestrella\/wp-content\/uploads\/usu1846\/2025\/10\/d223af88-8b65-4205-b396-84474f45c380-768x512.png 768w\" sizes=\"auto, (max-width: 1024px) 100vw, 1024px\" \/><\/a><\/p>\n<p>&nbsp;<\/p>\n<p>&nbsp;<\/p>\n<p>&nbsp;<\/p>\n<p>&nbsp;<\/p>\n","protected":false},"excerpt":{"rendered":"<p>La setmana de la castanyada sempre \u00e9s molt intensa a l\u2019escola, com ja sabeu!\u00a0 I des d\u2019angl\u00e8s tamb\u00e9 la celebrem molt per\u00f2 enlloc de la castanyada celebrem\u2026 el HALLOWEEN! De la mateixa manera que els petits de la casa canten les can\u00e7ons de la castanyada als seus padrins, els m\u00e9s grans els cantem a ells [&hellip;]<\/p>\n","protected":false},"author":25,"featured_media":0,"comment_status":"open","ping_status":"open","sticky":false,"template":"","format":"standard","meta":{"_bbp_topic_count":0,"_bbp_reply_count":0,"_bbp_total_topic_count":0,"_bbp_total_reply_count":0,"_bbp_voice_count":0,"_bbp_anonymous_reply_count":0,"_bbp_topic_count_hidden":0,"_bbp_reply_count_hidden":0,"_bbp_forum_subforum_count":0,"site-sidebar-layout":"default","site-content-layout":"","ast-site-content-layout":"default","site-content-style":"default","site-sidebar-style":"default","ast-global-header-display":"","ast-banner-title-visibility":"","ast-main-header-display":"","ast-hfb-above-header-display":"","ast-hfb-below-header-display":"","ast-hfb-mobile-header-display":"","site-post-title":"","ast-breadcrumbs-content":"","ast-featured-img":"","footer-sml-layout":"","theme-transparent-header-meta":"default","adv-header-id-meta":"","stick-header-meta":"","header-above-stick-meta":"","header-main-stick-meta":"","header-below-stick-meta":"","astra-migrate-meta-layouts":"set","ast-page-background-enabled":"default","ast-page-background-meta":{"desktop":{"background-color":"var(--ast-global-color-4)","background-image":"","background-repeat":"repeat","background-position":"center center","background-size":"auto","background-attachment":"scroll","background-type":"","background-media":"","overlay-type":"","overlay-color":"","overlay-opacity":"","overlay-gradient":""},"tablet":{"background-color":"","background-image":"","background-repeat":"repeat","background-position":"center center","background-size":"auto","background-attachment":"scroll","background-type":"","background-media":"","overlay-type":"","overlay-color":"","overlay-opacity":"","overlay-gradient":""},"mobile":{"background-color":"","background-image":"","background-repeat":"repeat","background-position":"center center","background-size":"auto","background-attachment":"scroll","background-type":"","background-media":"","overlay-type":"","overlay-color":"","overlay-opacity":"","overlay-gradient":""}},"ast-content-background-meta":{"desktop":{"background-color":"var(--ast-global-color-5)","background-image":"","background-repeat":"repeat","background-position":"center center","background-size":"auto","background-attachment":"scroll","background-type":"","background-media":"","overlay-type":"","overlay-color":"","overlay-opacity":"","overlay-gradient":""},"tablet":{"background-color":"var(--ast-global-color-5)","background-image":"","background-repeat":"repeat","background-position":"center center","background-size":"auto","background-attachment":"scroll","background-type":"","background-media":"","overlay-type":"","overlay-color":"","overlay-opacity":"","overlay-gradient":""},"mobile":{"background-color":"var(--ast-global-color-5)","background-image":"","background-repeat":"repeat","background-position":"center center","background-size":"auto","background-attachment":"scroll","background-type":"","background-media":"","overlay-type":"","overlay-color":"","overlay-opacity":"","overlay-gradient":""}},"footnotes":""},"categories":[109,99,90,3,8,9,2,4,5],"tags":[],"class_list":["post-6990","post","type-post","status-publish","format-standard","hentry","category-angles","category-especialitats","category-gep","category-i3","category-p4","category-p5","category-infantil","category-portada","category-primaria"],"post_mailing_queue_ids":[],"_links":{"self":[{"href":"https:\/\/agora.xtec.cat\/ceipcalvetdestrella\/wp-json\/wp\/v2\/posts\/6990","targetHints":{"allow":["GET"]}}],"collection":[{"href":"https:\/\/agora.xtec.cat\/ceipcalvetdestrella\/wp-json\/wp\/v2\/posts"}],"about":[{"href":"https:\/\/agora.xtec.cat\/ceipcalvetdestrella\/wp-json\/wp\/v2\/types\/post"}],"author":[{"embeddable":true,"href":"https:\/\/agora.xtec.cat\/ceipcalvetdestrella\/wp-json\/wp\/v2\/users\/25"}],"replies":[{"embeddable":true,"href":"https:\/\/agora.xtec.cat\/ceipcalvetdestrella\/wp-json\/wp\/v2\/comments?post=6990"}],"version-history":[{"count":3,"href":"https:\/\/agora.xtec.cat\/ceipcalvetdestrella\/wp-json\/wp\/v2\/posts\/6990\/revisions"}],"predecessor-version":[{"id":7024,"href":"https:\/\/agora.xtec.cat\/ceipcalvetdestrella\/wp-json\/wp\/v2\/posts\/6990\/revisions\/7024"}],"wp:attachment":[{"href":"https:\/\/agora.xtec.cat\/ceipcalvetdestrella\/wp-json\/wp\/v2\/media?parent=6990"}],"wp:term":[{"taxonomy":"category","embeddable":true,"href":"https:\/\/agora.xtec.cat\/ceipcalvetdestrella\/wp-json\/wp\/v2\/categories?post=6990"},{"taxonomy":"post_tag","embeddable":true,"href":"https:\/\/agora.xtec.cat\/ceipcalvetdestrella\/wp-json\/wp\/v2\/tags?post=6990"}],"curies":[{"name":"wp","href":"https:\/\/api.w.org\/{rel}","templated":true}]}}