{"id":6972,"date":"2025-10-27T12:42:10","date_gmt":"2025-10-27T11:42:10","guid":{"rendered":"https:\/\/agora.xtec.cat\/ceipcalvetdestrella\/?p=6972"},"modified":"2025-10-27T22:42:19","modified_gmt":"2025-10-27T21:42:19","slug":"i5-ha-arribat-la-tardor","status":"publish","type":"post","link":"https:\/\/agora.xtec.cat\/ceipcalvetdestrella\/infantil\/i5-ha-arribat-la-tardor\/","title":{"rendered":"I5 &#8211; Ha arribat la tardor!"},"content":{"rendered":"<p><span style=\"font-weight: 400;\">Aquest curs, els nens i nenes d\u2019Infantil 5 anys comencem amb moltes ganes de continuar aprenent i passant-ho molt b\u00e9 a la nostra classe, la classe dels Taurons. <\/span><span style=\"font-weight: 400;\">Estem molt il\u00b7lusionats\/es per descobrir i viure noves aventures plegats\/es.<\/span><\/p>\n<p><span style=\"font-weight: 400;\">Aquests dies hem comen\u00e7at a parlar sobre la tardor, una estaci\u00f3 plena de colors, olors i sabors deliciosos. H<\/span><span style=\"font-weight: 400;\">em aprofitat les fruites de la tardor que els nens i nenes han portat a l&#8217;escola per fer tota mena d&#8217;activitats:\u00a0<\/span><span style=\"font-size: 16px; font-style: normal; font-weight: 400;\">les hem classificat segons si s\u00f3n seques o carnoses,<\/span><span style=\"font-size: 16px; font-style: normal; font-weight: 400;\"> les hem tastat, <\/span><span style=\"font-size: 16px; font-weight: 400;\">hem resolt un problema matem\u00e0tic amb castanyes, i hem jugat a comprar i vendre fruits secs. Tamb\u00e9 <\/span><span style=\"font-size: 16px; font-weight: 400;\">hem fet un barret de paper amb forma de castanya per anar ben guarnits\/es el dia que arribi la castanyera.\u00a0<\/span><\/p>\n<p><span style=\"font-weight: 400;\">Ens ho estem passant d\u2019all\u00f2 m\u00e9s b\u00e9 mentre aprenem un munt de coses noves!\u00a0<\/span><\/p>\n<p>Per veure les imatges cliqueu <a href=\"https:\/\/drive.google.com\/drive\/folders\/11oDm2DlLFLbUCY1UArHaKrZODp_lr_KN?usp=drive_link\">aqu\u00ed.<\/a><\/p>\n","protected":false},"excerpt":{"rendered":"<p>Aquest curs, els nens i nenes d\u2019Infantil 5 anys comencem amb moltes ganes de continuar aprenent i passant-ho molt b\u00e9 a la nostra classe, la classe dels Taurons. Estem molt il\u00b7lusionats\/es per descobrir i viure noves aventures plegats\/es. Aquests dies hem comen\u00e7at a parlar sobre la tardor, una estaci\u00f3 plena de colors, olors i sabors [&hellip;]<\/p>\n","protected":false},"author":41,"featured_media":6984,"comment_status":"open","ping_status":"open","sticky":false,"template":"","format":"standard","meta":{"_bbp_topic_count":0,"_bbp_reply_count":0,"_bbp_total_topic_count":0,"_bbp_total_reply_count":0,"_bbp_voice_count":0,"_bbp_anonymous_reply_count":0,"_bbp_topic_count_hidden":0,"_bbp_reply_count_hidden":0,"_bbp_forum_subforum_count":0,"site-sidebar-layout":"default","site-content-layout":"","ast-site-content-layout":"default","site-content-style":"default","site-sidebar-style":"default","ast-global-header-display":"","ast-banner-title-visibility":"","ast-main-header-display":"","ast-hfb-above-header-display":"","ast-hfb-below-header-display":"","ast-hfb-mobile-header-display":"","site-post-title":"","ast-breadcrumbs-content":"","ast-featured-img":"","footer-sml-layout":"","theme-transparent-header-meta":"default","adv-header-id-meta":"","stick-header-meta":"","header-above-stick-meta":"","header-main-stick-meta":"","header-below-stick-meta":"","astra-migrate-meta-layouts":"set","ast-page-background-enabled":"default","ast-page-background-meta":{"desktop":{"background-color":"var(--ast-global-color-4)","background-image":"","background-repeat":"repeat","background-position":"center center","background-size":"auto","background-attachment":"scroll","background-type":"","background-media":"","overlay-type":"","overlay-color":"","overlay-opacity":"","overlay-gradient":""},"tablet":{"background-color":"","background-image":"","background-repeat":"repeat","background-position":"center center","background-size":"auto","background-attachment":"scroll","background-type":"","background-media":"","overlay-type":"","overlay-color":"","overlay-opacity":"","overlay-gradient":""},"mobile":{"background-color":"","background-image":"","background-repeat":"repeat","background-position":"center center","background-size":"auto","background-attachment":"scroll","background-type":"","background-media":"","overlay-type":"","overlay-color":"","overlay-opacity":"","overlay-gradient":""}},"ast-content-background-meta":{"desktop":{"background-color":"var(--ast-global-color-5)","background-image":"","background-repeat":"repeat","background-position":"center center","background-size":"auto","background-attachment":"scroll","background-type":"","background-media":"","overlay-type":"","overlay-color":"","overlay-opacity":"","overlay-gradient":""},"tablet":{"background-color":"var(--ast-global-color-5)","background-image":"","background-repeat":"repeat","background-position":"center center","background-size":"auto","background-attachment":"scroll","background-type":"","background-media":"","overlay-type":"","overlay-color":"","overlay-opacity":"","overlay-gradient":""},"mobile":{"background-color":"var(--ast-global-color-5)","background-image":"","background-repeat":"repeat","background-position":"center center","background-size":"auto","background-attachment":"scroll","background-type":"","background-media":"","overlay-type":"","overlay-color":"","overlay-opacity":"","overlay-gradient":""}},"footnotes":""},"categories":[3,8,9,2],"tags":[],"class_list":["post-6972","post","type-post","status-publish","format-standard","has-post-thumbnail","hentry","category-i3","category-p4","category-p5","category-infantil"],"post_mailing_queue_ids":[],"_links":{"self":[{"href":"https:\/\/agora.xtec.cat\/ceipcalvetdestrella\/wp-json\/wp\/v2\/posts\/6972","targetHints":{"allow":["GET"]}}],"collection":[{"href":"https:\/\/agora.xtec.cat\/ceipcalvetdestrella\/wp-json\/wp\/v2\/posts"}],"about":[{"href":"https:\/\/agora.xtec.cat\/ceipcalvetdestrella\/wp-json\/wp\/v2\/types\/post"}],"author":[{"embeddable":true,"href":"https:\/\/agora.xtec.cat\/ceipcalvetdestrella\/wp-json\/wp\/v2\/users\/41"}],"replies":[{"embeddable":true,"href":"https:\/\/agora.xtec.cat\/ceipcalvetdestrella\/wp-json\/wp\/v2\/comments?post=6972"}],"version-history":[{"count":5,"href":"https:\/\/agora.xtec.cat\/ceipcalvetdestrella\/wp-json\/wp\/v2\/posts\/6972\/revisions"}],"predecessor-version":[{"id":6986,"href":"https:\/\/agora.xtec.cat\/ceipcalvetdestrella\/wp-json\/wp\/v2\/posts\/6972\/revisions\/6986"}],"wp:featuredmedia":[{"embeddable":true,"href":"https:\/\/agora.xtec.cat\/ceipcalvetdestrella\/wp-json\/wp\/v2\/media\/6984"}],"wp:attachment":[{"href":"https:\/\/agora.xtec.cat\/ceipcalvetdestrella\/wp-json\/wp\/v2\/media?parent=6972"}],"wp:term":[{"taxonomy":"category","embeddable":true,"href":"https:\/\/agora.xtec.cat\/ceipcalvetdestrella\/wp-json\/wp\/v2\/categories?post=6972"},{"taxonomy":"post_tag","embeddable":true,"href":"https:\/\/agora.xtec.cat\/ceipcalvetdestrella\/wp-json\/wp\/v2\/tags?post=6972"}],"curies":[{"name":"wp","href":"https:\/\/api.w.org\/{rel}","templated":true}]}}