{"id":6819,"date":"2025-06-22T19:52:21","date_gmt":"2025-06-22T17:52:21","guid":{"rendered":"https:\/\/agora.xtec.cat\/ceipcalvetdestrella\/?p=6819"},"modified":"2025-06-26T12:50:24","modified_gmt":"2025-06-26T10:50:24","slug":"1-r-representacio-de-contes-padrins-fillols","status":"publish","type":"post","link":"https:\/\/agora.xtec.cat\/ceipcalvetdestrella\/primaria\/1-r-representacio-de-contes-padrins-fillols\/","title":{"rendered":"1-R REPRESENTACI\u00d3 DE CONTES PADRINS\/FILLOLS"},"content":{"rendered":"<p>\u201cEls padrins i padrines ens van fer una representaci\u00f3 de diferents contes i ens va encantar! Van actuar molt b\u00e9 i vam recon\u00e8ixer hist\u00f2ries que ja coneix\u00edem. Ens vam divertir molt mirant-los i ens va fer molta il\u00b7lusi\u00f3 compartir aquesta estona amb ells. Gr\u00e0cies, padrins!<\/p>\n<p>Per veure m\u00e9s imatges clica en l\u00b4enlla\u00e7. <a href=\"https:\/\/drive.google.com\/drive\/u\/7\/folders\/1NXtyQ1Vj9EHXLUsXwFqH_xgvIO9qLofX\">https:\/\/drive.google.com\/drive\/u\/7\/folders\/1NXtyQ1Vj9EHXLUsXwFqH_xgvIO9qLofX<\/a><a href=\"https:\/\/agora.xtec.cat\/ceipcalvetdestrella\/wp-content\/uploads\/usu1846\/2025\/06\/IMG_2503_11zon-scaled.jpg\"><img loading=\"lazy\" decoding=\"async\" class=\"wp-image-6822 aligncenter\" src=\"https:\/\/agora.xtec.cat\/ceipcalvetdestrella\/wp-content\/uploads\/usu1846\/2025\/06\/IMG_2503_11zon-1024x768.jpg\" alt=\"\" width=\"321\" height=\"241\" srcset=\"https:\/\/agora.xtec.cat\/ceipcalvetdestrella\/wp-content\/uploads\/usu1846\/2025\/06\/IMG_2503_11zon-1024x768.jpg 1024w, https:\/\/agora.xtec.cat\/ceipcalvetdestrella\/wp-content\/uploads\/usu1846\/2025\/06\/IMG_2503_11zon-300x225.jpg 300w, https:\/\/agora.xtec.cat\/ceipcalvetdestrella\/wp-content\/uploads\/usu1846\/2025\/06\/IMG_2503_11zon-768x576.jpg 768w, https:\/\/agora.xtec.cat\/ceipcalvetdestrella\/wp-content\/uploads\/usu1846\/2025\/06\/IMG_2503_11zon-1536x1152.jpg 1536w, https:\/\/agora.xtec.cat\/ceipcalvetdestrella\/wp-content\/uploads\/usu1846\/2025\/06\/IMG_2503_11zon-2048x1536.jpg 2048w, https:\/\/agora.xtec.cat\/ceipcalvetdestrella\/wp-content\/uploads\/usu1846\/2025\/06\/IMG_2503_11zon-200x150.jpg 200w\" sizes=\"auto, (max-width: 321px) 100vw, 321px\" \/><\/a><\/p>\n<p>&nbsp;<\/p>\n","protected":false},"excerpt":{"rendered":"<p>\u201cEls padrins i padrines ens van fer una representaci\u00f3 de diferents contes i ens va encantar! Van actuar molt b\u00e9 i vam recon\u00e8ixer hist\u00f2ries que ja coneix\u00edem. Ens vam divertir molt mirant-los i ens va fer molta il\u00b7lusi\u00f3 compartir aquesta estona amb ells. Gr\u00e0cies, padrins! Per veure m\u00e9s imatges clica en l\u00b4enlla\u00e7. https:\/\/drive.google.com\/drive\/u\/7\/folders\/1NXtyQ1Vj9EHXLUsXwFqH_xgvIO9qLofX &nbsp;<\/p>\n","protected":false},"author":1,"featured_media":0,"comment_status":"open","ping_status":"open","sticky":false,"template":"","format":"standard","meta":{"_bbp_topic_count":0,"_bbp_reply_count":0,"_bbp_total_topic_count":0,"_bbp_total_reply_count":0,"_bbp_voice_count":0,"_bbp_anonymous_reply_count":0,"_bbp_topic_count_hidden":0,"_bbp_reply_count_hidden":0,"_bbp_forum_subforum_count":0,"site-sidebar-layout":"default","site-content-layout":"","ast-site-content-layout":"","site-content-style":"default","site-sidebar-style":"default","ast-global-header-display":"","ast-banner-title-visibility":"","ast-main-header-display":"","ast-hfb-above-header-display":"","ast-hfb-below-header-display":"","ast-hfb-mobile-header-display":"","site-post-title":"","ast-breadcrumbs-content":"","ast-featured-img":"","footer-sml-layout":"","theme-transparent-header-meta":"","adv-header-id-meta":"","stick-header-meta":"","header-above-stick-meta":"","header-main-stick-meta":"","header-below-stick-meta":"","astra-migrate-meta-layouts":"default","ast-page-background-enabled":"default","ast-page-background-meta":{"desktop":{"background-color":"var(--ast-global-color-4)","background-image":"","background-repeat":"repeat","background-position":"center center","background-size":"auto","background-attachment":"scroll","background-type":"","background-media":"","overlay-type":"","overlay-color":"","overlay-opacity":"","overlay-gradient":""},"tablet":{"background-color":"","background-image":"","background-repeat":"repeat","background-position":"center center","background-size":"auto","background-attachment":"scroll","background-type":"","background-media":"","overlay-type":"","overlay-color":"","overlay-opacity":"","overlay-gradient":""},"mobile":{"background-color":"","background-image":"","background-repeat":"repeat","background-position":"center center","background-size":"auto","background-attachment":"scroll","background-type":"","background-media":"","overlay-type":"","overlay-color":"","overlay-opacity":"","overlay-gradient":""}},"ast-content-background-meta":{"desktop":{"background-color":"var(--ast-global-color-5)","background-image":"","background-repeat":"repeat","background-position":"center center","background-size":"auto","background-attachment":"scroll","background-type":"","background-media":"","overlay-type":"","overlay-color":"","overlay-opacity":"","overlay-gradient":""},"tablet":{"background-color":"var(--ast-global-color-5)","background-image":"","background-repeat":"repeat","background-position":"center center","background-size":"auto","background-attachment":"scroll","background-type":"","background-media":"","overlay-type":"","overlay-color":"","overlay-opacity":"","overlay-gradient":""},"mobile":{"background-color":"var(--ast-global-color-5)","background-image":"","background-repeat":"repeat","background-position":"center center","background-size":"auto","background-attachment":"scroll","background-type":"","background-media":"","overlay-type":"","overlay-color":"","overlay-opacity":"","overlay-gradient":""}},"footnotes":""},"categories":[10,94,5],"tags":[],"class_list":["post-6819","post","type-post","status-publish","format-standard","hentry","category-1r","category-cicle-inicial","category-primaria"],"post_mailing_queue_ids":[],"_links":{"self":[{"href":"https:\/\/agora.xtec.cat\/ceipcalvetdestrella\/wp-json\/wp\/v2\/posts\/6819","targetHints":{"allow":["GET"]}}],"collection":[{"href":"https:\/\/agora.xtec.cat\/ceipcalvetdestrella\/wp-json\/wp\/v2\/posts"}],"about":[{"href":"https:\/\/agora.xtec.cat\/ceipcalvetdestrella\/wp-json\/wp\/v2\/types\/post"}],"author":[{"embeddable":true,"href":"https:\/\/agora.xtec.cat\/ceipcalvetdestrella\/wp-json\/wp\/v2\/users\/1"}],"replies":[{"embeddable":true,"href":"https:\/\/agora.xtec.cat\/ceipcalvetdestrella\/wp-json\/wp\/v2\/comments?post=6819"}],"version-history":[{"count":1,"href":"https:\/\/agora.xtec.cat\/ceipcalvetdestrella\/wp-json\/wp\/v2\/posts\/6819\/revisions"}],"predecessor-version":[{"id":6823,"href":"https:\/\/agora.xtec.cat\/ceipcalvetdestrella\/wp-json\/wp\/v2\/posts\/6819\/revisions\/6823"}],"wp:attachment":[{"href":"https:\/\/agora.xtec.cat\/ceipcalvetdestrella\/wp-json\/wp\/v2\/media?parent=6819"}],"wp:term":[{"taxonomy":"category","embeddable":true,"href":"https:\/\/agora.xtec.cat\/ceipcalvetdestrella\/wp-json\/wp\/v2\/categories?post=6819"},{"taxonomy":"post_tag","embeddable":true,"href":"https:\/\/agora.xtec.cat\/ceipcalvetdestrella\/wp-json\/wp\/v2\/tags?post=6819"}],"curies":[{"name":"wp","href":"https:\/\/api.w.org\/{rel}","templated":true}]}}