{"id":6594,"date":"2025-04-10T16:00:17","date_gmt":"2025-04-10T14:00:17","guid":{"rendered":"https:\/\/agora.xtec.cat\/ceipcalvetdestrella\/?p=6594"},"modified":"2025-03-28T12:21:27","modified_gmt":"2025-03-28T11:21:27","slug":"i3-psicomotricitat-amb-families","status":"publish","type":"post","link":"https:\/\/agora.xtec.cat\/ceipcalvetdestrella\/infantil\/i3-psicomotricitat-amb-families\/","title":{"rendered":"I3- Psicomotricitat amb fam\u00edlies!"},"content":{"rendered":"<p><a href=\"https:\/\/agora.xtec.cat\/ceipcalvetdestrella\/wp-content\/uploads\/usu1846\/2025\/03\/IMG_8384-1-scaled.jpg\"><img loading=\"lazy\" decoding=\"async\" class=\"wp-image-6595 aligncenter\" src=\"https:\/\/agora.xtec.cat\/ceipcalvetdestrella\/wp-content\/uploads\/usu1846\/2025\/03\/IMG_8384-1-1024x768.jpg\" alt=\"\" width=\"443\" height=\"332\" srcset=\"https:\/\/agora.xtec.cat\/ceipcalvetdestrella\/wp-content\/uploads\/usu1846\/2025\/03\/IMG_8384-1-1024x768.jpg 1024w, https:\/\/agora.xtec.cat\/ceipcalvetdestrella\/wp-content\/uploads\/usu1846\/2025\/03\/IMG_8384-1-300x225.jpg 300w, https:\/\/agora.xtec.cat\/ceipcalvetdestrella\/wp-content\/uploads\/usu1846\/2025\/03\/IMG_8384-1-768x576.jpg 768w, https:\/\/agora.xtec.cat\/ceipcalvetdestrella\/wp-content\/uploads\/usu1846\/2025\/03\/IMG_8384-1-1536x1152.jpg 1536w, https:\/\/agora.xtec.cat\/ceipcalvetdestrella\/wp-content\/uploads\/usu1846\/2025\/03\/IMG_8384-1-2048x1536.jpg 2048w, https:\/\/agora.xtec.cat\/ceipcalvetdestrella\/wp-content\/uploads\/usu1846\/2025\/03\/IMG_8384-1-200x150.jpg 200w\" sizes=\"auto, (max-width: 443px) 100vw, 443px\" \/><\/a><\/p>\n<p style=\"text-align: justify;\">Aquest mes hem tingut l\u2019oportunitat de dur a terme una activitat molt especial amb les fam\u00edlies a l\u2019escola. Els infants d\u2019I3 van gaudir d\u2019una sessi\u00f3 de psicomotricitat, una proposta en qu\u00e8 les fam\u00edlies van poder participar activament. Vam passar una tarda plena de diversi\u00f3 i complicitat, compartint moments \u00fanics tots junts\/es.<\/p>\n<p style=\"text-align: justify;\">Durant l&#8217;activitat, els infants van tenir l\u2019oportunitat de mostrar als seus pares i mares les seves habilitats motrius, mentre que les fam\u00edlies van poder viure una experi\u00e8ncia compartida, en qu\u00e8 els petits i petites van ser els veritables protagonistes. A trav\u00e9s de diversos jocs i exercicis din\u00e0mics, vam treballar conjuntament l\u2019equilibri i la coordinaci\u00f3, tot fomentant l\u2019aprenentatge a trav\u00e9s del joc i la col\u00b7laboraci\u00f3.<\/p>\n<p style=\"text-align: justify;\">Va ser una tarda inoblidable, on no nom\u00e9s vam contribuir al desenvolupament f\u00edsic i motor dels infants, sin\u00f3 tamb\u00e9 a enfortir els vincles familiars.<\/p>\n<p style=\"text-align: justify;\">Si voleu veure com va anar la jornada, cliqueu <a href=\"https:\/\/drive.google.com\/drive\/folders\/1-S-7CpLMP4Gu33dY4bZNKwm-QRrrzrzD?usp=drive_link\">aqu\u00ed<\/a>.<\/p>\n","protected":false},"excerpt":{"rendered":"<p>Aquest mes hem tingut l\u2019oportunitat de dur a terme una activitat molt especial amb les fam\u00edlies a l\u2019escola. Els infants d\u2019I3 van gaudir d\u2019una sessi\u00f3 de psicomotricitat, una proposta en qu\u00e8 les fam\u00edlies van poder participar activament. Vam passar una tarda plena de diversi\u00f3 i complicitat, compartint moments \u00fanics tots junts\/es. Durant l&#8217;activitat, els infants [&hellip;]<\/p>\n","protected":false},"author":43,"featured_media":6595,"comment_status":"open","ping_status":"closed","sticky":false,"template":"","format":"standard","meta":{"_bbp_topic_count":0,"_bbp_reply_count":0,"_bbp_total_topic_count":0,"_bbp_total_reply_count":0,"_bbp_voice_count":0,"_bbp_anonymous_reply_count":0,"_bbp_topic_count_hidden":0,"_bbp_reply_count_hidden":0,"_bbp_forum_subforum_count":0,"site-sidebar-layout":"default","site-content-layout":"","ast-site-content-layout":"","site-content-style":"default","site-sidebar-style":"default","ast-global-header-display":"","ast-banner-title-visibility":"","ast-main-header-display":"","ast-hfb-above-header-display":"","ast-hfb-below-header-display":"","ast-hfb-mobile-header-display":"","site-post-title":"","ast-breadcrumbs-content":"","ast-featured-img":"","footer-sml-layout":"","theme-transparent-header-meta":"","adv-header-id-meta":"","stick-header-meta":"","header-above-stick-meta":"","header-main-stick-meta":"","header-below-stick-meta":"","astra-migrate-meta-layouts":"default","ast-page-background-enabled":"default","ast-page-background-meta":{"desktop":{"background-color":"var(--ast-global-color-4)","background-image":"","background-repeat":"repeat","background-position":"center center","background-size":"auto","background-attachment":"scroll","background-type":"","background-media":"","overlay-type":"","overlay-color":"","overlay-opacity":"","overlay-gradient":""},"tablet":{"background-color":"","background-image":"","background-repeat":"repeat","background-position":"center center","background-size":"auto","background-attachment":"scroll","background-type":"","background-media":"","overlay-type":"","overlay-color":"","overlay-opacity":"","overlay-gradient":""},"mobile":{"background-color":"","background-image":"","background-repeat":"repeat","background-position":"center center","background-size":"auto","background-attachment":"scroll","background-type":"","background-media":"","overlay-type":"","overlay-color":"","overlay-opacity":"","overlay-gradient":""}},"ast-content-background-meta":{"desktop":{"background-color":"var(--ast-global-color-5)","background-image":"","background-repeat":"repeat","background-position":"center center","background-size":"auto","background-attachment":"scroll","background-type":"","background-media":"","overlay-type":"","overlay-color":"","overlay-opacity":"","overlay-gradient":""},"tablet":{"background-color":"var(--ast-global-color-5)","background-image":"","background-repeat":"repeat","background-position":"center center","background-size":"auto","background-attachment":"scroll","background-type":"","background-media":"","overlay-type":"","overlay-color":"","overlay-opacity":"","overlay-gradient":""},"mobile":{"background-color":"var(--ast-global-color-5)","background-image":"","background-repeat":"repeat","background-position":"center center","background-size":"auto","background-attachment":"scroll","background-type":"","background-media":"","overlay-type":"","overlay-color":"","overlay-opacity":"","overlay-gradient":""}},"footnotes":""},"categories":[3,2],"tags":[],"class_list":["post-6594","post","type-post","status-publish","format-standard","has-post-thumbnail","hentry","category-i3","category-infantil"],"post_mailing_queue_ids":[],"_links":{"self":[{"href":"https:\/\/agora.xtec.cat\/ceipcalvetdestrella\/wp-json\/wp\/v2\/posts\/6594","targetHints":{"allow":["GET"]}}],"collection":[{"href":"https:\/\/agora.xtec.cat\/ceipcalvetdestrella\/wp-json\/wp\/v2\/posts"}],"about":[{"href":"https:\/\/agora.xtec.cat\/ceipcalvetdestrella\/wp-json\/wp\/v2\/types\/post"}],"author":[{"embeddable":true,"href":"https:\/\/agora.xtec.cat\/ceipcalvetdestrella\/wp-json\/wp\/v2\/users\/43"}],"replies":[{"embeddable":true,"href":"https:\/\/agora.xtec.cat\/ceipcalvetdestrella\/wp-json\/wp\/v2\/comments?post=6594"}],"version-history":[{"count":2,"href":"https:\/\/agora.xtec.cat\/ceipcalvetdestrella\/wp-json\/wp\/v2\/posts\/6594\/revisions"}],"predecessor-version":[{"id":6597,"href":"https:\/\/agora.xtec.cat\/ceipcalvetdestrella\/wp-json\/wp\/v2\/posts\/6594\/revisions\/6597"}],"wp:featuredmedia":[{"embeddable":true,"href":"https:\/\/agora.xtec.cat\/ceipcalvetdestrella\/wp-json\/wp\/v2\/media\/6595"}],"wp:attachment":[{"href":"https:\/\/agora.xtec.cat\/ceipcalvetdestrella\/wp-json\/wp\/v2\/media?parent=6594"}],"wp:term":[{"taxonomy":"category","embeddable":true,"href":"https:\/\/agora.xtec.cat\/ceipcalvetdestrella\/wp-json\/wp\/v2\/categories?post=6594"},{"taxonomy":"post_tag","embeddable":true,"href":"https:\/\/agora.xtec.cat\/ceipcalvetdestrella\/wp-json\/wp\/v2\/tags?post=6594"}],"curies":[{"name":"wp","href":"https:\/\/api.w.org\/{rel}","templated":true}]}}