{"id":6533,"date":"2025-03-08T12:47:42","date_gmt":"2025-03-08T11:47:42","guid":{"rendered":"https:\/\/agora.xtec.cat\/ceipcalvetdestrella\/?p=6533"},"modified":"2025-03-08T16:41:07","modified_gmt":"2025-03-08T15:41:07","slug":"setmana-cultural-lescola-antiga","status":"publish","type":"post","link":"https:\/\/agora.xtec.cat\/ceipcalvetdestrella\/infantil\/setmana-cultural-lescola-antiga\/","title":{"rendered":"SETMANA CULTURAL: L&#8217;ESCOLA ANTIGA"},"content":{"rendered":"<p>Aquest any la setmana cultural va estar enfocada en el 50\u00e8 aniversari de la nostra escola!<\/p>\n<p>Vam realitzar tres tallers vers aquesta tem\u00e0tica:<\/p>\n<p><strong>QUI ERA EN CALVET D\u2019ESTRELLA? <\/strong><\/p>\n<p>Un d\u2019ells va ser aprendre qui era el senyor Crist\u00f2for Calvet d\u2019Estrella i en l\u2019\u00e8poca en qu\u00e8 va viure, els aliments, vestimentes&#8230; del moment hist\u00f2ric tot fent una gimcana per l\u2019escola!<\/p>\n<p><a href=\"https:\/\/drive.google.com\/drive\/folders\/1XNIk8C1T4IdG5-_u94xa3E81l_NviZGD\"><img loading=\"lazy\" decoding=\"async\" class=\"alignnone size-large wp-image-6534\" src=\"https:\/\/agora.xtec.cat\/ceipcalvetdestrella\/wp-content\/uploads\/usu1846\/2025\/03\/calvet-estrella-768x1024.jpg\" alt=\"\" width=\"768\" height=\"1024\" srcset=\"https:\/\/agora.xtec.cat\/ceipcalvetdestrella\/wp-content\/uploads\/usu1846\/2025\/03\/calvet-estrella-768x1024.jpg 768w, https:\/\/agora.xtec.cat\/ceipcalvetdestrella\/wp-content\/uploads\/usu1846\/2025\/03\/calvet-estrella-225x300.jpg 225w, https:\/\/agora.xtec.cat\/ceipcalvetdestrella\/wp-content\/uploads\/usu1846\/2025\/03\/calvet-estrella-1152x1536.jpg 1152w, https:\/\/agora.xtec.cat\/ceipcalvetdestrella\/wp-content\/uploads\/usu1846\/2025\/03\/calvet-estrella-1536x2048.jpg 1536w, https:\/\/agora.xtec.cat\/ceipcalvetdestrella\/wp-content\/uploads\/usu1846\/2025\/03\/calvet-estrella-scaled.jpg 1920w\" sizes=\"auto, (max-width: 768px) 100vw, 768px\" \/><\/a><\/p>\n<p>Si voleu veure\u00a0 algunes imatges del taller, premeu a la fotografia.<\/p>\n<p>&nbsp;<\/p>\n<p><strong>JOCS TRADICIONALS<\/strong><\/p>\n<p>En l\u2019altre, vam visionar diferents imatges comparant a qu\u00e8 jugaven els infants fa uns anys, amb els jocs amb els quals s\u2019entretenen els nens i les nenes avui en dia. Finalment, al pati vam estar provant i divertint-nos amb alguns jocs i joguines de l\u2019\u00e8poca antiga.<\/p>\n<p><a href=\"https:\/\/drive.google.com\/drive\/folders\/1pthNf42aqUe9OJhYUm5oa6IHfpW5dPVQ\"><img loading=\"lazy\" decoding=\"async\" class=\"alignnone size-large wp-image-6535\" src=\"https:\/\/agora.xtec.cat\/ceipcalvetdestrella\/wp-content\/uploads\/usu1846\/2025\/03\/jocs2-1024x768.jpg\" alt=\"\" width=\"1024\" height=\"768\" srcset=\"https:\/\/agora.xtec.cat\/ceipcalvetdestrella\/wp-content\/uploads\/usu1846\/2025\/03\/jocs2-1024x768.jpg 1024w, https:\/\/agora.xtec.cat\/ceipcalvetdestrella\/wp-content\/uploads\/usu1846\/2025\/03\/jocs2-300x225.jpg 300w, https:\/\/agora.xtec.cat\/ceipcalvetdestrella\/wp-content\/uploads\/usu1846\/2025\/03\/jocs2-768x576.jpg 768w, https:\/\/agora.xtec.cat\/ceipcalvetdestrella\/wp-content\/uploads\/usu1846\/2025\/03\/jocs2-1536x1152.jpg 1536w, https:\/\/agora.xtec.cat\/ceipcalvetdestrella\/wp-content\/uploads\/usu1846\/2025\/03\/jocs2-2048x1536.jpg 2048w, https:\/\/agora.xtec.cat\/ceipcalvetdestrella\/wp-content\/uploads\/usu1846\/2025\/03\/jocs2-200x150.jpg 200w\" sizes=\"auto, (max-width: 1024px) 100vw, 1024px\" \/><\/a><\/p>\n<p>Si voleu veure\u00a0 algunes imatges del taller, premeu a la fotografia.<\/p>\n<p>&nbsp;<\/p>\n<p><strong>CONNECTEM AMB EL PASSAT<\/strong><\/p>\n<p>En el darrer taller, primer vam estar observant diferents aparells electr\u00f2nics que s\u2019han utilitzat al llarg d\u2019aquests anys tant a les escoles com a la vida quotidiana. A continuaci\u00f3, vam crear un joc de connectors t\u00edpic d\u2019aquell moment.<\/p>\n<p><a href=\"https:\/\/drive.google.com\/drive\/folders\/1xgRnLPodWgAE6WI1Jzdhm9-X2lOdO524\"><img loading=\"lazy\" decoding=\"async\" class=\"alignnone size-large wp-image-6537\" src=\"https:\/\/agora.xtec.cat\/ceipcalvetdestrella\/wp-content\/uploads\/usu1846\/2025\/03\/connector-1024x768.jpg\" alt=\"\" width=\"1024\" height=\"768\" srcset=\"https:\/\/agora.xtec.cat\/ceipcalvetdestrella\/wp-content\/uploads\/usu1846\/2025\/03\/connector-1024x768.jpg 1024w, https:\/\/agora.xtec.cat\/ceipcalvetdestrella\/wp-content\/uploads\/usu1846\/2025\/03\/connector-300x225.jpg 300w, https:\/\/agora.xtec.cat\/ceipcalvetdestrella\/wp-content\/uploads\/usu1846\/2025\/03\/connector-768x576.jpg 768w, https:\/\/agora.xtec.cat\/ceipcalvetdestrella\/wp-content\/uploads\/usu1846\/2025\/03\/connector-1536x1152.jpg 1536w, https:\/\/agora.xtec.cat\/ceipcalvetdestrella\/wp-content\/uploads\/usu1846\/2025\/03\/connector-2048x1536.jpg 2048w, https:\/\/agora.xtec.cat\/ceipcalvetdestrella\/wp-content\/uploads\/usu1846\/2025\/03\/connector-200x150.jpg 200w\" sizes=\"auto, (max-width: 1024px) 100vw, 1024px\" \/><\/a><\/p>\n<p>Si voleu veure\u00a0 algunes imatges del taller, premeu a la fotografia.<\/p>\n","protected":false},"excerpt":{"rendered":"<p>Aquest any la setmana cultural va estar enfocada en el 50\u00e8 aniversari de la nostra escola! Vam realitzar tres tallers vers aquesta tem\u00e0tica: QUI ERA EN CALVET D\u2019ESTRELLA? Un d\u2019ells va ser aprendre qui era el senyor Crist\u00f2for Calvet d\u2019Estrella i en l\u2019\u00e8poca en qu\u00e8 va viure, els aliments, vestimentes&#8230; del moment hist\u00f2ric tot fent [&hellip;]<\/p>\n","protected":false},"author":13,"featured_media":0,"comment_status":"open","ping_status":"closed","sticky":false,"template":"","format":"standard","meta":{"_bbp_topic_count":0,"_bbp_reply_count":0,"_bbp_total_topic_count":0,"_bbp_total_reply_count":0,"_bbp_voice_count":0,"_bbp_anonymous_reply_count":0,"_bbp_topic_count_hidden":0,"_bbp_reply_count_hidden":0,"_bbp_forum_subforum_count":0,"site-sidebar-layout":"default","site-content-layout":"","ast-site-content-layout":"","site-content-style":"default","site-sidebar-style":"default","ast-global-header-display":"","ast-banner-title-visibility":"","ast-main-header-display":"","ast-hfb-above-header-display":"","ast-hfb-below-header-display":"","ast-hfb-mobile-header-display":"","site-post-title":"","ast-breadcrumbs-content":"","ast-featured-img":"","footer-sml-layout":"","theme-transparent-header-meta":"","adv-header-id-meta":"","stick-header-meta":"","header-above-stick-meta":"","header-main-stick-meta":"","header-below-stick-meta":"","astra-migrate-meta-layouts":"default","ast-page-background-enabled":"default","ast-page-background-meta":{"desktop":{"background-color":"var(--ast-global-color-4)","background-image":"","background-repeat":"repeat","background-position":"center center","background-size":"auto","background-attachment":"scroll","background-type":"","background-media":"","overlay-type":"","overlay-color":"","overlay-opacity":"","overlay-gradient":""},"tablet":{"background-color":"","background-image":"","background-repeat":"repeat","background-position":"center center","background-size":"auto","background-attachment":"scroll","background-type":"","background-media":"","overlay-type":"","overlay-color":"","overlay-opacity":"","overlay-gradient":""},"mobile":{"background-color":"","background-image":"","background-repeat":"repeat","background-position":"center center","background-size":"auto","background-attachment":"scroll","background-type":"","background-media":"","overlay-type":"","overlay-color":"","overlay-opacity":"","overlay-gradient":""}},"ast-content-background-meta":{"desktop":{"background-color":"var(--ast-global-color-5)","background-image":"","background-repeat":"repeat","background-position":"center center","background-size":"auto","background-attachment":"scroll","background-type":"","background-media":"","overlay-type":"","overlay-color":"","overlay-opacity":"","overlay-gradient":""},"tablet":{"background-color":"var(--ast-global-color-5)","background-image":"","background-repeat":"repeat","background-position":"center center","background-size":"auto","background-attachment":"scroll","background-type":"","background-media":"","overlay-type":"","overlay-color":"","overlay-opacity":"","overlay-gradient":""},"mobile":{"background-color":"var(--ast-global-color-5)","background-image":"","background-repeat":"repeat","background-position":"center center","background-size":"auto","background-attachment":"scroll","background-type":"","background-media":"","overlay-type":"","overlay-color":"","overlay-opacity":"","overlay-gradient":""}},"footnotes":""},"categories":[3,8,9,2],"tags":[],"class_list":["post-6533","post","type-post","status-publish","format-standard","hentry","category-i3","category-p4","category-p5","category-infantil"],"post_mailing_queue_ids":[],"_links":{"self":[{"href":"https:\/\/agora.xtec.cat\/ceipcalvetdestrella\/wp-json\/wp\/v2\/posts\/6533","targetHints":{"allow":["GET"]}}],"collection":[{"href":"https:\/\/agora.xtec.cat\/ceipcalvetdestrella\/wp-json\/wp\/v2\/posts"}],"about":[{"href":"https:\/\/agora.xtec.cat\/ceipcalvetdestrella\/wp-json\/wp\/v2\/types\/post"}],"author":[{"embeddable":true,"href":"https:\/\/agora.xtec.cat\/ceipcalvetdestrella\/wp-json\/wp\/v2\/users\/13"}],"replies":[{"embeddable":true,"href":"https:\/\/agora.xtec.cat\/ceipcalvetdestrella\/wp-json\/wp\/v2\/comments?post=6533"}],"version-history":[{"count":7,"href":"https:\/\/agora.xtec.cat\/ceipcalvetdestrella\/wp-json\/wp\/v2\/posts\/6533\/revisions"}],"predecessor-version":[{"id":6546,"href":"https:\/\/agora.xtec.cat\/ceipcalvetdestrella\/wp-json\/wp\/v2\/posts\/6533\/revisions\/6546"}],"wp:attachment":[{"href":"https:\/\/agora.xtec.cat\/ceipcalvetdestrella\/wp-json\/wp\/v2\/media?parent=6533"}],"wp:term":[{"taxonomy":"category","embeddable":true,"href":"https:\/\/agora.xtec.cat\/ceipcalvetdestrella\/wp-json\/wp\/v2\/categories?post=6533"},{"taxonomy":"post_tag","embeddable":true,"href":"https:\/\/agora.xtec.cat\/ceipcalvetdestrella\/wp-json\/wp\/v2\/tags?post=6533"}],"curies":[{"name":"wp","href":"https:\/\/api.w.org\/{rel}","templated":true}]}}