{"id":6406,"date":"2025-01-28T19:42:23","date_gmt":"2025-01-28T18:42:23","guid":{"rendered":"https:\/\/agora.xtec.cat\/ceipcalvetdestrella\/?p=6406"},"modified":"2025-01-28T19:42:23","modified_gmt":"2025-01-28T18:42:23","slug":"lhivern-a-i3","status":"publish","type":"post","link":"https:\/\/agora.xtec.cat\/ceipcalvetdestrella\/infantil\/lhivern-a-i3\/","title":{"rendered":"L&#8217;hivern a I3!"},"content":{"rendered":"<p>Ja ha arribat una nova estaci\u00f3: l\u2019hivern! Els infants d\u2019I3, amb molta il\u00b7lusi\u00f3, han descobert les caracter\u00edstiques d\u2019aquesta \u00e8poca de l&#8217;any, a trav\u00e9s de diverses activitats. Aquests dies hem parlat sobre el fred, la neu i com els arbres canvien durant aquesta temporada. Per\u00f2, sobretot, hem apr\u00e8s com preparar-nos per afrontar el fred de manera divertida i pr\u00e0ctica!<\/p>\n<p><a href=\"https:\/\/agora.xtec.cat\/ceipcalvetdestrella\/wp-content\/uploads\/usu1846\/2025\/01\/3EC60F20-A00F-40A3-87DD-B8F5801F4A73_1_102_o.jpeg\"><img loading=\"lazy\" decoding=\"async\" class=\"wp-image-6408  aligncenter\" src=\"https:\/\/agora.xtec.cat\/ceipcalvetdestrella\/wp-content\/uploads\/usu1846\/2025\/01\/3EC60F20-A00F-40A3-87DD-B8F5801F4A73_1_102_o-e1738089696257-1024x528.jpeg\" alt=\"\" width=\"651\" height=\"336\" srcset=\"https:\/\/agora.xtec.cat\/ceipcalvetdestrella\/wp-content\/uploads\/usu1846\/2025\/01\/3EC60F20-A00F-40A3-87DD-B8F5801F4A73_1_102_o-e1738089696257-1024x528.jpeg 1024w, https:\/\/agora.xtec.cat\/ceipcalvetdestrella\/wp-content\/uploads\/usu1846\/2025\/01\/3EC60F20-A00F-40A3-87DD-B8F5801F4A73_1_102_o-e1738089696257-300x155.jpeg 300w, https:\/\/agora.xtec.cat\/ceipcalvetdestrella\/wp-content\/uploads\/usu1846\/2025\/01\/3EC60F20-A00F-40A3-87DD-B8F5801F4A73_1_102_o-e1738089696257-768x396.jpeg 768w, https:\/\/agora.xtec.cat\/ceipcalvetdestrella\/wp-content\/uploads\/usu1846\/2025\/01\/3EC60F20-A00F-40A3-87DD-B8F5801F4A73_1_102_o-e1738089696257-1536x791.jpeg 1536w, https:\/\/agora.xtec.cat\/ceipcalvetdestrella\/wp-content\/uploads\/usu1846\/2025\/01\/3EC60F20-A00F-40A3-87DD-B8F5801F4A73_1_102_o-e1738089696257.jpeg 1815w\" sizes=\"auto, (max-width: 651px) 100vw, 651px\" \/><\/a><\/p>\n<p>Una de les activitats m\u00e9s emocionants ha estat vestir-nos amb els complements t\u00edpics d&#8217;hivern: bufandes, gorros, guants i botes. Aquest joc ens ha ajudat a con\u00e8ixer quins complements van millor amb cada part del cos i a entendre la seva funci\u00f3 per mantenir-nos calents. A m\u00e9s, hem treballat amb els n\u00fameros, comptant quants complements necessitem per cada part del cos. Quants guants? Quantes botes? Ha estat una manera divertida d&#8217;aprendre jugant!<\/p>\n<p>Tamb\u00e9 hem explorat els colors de l&#8217;hivern, i, entre tots i totes, hem creat un gran mural amb pintures.<\/p>\n<p>Amb tot aix\u00f2, els nens i nenes han pogut viure l&#8217;hivern de manera interactiva, aprenent sobre el fred, la natura i, sobretot, com estar ben preparats per gaudir d&#8217;aquesta estaci\u00f3 tan especial.<\/p>\n<p>Si voleu veure imatges, cliqueu <a href=\"https:\/\/drive.google.com\/drive\/folders\/1ccFP1J6sLv5tiH6rXvTC5MUeDSy7JIow?usp=drive_link\">aqu\u00ed<\/a>!<\/p>\n","protected":false},"excerpt":{"rendered":"<p>Ja ha arribat una nova estaci\u00f3: l\u2019hivern! Els infants d\u2019I3, amb molta il\u00b7lusi\u00f3, han descobert les caracter\u00edstiques d\u2019aquesta \u00e8poca de l&#8217;any, a trav\u00e9s de diverses activitats. Aquests dies hem parlat sobre el fred, la neu i com els arbres canvien durant aquesta temporada. Per\u00f2, sobretot, hem apr\u00e8s com preparar-nos per afrontar el fred de manera [&hellip;]<\/p>\n","protected":false},"author":43,"featured_media":6408,"comment_status":"open","ping_status":"closed","sticky":false,"template":"","format":"standard","meta":{"_bbp_topic_count":0,"_bbp_reply_count":0,"_bbp_total_topic_count":0,"_bbp_total_reply_count":0,"_bbp_voice_count":0,"_bbp_anonymous_reply_count":0,"_bbp_topic_count_hidden":0,"_bbp_reply_count_hidden":0,"_bbp_forum_subforum_count":0,"site-sidebar-layout":"default","site-content-layout":"","ast-site-content-layout":"","site-content-style":"default","site-sidebar-style":"default","ast-global-header-display":"","ast-banner-title-visibility":"","ast-main-header-display":"","ast-hfb-above-header-display":"","ast-hfb-below-header-display":"","ast-hfb-mobile-header-display":"","site-post-title":"","ast-breadcrumbs-content":"","ast-featured-img":"","footer-sml-layout":"","theme-transparent-header-meta":"","adv-header-id-meta":"","stick-header-meta":"","header-above-stick-meta":"","header-main-stick-meta":"","header-below-stick-meta":"","astra-migrate-meta-layouts":"default","ast-page-background-enabled":"default","ast-page-background-meta":{"desktop":{"background-color":"var(--ast-global-color-4)","background-image":"","background-repeat":"repeat","background-position":"center center","background-size":"auto","background-attachment":"scroll","background-type":"","background-media":"","overlay-type":"","overlay-color":"","overlay-opacity":"","overlay-gradient":""},"tablet":{"background-color":"","background-image":"","background-repeat":"repeat","background-position":"center center","background-size":"auto","background-attachment":"scroll","background-type":"","background-media":"","overlay-type":"","overlay-color":"","overlay-opacity":"","overlay-gradient":""},"mobile":{"background-color":"","background-image":"","background-repeat":"repeat","background-position":"center center","background-size":"auto","background-attachment":"scroll","background-type":"","background-media":"","overlay-type":"","overlay-color":"","overlay-opacity":"","overlay-gradient":""}},"ast-content-background-meta":{"desktop":{"background-color":"var(--ast-global-color-5)","background-image":"","background-repeat":"repeat","background-position":"center center","background-size":"auto","background-attachment":"scroll","background-type":"","background-media":"","overlay-type":"","overlay-color":"","overlay-opacity":"","overlay-gradient":""},"tablet":{"background-color":"var(--ast-global-color-5)","background-image":"","background-repeat":"repeat","background-position":"center center","background-size":"auto","background-attachment":"scroll","background-type":"","background-media":"","overlay-type":"","overlay-color":"","overlay-opacity":"","overlay-gradient":""},"mobile":{"background-color":"var(--ast-global-color-5)","background-image":"","background-repeat":"repeat","background-position":"center center","background-size":"auto","background-attachment":"scroll","background-type":"","background-media":"","overlay-type":"","overlay-color":"","overlay-opacity":"","overlay-gradient":""}},"footnotes":""},"categories":[3,2],"tags":[],"class_list":["post-6406","post","type-post","status-publish","format-standard","has-post-thumbnail","hentry","category-i3","category-infantil"],"post_mailing_queue_ids":[],"_links":{"self":[{"href":"https:\/\/agora.xtec.cat\/ceipcalvetdestrella\/wp-json\/wp\/v2\/posts\/6406","targetHints":{"allow":["GET"]}}],"collection":[{"href":"https:\/\/agora.xtec.cat\/ceipcalvetdestrella\/wp-json\/wp\/v2\/posts"}],"about":[{"href":"https:\/\/agora.xtec.cat\/ceipcalvetdestrella\/wp-json\/wp\/v2\/types\/post"}],"author":[{"embeddable":true,"href":"https:\/\/agora.xtec.cat\/ceipcalvetdestrella\/wp-json\/wp\/v2\/users\/43"}],"replies":[{"embeddable":true,"href":"https:\/\/agora.xtec.cat\/ceipcalvetdestrella\/wp-json\/wp\/v2\/comments?post=6406"}],"version-history":[{"count":2,"href":"https:\/\/agora.xtec.cat\/ceipcalvetdestrella\/wp-json\/wp\/v2\/posts\/6406\/revisions"}],"predecessor-version":[{"id":6409,"href":"https:\/\/agora.xtec.cat\/ceipcalvetdestrella\/wp-json\/wp\/v2\/posts\/6406\/revisions\/6409"}],"wp:featuredmedia":[{"embeddable":true,"href":"https:\/\/agora.xtec.cat\/ceipcalvetdestrella\/wp-json\/wp\/v2\/media\/6408"}],"wp:attachment":[{"href":"https:\/\/agora.xtec.cat\/ceipcalvetdestrella\/wp-json\/wp\/v2\/media?parent=6406"}],"wp:term":[{"taxonomy":"category","embeddable":true,"href":"https:\/\/agora.xtec.cat\/ceipcalvetdestrella\/wp-json\/wp\/v2\/categories?post=6406"},{"taxonomy":"post_tag","embeddable":true,"href":"https:\/\/agora.xtec.cat\/ceipcalvetdestrella\/wp-json\/wp\/v2\/tags?post=6406"}],"curies":[{"name":"wp","href":"https:\/\/api.w.org\/{rel}","templated":true}]}}