{"id":6307,"date":"2024-12-05T13:50:48","date_gmt":"2024-12-05T12:50:48","guid":{"rendered":"https:\/\/agora.xtec.cat\/ceipcalvetdestrella\/?p=6307"},"modified":"2024-12-05T13:50:48","modified_gmt":"2024-12-05T12:50:48","slug":"2n-expliquem-el-conte-en-jan-i-la-mongetera-magica-als-petits","status":"publish","type":"post","link":"https:\/\/agora.xtec.cat\/ceipcalvetdestrella\/primaria\/2n-expliquem-el-conte-en-jan-i-la-mongetera-magica-als-petits\/","title":{"rendered":"2n- Expliquem el conte &#8220;En Jan i la mongetera m\u00e0gica&#8221; als petits."},"content":{"rendered":"<p data-pm-slice=\"1 1 []\">Aquest primer trimestre els nens i nenes de la classe dels extraterrestres hem estat treballant el conte &#8220;En Jan i la mongetera m\u00e0gica&#8221;. L&#8217;activitat de cloenda va ser l&#8217;explicaci\u00f3 d&#8217;aquest als nens i nenes d&#8217;infantil. Per fer-ho vam preparar unes l\u00e0mines amb parts del conte i ens v\u00e0rem aprendre una part cadascun d&#8217;ells.<\/p>\n<p>Ahir va ser el gran dia i els hi vam representar als petits de l&#8217;escola.<\/p>\n<p>Va ser un moment molt bonic.<\/p>\n<p>Cliqueu a la imatge per veure el conte.<\/p>\n<p><a href=\"https:\/\/drive.google.com\/file\/d\/1o0N5niCvffV4kcepyHOMFcDJxUylVr1f\/view?usp=sharing\"><img loading=\"lazy\" decoding=\"async\" class=\"wp-image-6308 aligncenter\" src=\"https:\/\/agora.xtec.cat\/ceipcalvetdestrella\/wp-content\/uploads\/usu1846\/2024\/12\/jan-i-la-mongetera-blog-1024x610.png\" alt=\"\" width=\"504\" height=\"300\" srcset=\"https:\/\/agora.xtec.cat\/ceipcalvetdestrella\/wp-content\/uploads\/usu1846\/2024\/12\/jan-i-la-mongetera-blog-1024x610.png 1024w, https:\/\/agora.xtec.cat\/ceipcalvetdestrella\/wp-content\/uploads\/usu1846\/2024\/12\/jan-i-la-mongetera-blog-300x179.png 300w, https:\/\/agora.xtec.cat\/ceipcalvetdestrella\/wp-content\/uploads\/usu1846\/2024\/12\/jan-i-la-mongetera-blog-768x457.png 768w, https:\/\/agora.xtec.cat\/ceipcalvetdestrella\/wp-content\/uploads\/usu1846\/2024\/12\/jan-i-la-mongetera-blog.png 1050w\" sizes=\"auto, (max-width: 504px) 100vw, 504px\" \/><\/a><\/p>\n","protected":false},"excerpt":{"rendered":"<p>Aquest primer trimestre els nens i nenes de la classe dels extraterrestres hem estat treballant el conte &#8220;En Jan i la mongetera m\u00e0gica&#8221;. L&#8217;activitat de cloenda va ser l&#8217;explicaci\u00f3 d&#8217;aquest als nens i nenes d&#8217;infantil. Per fer-ho vam preparar unes l\u00e0mines amb parts del conte i ens v\u00e0rem aprendre una part cadascun d&#8217;ells. Ahir va [&hellip;]<\/p>\n","protected":false},"author":12,"featured_media":6308,"comment_status":"open","ping_status":"closed","sticky":false,"template":"","format":"standard","meta":{"_bbp_topic_count":0,"_bbp_reply_count":0,"_bbp_total_topic_count":0,"_bbp_total_reply_count":0,"_bbp_voice_count":0,"_bbp_anonymous_reply_count":0,"_bbp_topic_count_hidden":0,"_bbp_reply_count_hidden":0,"_bbp_forum_subforum_count":0,"site-sidebar-layout":"default","site-content-layout":"","ast-site-content-layout":"","site-content-style":"default","site-sidebar-style":"default","ast-global-header-display":"","ast-banner-title-visibility":"","ast-main-header-display":"","ast-hfb-above-header-display":"","ast-hfb-below-header-display":"","ast-hfb-mobile-header-display":"","site-post-title":"","ast-breadcrumbs-content":"","ast-featured-img":"","footer-sml-layout":"","theme-transparent-header-meta":"","adv-header-id-meta":"","stick-header-meta":"","header-above-stick-meta":"","header-main-stick-meta":"","header-below-stick-meta":"","astra-migrate-meta-layouts":"default","ast-page-background-enabled":"default","ast-page-background-meta":{"desktop":{"background-color":"var(--ast-global-color-4)","background-image":"","background-repeat":"repeat","background-position":"center center","background-size":"auto","background-attachment":"scroll","background-type":"","background-media":"","overlay-type":"","overlay-color":"","overlay-opacity":"","overlay-gradient":""},"tablet":{"background-color":"","background-image":"","background-repeat":"repeat","background-position":"center center","background-size":"auto","background-attachment":"scroll","background-type":"","background-media":"","overlay-type":"","overlay-color":"","overlay-opacity":"","overlay-gradient":""},"mobile":{"background-color":"","background-image":"","background-repeat":"repeat","background-position":"center center","background-size":"auto","background-attachment":"scroll","background-type":"","background-media":"","overlay-type":"","overlay-color":"","overlay-opacity":"","overlay-gradient":""}},"ast-content-background-meta":{"desktop":{"background-color":"var(--ast-global-color-5)","background-image":"","background-repeat":"repeat","background-position":"center center","background-size":"auto","background-attachment":"scroll","background-type":"","background-media":"","overlay-type":"","overlay-color":"","overlay-opacity":"","overlay-gradient":""},"tablet":{"background-color":"var(--ast-global-color-5)","background-image":"","background-repeat":"repeat","background-position":"center center","background-size":"auto","background-attachment":"scroll","background-type":"","background-media":"","overlay-type":"","overlay-color":"","overlay-opacity":"","overlay-gradient":""},"mobile":{"background-color":"var(--ast-global-color-5)","background-image":"","background-repeat":"repeat","background-position":"center center","background-size":"auto","background-attachment":"scroll","background-type":"","background-media":"","overlay-type":"","overlay-color":"","overlay-opacity":"","overlay-gradient":""}},"footnotes":""},"categories":[88,5],"tags":[],"class_list":["post-6307","post","type-post","status-publish","format-standard","has-post-thumbnail","hentry","category-segon","category-primaria"],"post_mailing_queue_ids":[],"_links":{"self":[{"href":"https:\/\/agora.xtec.cat\/ceipcalvetdestrella\/wp-json\/wp\/v2\/posts\/6307","targetHints":{"allow":["GET"]}}],"collection":[{"href":"https:\/\/agora.xtec.cat\/ceipcalvetdestrella\/wp-json\/wp\/v2\/posts"}],"about":[{"href":"https:\/\/agora.xtec.cat\/ceipcalvetdestrella\/wp-json\/wp\/v2\/types\/post"}],"author":[{"embeddable":true,"href":"https:\/\/agora.xtec.cat\/ceipcalvetdestrella\/wp-json\/wp\/v2\/users\/12"}],"replies":[{"embeddable":true,"href":"https:\/\/agora.xtec.cat\/ceipcalvetdestrella\/wp-json\/wp\/v2\/comments?post=6307"}],"version-history":[{"count":1,"href":"https:\/\/agora.xtec.cat\/ceipcalvetdestrella\/wp-json\/wp\/v2\/posts\/6307\/revisions"}],"predecessor-version":[{"id":6309,"href":"https:\/\/agora.xtec.cat\/ceipcalvetdestrella\/wp-json\/wp\/v2\/posts\/6307\/revisions\/6309"}],"wp:featuredmedia":[{"embeddable":true,"href":"https:\/\/agora.xtec.cat\/ceipcalvetdestrella\/wp-json\/wp\/v2\/media\/6308"}],"wp:attachment":[{"href":"https:\/\/agora.xtec.cat\/ceipcalvetdestrella\/wp-json\/wp\/v2\/media?parent=6307"}],"wp:term":[{"taxonomy":"category","embeddable":true,"href":"https:\/\/agora.xtec.cat\/ceipcalvetdestrella\/wp-json\/wp\/v2\/categories?post=6307"},{"taxonomy":"post_tag","embeddable":true,"href":"https:\/\/agora.xtec.cat\/ceipcalvetdestrella\/wp-json\/wp\/v2\/tags?post=6307"}],"curies":[{"name":"wp","href":"https:\/\/api.w.org\/{rel}","templated":true}]}}