{"id":6086,"date":"2024-07-01T01:39:56","date_gmt":"2024-06-30T23:39:56","guid":{"rendered":"https:\/\/agora.xtec.cat\/ceipcalvetdestrella\/?p=6086"},"modified":"2024-07-01T01:55:43","modified_gmt":"2024-06-30T23:55:43","slug":"i5-ens-preparem-per-anar-a-1er","status":"publish","type":"post","link":"https:\/\/agora.xtec.cat\/ceipcalvetdestrella\/infantil\/i5-ens-preparem-per-anar-a-1er\/","title":{"rendered":"I5 &#8211; Ens preparem per anar a 1er!"},"content":{"rendered":"<p><span style=\"font-weight: 400;\">Els nens i nenes d\u2019Infantil 5 anys acabem l\u2019etapa d\u2019educaci\u00f3 infantil a l\u2019escola. Han sigut tres cursos meravellosos on hem compartit boniques experi\u00e8ncies i hem apr\u00e8s molt\u00edssim! Ens hem pogut despedir d\u2019aquesta etapa meravellosa per comen\u00e7ar amb molta energia el proper curs a 1r. Segur que ens esperen un munt d\u2019aventures interessants!\u00a0<\/span><\/p>\n<p><a href=\"https:\/\/drive.google.com\/drive\/folders\/1UBCGqjAsPnH_g8x04FUEEJFq9_ayE45u?usp=sharing\">Si cliqueu a la fotografia podeu veure un petit video\u00a0<\/a><\/p>\n<p><a href=\"https:\/\/agora.xtec.cat\/ceipcalvetdestrella\/wp-content\/uploads\/usu1846\/2024\/07\/20240621_124949-1-rotated.jpg\"><img loading=\"lazy\" decoding=\"async\" class=\"alignnone size-large wp-image-6092\" src=\"https:\/\/agora.xtec.cat\/ceipcalvetdestrella\/wp-content\/uploads\/usu1846\/2024\/07\/20240621_124949-1-1024x744.jpg\" alt=\"\" width=\"1024\" height=\"744\" srcset=\"https:\/\/agora.xtec.cat\/ceipcalvetdestrella\/wp-content\/uploads\/usu1846\/2024\/07\/20240621_124949-1-1024x744.jpg 1024w, https:\/\/agora.xtec.cat\/ceipcalvetdestrella\/wp-content\/uploads\/usu1846\/2024\/07\/20240621_124949-1-300x218.jpg 300w, https:\/\/agora.xtec.cat\/ceipcalvetdestrella\/wp-content\/uploads\/usu1846\/2024\/07\/20240621_124949-1-768x558.jpg 768w, https:\/\/agora.xtec.cat\/ceipcalvetdestrella\/wp-content\/uploads\/usu1846\/2024\/07\/20240621_124949-1-rotated.jpg 1050w\" sizes=\"auto, (max-width: 1024px) 100vw, 1024px\" \/><\/a><\/p>\n<p>&nbsp;<\/p>\n","protected":false},"excerpt":{"rendered":"<p>Els nens i nenes d\u2019Infantil 5 anys acabem l\u2019etapa d\u2019educaci\u00f3 infantil a l\u2019escola. Han sigut tres cursos meravellosos on hem compartit boniques experi\u00e8ncies i hem apr\u00e8s molt\u00edssim! Ens hem pogut despedir d\u2019aquesta etapa meravellosa per comen\u00e7ar amb molta energia el proper curs a 1r. Segur que ens esperen un munt d\u2019aventures interessants!\u00a0 Si cliqueu a [&hellip;]<\/p>\n","protected":false},"author":14,"featured_media":6092,"comment_status":"open","ping_status":"closed","sticky":false,"template":"","format":"standard","meta":{"_bbp_topic_count":0,"_bbp_reply_count":0,"_bbp_total_topic_count":0,"_bbp_total_reply_count":0,"_bbp_voice_count":0,"_bbp_anonymous_reply_count":0,"_bbp_topic_count_hidden":0,"_bbp_reply_count_hidden":0,"_bbp_forum_subforum_count":0,"site-sidebar-layout":"default","site-content-layout":"","ast-site-content-layout":"","site-content-style":"default","site-sidebar-style":"default","ast-global-header-display":"","ast-banner-title-visibility":"","ast-main-header-display":"","ast-hfb-above-header-display":"","ast-hfb-below-header-display":"","ast-hfb-mobile-header-display":"","site-post-title":"","ast-breadcrumbs-content":"","ast-featured-img":"","footer-sml-layout":"","theme-transparent-header-meta":"","adv-header-id-meta":"","stick-header-meta":"","header-above-stick-meta":"","header-main-stick-meta":"","header-below-stick-meta":"","astra-migrate-meta-layouts":"default","ast-page-background-enabled":"default","ast-page-background-meta":{"desktop":{"background-color":"var(--ast-global-color-4)","background-image":"","background-repeat":"repeat","background-position":"center center","background-size":"auto","background-attachment":"scroll","background-type":"","background-media":"","overlay-type":"","overlay-color":"","overlay-opacity":"","overlay-gradient":""},"tablet":{"background-color":"","background-image":"","background-repeat":"repeat","background-position":"center center","background-size":"auto","background-attachment":"scroll","background-type":"","background-media":"","overlay-type":"","overlay-color":"","overlay-opacity":"","overlay-gradient":""},"mobile":{"background-color":"","background-image":"","background-repeat":"repeat","background-position":"center center","background-size":"auto","background-attachment":"scroll","background-type":"","background-media":"","overlay-type":"","overlay-color":"","overlay-opacity":"","overlay-gradient":""}},"ast-content-background-meta":{"desktop":{"background-color":"var(--ast-global-color-5)","background-image":"","background-repeat":"repeat","background-position":"center center","background-size":"auto","background-attachment":"scroll","background-type":"","background-media":"","overlay-type":"","overlay-color":"","overlay-opacity":"","overlay-gradient":""},"tablet":{"background-color":"var(--ast-global-color-5)","background-image":"","background-repeat":"repeat","background-position":"center center","background-size":"auto","background-attachment":"scroll","background-type":"","background-media":"","overlay-type":"","overlay-color":"","overlay-opacity":"","overlay-gradient":""},"mobile":{"background-color":"var(--ast-global-color-5)","background-image":"","background-repeat":"repeat","background-position":"center center","background-size":"auto","background-attachment":"scroll","background-type":"","background-media":"","overlay-type":"","overlay-color":"","overlay-opacity":"","overlay-gradient":""}},"footnotes":""},"categories":[9,2],"tags":[],"class_list":["post-6086","post","type-post","status-publish","format-standard","has-post-thumbnail","hentry","category-p5","category-infantil"],"post_mailing_queue_ids":[],"_links":{"self":[{"href":"https:\/\/agora.xtec.cat\/ceipcalvetdestrella\/wp-json\/wp\/v2\/posts\/6086","targetHints":{"allow":["GET"]}}],"collection":[{"href":"https:\/\/agora.xtec.cat\/ceipcalvetdestrella\/wp-json\/wp\/v2\/posts"}],"about":[{"href":"https:\/\/agora.xtec.cat\/ceipcalvetdestrella\/wp-json\/wp\/v2\/types\/post"}],"author":[{"embeddable":true,"href":"https:\/\/agora.xtec.cat\/ceipcalvetdestrella\/wp-json\/wp\/v2\/users\/14"}],"replies":[{"embeddable":true,"href":"https:\/\/agora.xtec.cat\/ceipcalvetdestrella\/wp-json\/wp\/v2\/comments?post=6086"}],"version-history":[{"count":6,"href":"https:\/\/agora.xtec.cat\/ceipcalvetdestrella\/wp-json\/wp\/v2\/posts\/6086\/revisions"}],"predecessor-version":[{"id":6094,"href":"https:\/\/agora.xtec.cat\/ceipcalvetdestrella\/wp-json\/wp\/v2\/posts\/6086\/revisions\/6094"}],"wp:featuredmedia":[{"embeddable":true,"href":"https:\/\/agora.xtec.cat\/ceipcalvetdestrella\/wp-json\/wp\/v2\/media\/6092"}],"wp:attachment":[{"href":"https:\/\/agora.xtec.cat\/ceipcalvetdestrella\/wp-json\/wp\/v2\/media?parent=6086"}],"wp:term":[{"taxonomy":"category","embeddable":true,"href":"https:\/\/agora.xtec.cat\/ceipcalvetdestrella\/wp-json\/wp\/v2\/categories?post=6086"},{"taxonomy":"post_tag","embeddable":true,"href":"https:\/\/agora.xtec.cat\/ceipcalvetdestrella\/wp-json\/wp\/v2\/tags?post=6086"}],"curies":[{"name":"wp","href":"https:\/\/api.w.org\/{rel}","templated":true}]}}