{"id":5954,"date":"2024-05-18T10:21:02","date_gmt":"2024-05-18T08:21:02","guid":{"rendered":"https:\/\/agora.xtec.cat\/ceipcalvetdestrella\/?p=5954"},"modified":"2024-05-18T10:21:17","modified_gmt":"2024-05-18T08:21:17","slug":"mines-de-cercs_4t","status":"publish","type":"post","link":"https:\/\/agora.xtec.cat\/ceipcalvetdestrella\/primaria\/4t\/mines-de-cercs_4t\/","title":{"rendered":"Mines de Cercs_4t"},"content":{"rendered":"<p>&nbsp;<\/p>\n<p>Bon dia!<\/p>\n<p>Ahir el grup de 4t juntament amb el grup de 3r d&#8217;educaci\u00f3 prim\u00e0ria vam realitzar una\u00a0visita\u00a0al museu de les Mines de Cercs. Aquest est\u00e0 dedicat a la mineria del carb\u00f3 situat a la col\u00f2nia de Sant Corneli, terme municipal de Cercs, comarca del Bergued\u00e0. \u00c9s un museu de t\u00e8cnica i d&#8217;hist\u00f2ria que explica les relacions entre el carb\u00f3 i l&#8217;entorn geol\u00f2gic, paisatg\u00edstic, econ\u00f2mic i hum\u00e0 de l&#8217;Alt Bergued\u00e0.<\/p>\n<p>La sortida ha estat del tot interessant, vam aprendre moltes coses i a m\u00e9s vam poder visitar un pis que forma part del museu i que era un habitatge de l&#8217;antiga col\u00f2nia.<br \/>\nLa visita \u00e9s totalment recomanable tamb\u00e9 per fer en fam\u00edlia, l&#8217;entorn \u00e9s fant\u00e0stic!<br \/>\nFinalment, ens vam apropar al Pant\u00e0 de la Baells per tal de contemplar una vista panor\u00e0mica.<br \/>\nLa veritat \u00e9s que tot plegat ha estat molt enriquidor.<\/p>\n<p>Fins a\u00a0la propera!<\/p>\n<p><a href=\"https:\/\/drive.google.com\/drive\/folders\/19tt1hChmmGHABnZVsPd-Dbn92GScx1Y3?usp=sharing\" target=\"_blank\" rel=\"noopener\"><img loading=\"lazy\" decoding=\"async\" class=\"alignnone wp-image-5953\" src=\"https:\/\/agora.xtec.cat\/ceipcalvetdestrella\/wp-content\/uploads\/usu1846\/2024\/05\/Cercs.jpg\" alt=\"\" width=\"543\" height=\"362\" srcset=\"https:\/\/agora.xtec.cat\/ceipcalvetdestrella\/wp-content\/uploads\/usu1846\/2024\/05\/Cercs.jpg 700w, https:\/\/agora.xtec.cat\/ceipcalvetdestrella\/wp-content\/uploads\/usu1846\/2024\/05\/Cercs-300x200.jpg 300w\" sizes=\"auto, (max-width: 543px) 100vw, 543px\" \/><\/a><\/p>\n<p>&nbsp;<\/p>\n","protected":false},"excerpt":{"rendered":"<p>&nbsp; Bon dia! Ahir el grup de 4t juntament amb el grup de 3r d&#8217;educaci\u00f3 prim\u00e0ria vam realitzar una\u00a0visita\u00a0al museu de les Mines de Cercs. Aquest est\u00e0 dedicat a la mineria del carb\u00f3 situat a la col\u00f2nia de Sant Corneli, terme municipal de Cercs, comarca del Bergued\u00e0. \u00c9s un museu de t\u00e8cnica i d&#8217;hist\u00f2ria que [&hellip;]<\/p>\n","protected":false},"author":20,"featured_media":0,"comment_status":"closed","ping_status":"closed","sticky":false,"template":"","format":"standard","meta":{"_bbp_topic_count":0,"_bbp_reply_count":0,"_bbp_total_topic_count":0,"_bbp_total_reply_count":0,"_bbp_voice_count":0,"_bbp_anonymous_reply_count":0,"_bbp_topic_count_hidden":0,"_bbp_reply_count_hidden":0,"_bbp_forum_subforum_count":0,"site-sidebar-layout":"default","site-content-layout":"","ast-site-content-layout":"","site-content-style":"default","site-sidebar-style":"default","ast-global-header-display":"","ast-banner-title-visibility":"","ast-main-header-display":"","ast-hfb-above-header-display":"","ast-hfb-below-header-display":"","ast-hfb-mobile-header-display":"","site-post-title":"","ast-breadcrumbs-content":"","ast-featured-img":"","footer-sml-layout":"","theme-transparent-header-meta":"","adv-header-id-meta":"","stick-header-meta":"","header-above-stick-meta":"","header-main-stick-meta":"","header-below-stick-meta":"","astra-migrate-meta-layouts":"default","ast-page-background-enabled":"default","ast-page-background-meta":{"desktop":{"background-color":"var(--ast-global-color-4)","background-image":"","background-repeat":"repeat","background-position":"center center","background-size":"auto","background-attachment":"scroll","background-type":"","background-media":"","overlay-type":"","overlay-color":"","overlay-opacity":"","overlay-gradient":""},"tablet":{"background-color":"","background-image":"","background-repeat":"repeat","background-position":"center center","background-size":"auto","background-attachment":"scroll","background-type":"","background-media":"","overlay-type":"","overlay-color":"","overlay-opacity":"","overlay-gradient":""},"mobile":{"background-color":"","background-image":"","background-repeat":"repeat","background-position":"center center","background-size":"auto","background-attachment":"scroll","background-type":"","background-media":"","overlay-type":"","overlay-color":"","overlay-opacity":"","overlay-gradient":""}},"ast-content-background-meta":{"desktop":{"background-color":"var(--ast-global-color-5)","background-image":"","background-repeat":"repeat","background-position":"center center","background-size":"auto","background-attachment":"scroll","background-type":"","background-media":"","overlay-type":"","overlay-color":"","overlay-opacity":"","overlay-gradient":""},"tablet":{"background-color":"var(--ast-global-color-5)","background-image":"","background-repeat":"repeat","background-position":"center center","background-size":"auto","background-attachment":"scroll","background-type":"","background-media":"","overlay-type":"","overlay-color":"","overlay-opacity":"","overlay-gradient":""},"mobile":{"background-color":"var(--ast-global-color-5)","background-image":"","background-repeat":"repeat","background-position":"center center","background-size":"auto","background-attachment":"scroll","background-type":"","background-media":"","overlay-type":"","overlay-color":"","overlay-opacity":"","overlay-gradient":""}},"footnotes":""},"categories":[13],"tags":[],"class_list":["post-5954","post","type-post","status-publish","format-standard","hentry","category-4t"],"post_mailing_queue_ids":[],"_links":{"self":[{"href":"https:\/\/agora.xtec.cat\/ceipcalvetdestrella\/wp-json\/wp\/v2\/posts\/5954","targetHints":{"allow":["GET"]}}],"collection":[{"href":"https:\/\/agora.xtec.cat\/ceipcalvetdestrella\/wp-json\/wp\/v2\/posts"}],"about":[{"href":"https:\/\/agora.xtec.cat\/ceipcalvetdestrella\/wp-json\/wp\/v2\/types\/post"}],"author":[{"embeddable":true,"href":"https:\/\/agora.xtec.cat\/ceipcalvetdestrella\/wp-json\/wp\/v2\/users\/20"}],"replies":[{"embeddable":true,"href":"https:\/\/agora.xtec.cat\/ceipcalvetdestrella\/wp-json\/wp\/v2\/comments?post=5954"}],"version-history":[{"count":2,"href":"https:\/\/agora.xtec.cat\/ceipcalvetdestrella\/wp-json\/wp\/v2\/posts\/5954\/revisions"}],"predecessor-version":[{"id":5956,"href":"https:\/\/agora.xtec.cat\/ceipcalvetdestrella\/wp-json\/wp\/v2\/posts\/5954\/revisions\/5956"}],"wp:attachment":[{"href":"https:\/\/agora.xtec.cat\/ceipcalvetdestrella\/wp-json\/wp\/v2\/media?parent=5954"}],"wp:term":[{"taxonomy":"category","embeddable":true,"href":"https:\/\/agora.xtec.cat\/ceipcalvetdestrella\/wp-json\/wp\/v2\/categories?post=5954"},{"taxonomy":"post_tag","embeddable":true,"href":"https:\/\/agora.xtec.cat\/ceipcalvetdestrella\/wp-json\/wp\/v2\/tags?post=5954"}],"curies":[{"name":"wp","href":"https:\/\/api.w.org\/{rel}","templated":true}]}}