{"id":5593,"date":"2024-01-23T11:24:46","date_gmt":"2024-01-23T10:24:46","guid":{"rendered":"https:\/\/agora.xtec.cat\/ceipcalvetdestrella\/?p=5593"},"modified":"2024-03-14T09:19:33","modified_gmt":"2024-03-14T08:19:33","slug":"taller-alimentacio-saludable_4t","status":"publish","type":"post","link":"https:\/\/agora.xtec.cat\/ceipcalvetdestrella\/primaria\/4t\/taller-alimentacio-saludable_4t\/","title":{"rendered":"Racons matem\u00e0tics_4t"},"content":{"rendered":"<p>&nbsp;<\/p>\n<p>Hola!<\/p>\n<p>Des de l&#8217;\u00e0rea de matem\u00e0tiques volem compartir amb vosaltres algunes imateges per mostrar i il\u00b7lustrar el treball per racons que desenvolupem a l&#8217;aula amb l&#8217;objectiu de treballar i consolidar alguns continguts matem\u00e0tics rellevants de 4t.<\/p>\n<p>En aquest senit, des d&#8217;una perspectiva m\u00e9s manipulativa, l\u00fadica i vencial apropem l&#8217;alumnat a aprenentatges m\u00e9s significatius i rellevants que connecten amb la vida real. Aix\u00ed doncs, trobem diversos racons que ens permeten treballar la geometria, els problemes matem\u00e0tics amb \u20acuros emprant les tic, la recollida de dades i creaci\u00f3 de gr\u00e0fics, les fraccions, l&#8217;hora en catal\u00e0, les taules de multiplicar, etc\u00e8tera.<\/p>\n<p>Els infants gaudeixen d&#8217;aquests espais alhora que aprenen.<\/p>\n<p>Fins aviat!<\/p>\n<p>Feu clic a la seg\u00fcent imatge per poder visualitzar les fotografies:<\/p>\n<p><a href=\"https:\/\/drive.google.com\/drive\/folders\/1n2po4sXUOCcbuxathVmUE7kYAYvayXfo?usp=sharing\" target=\"_blank\" rel=\"noopener\"><img loading=\"lazy\" decoding=\"async\" class=\"alignnone wp-image-5595\" src=\"https:\/\/agora.xtec.cat\/ceipcalvetdestrella\/wp-content\/uploads\/usu1846\/2024\/03\/racons-1024x264.jpg\" alt=\"\" width=\"592\" height=\"153\" srcset=\"https:\/\/agora.xtec.cat\/ceipcalvetdestrella\/wp-content\/uploads\/usu1846\/2024\/03\/racons-1024x264.jpg 1024w, https:\/\/agora.xtec.cat\/ceipcalvetdestrella\/wp-content\/uploads\/usu1846\/2024\/03\/racons-300x77.jpg 300w, https:\/\/agora.xtec.cat\/ceipcalvetdestrella\/wp-content\/uploads\/usu1846\/2024\/03\/racons-768x198.jpg 768w, https:\/\/agora.xtec.cat\/ceipcalvetdestrella\/wp-content\/uploads\/usu1846\/2024\/03\/racons.jpg 1514w\" sizes=\"auto, (max-width: 592px) 100vw, 592px\" \/><\/a><\/p>\n<p>&nbsp;<\/p>\n","protected":false},"excerpt":{"rendered":"<p>&nbsp; Hola! Des de l&#8217;\u00e0rea de matem\u00e0tiques volem compartir amb vosaltres algunes imateges per mostrar i il\u00b7lustrar el treball per racons que desenvolupem a l&#8217;aula amb l&#8217;objectiu de treballar i consolidar alguns continguts matem\u00e0tics rellevants de 4t. En aquest senit, des d&#8217;una perspectiva m\u00e9s manipulativa, l\u00fadica i vencial apropem l&#8217;alumnat a aprenentatges m\u00e9s significatius i [&hellip;]<\/p>\n","protected":false},"author":20,"featured_media":0,"comment_status":"closed","ping_status":"closed","sticky":false,"template":"","format":"standard","meta":{"_bbp_topic_count":0,"_bbp_reply_count":0,"_bbp_total_topic_count":0,"_bbp_total_reply_count":0,"_bbp_voice_count":0,"_bbp_anonymous_reply_count":0,"_bbp_topic_count_hidden":0,"_bbp_reply_count_hidden":0,"_bbp_forum_subforum_count":0,"site-sidebar-layout":"default","site-content-layout":"","ast-site-content-layout":"","site-content-style":"default","site-sidebar-style":"default","ast-global-header-display":"","ast-banner-title-visibility":"","ast-main-header-display":"","ast-hfb-above-header-display":"","ast-hfb-below-header-display":"","ast-hfb-mobile-header-display":"","site-post-title":"","ast-breadcrumbs-content":"","ast-featured-img":"","footer-sml-layout":"","theme-transparent-header-meta":"","adv-header-id-meta":"","stick-header-meta":"","header-above-stick-meta":"","header-main-stick-meta":"","header-below-stick-meta":"","astra-migrate-meta-layouts":"default","ast-page-background-enabled":"default","ast-page-background-meta":{"desktop":{"background-color":"var(--ast-global-color-4)","background-image":"","background-repeat":"repeat","background-position":"center center","background-size":"auto","background-attachment":"scroll","background-type":"","background-media":"","overlay-type":"","overlay-color":"","overlay-opacity":"","overlay-gradient":""},"tablet":{"background-color":"","background-image":"","background-repeat":"repeat","background-position":"center center","background-size":"auto","background-attachment":"scroll","background-type":"","background-media":"","overlay-type":"","overlay-color":"","overlay-opacity":"","overlay-gradient":""},"mobile":{"background-color":"","background-image":"","background-repeat":"repeat","background-position":"center center","background-size":"auto","background-attachment":"scroll","background-type":"","background-media":"","overlay-type":"","overlay-color":"","overlay-opacity":"","overlay-gradient":""}},"ast-content-background-meta":{"desktop":{"background-color":"var(--ast-global-color-5)","background-image":"","background-repeat":"repeat","background-position":"center center","background-size":"auto","background-attachment":"scroll","background-type":"","background-media":"","overlay-type":"","overlay-color":"","overlay-opacity":"","overlay-gradient":""},"tablet":{"background-color":"var(--ast-global-color-5)","background-image":"","background-repeat":"repeat","background-position":"center center","background-size":"auto","background-attachment":"scroll","background-type":"","background-media":"","overlay-type":"","overlay-color":"","overlay-opacity":"","overlay-gradient":""},"mobile":{"background-color":"var(--ast-global-color-5)","background-image":"","background-repeat":"repeat","background-position":"center center","background-size":"auto","background-attachment":"scroll","background-type":"","background-media":"","overlay-type":"","overlay-color":"","overlay-opacity":"","overlay-gradient":""}},"footnotes":""},"categories":[13],"tags":[],"class_list":["post-5593","post","type-post","status-publish","format-standard","hentry","category-4t"],"post_mailing_queue_ids":[],"_links":{"self":[{"href":"https:\/\/agora.xtec.cat\/ceipcalvetdestrella\/wp-json\/wp\/v2\/posts\/5593","targetHints":{"allow":["GET"]}}],"collection":[{"href":"https:\/\/agora.xtec.cat\/ceipcalvetdestrella\/wp-json\/wp\/v2\/posts"}],"about":[{"href":"https:\/\/agora.xtec.cat\/ceipcalvetdestrella\/wp-json\/wp\/v2\/types\/post"}],"author":[{"embeddable":true,"href":"https:\/\/agora.xtec.cat\/ceipcalvetdestrella\/wp-json\/wp\/v2\/users\/20"}],"replies":[{"embeddable":true,"href":"https:\/\/agora.xtec.cat\/ceipcalvetdestrella\/wp-json\/wp\/v2\/comments?post=5593"}],"version-history":[{"count":2,"href":"https:\/\/agora.xtec.cat\/ceipcalvetdestrella\/wp-json\/wp\/v2\/posts\/5593\/revisions"}],"predecessor-version":[{"id":5599,"href":"https:\/\/agora.xtec.cat\/ceipcalvetdestrella\/wp-json\/wp\/v2\/posts\/5593\/revisions\/5599"}],"wp:attachment":[{"href":"https:\/\/agora.xtec.cat\/ceipcalvetdestrella\/wp-json\/wp\/v2\/media?parent=5593"}],"wp:term":[{"taxonomy":"category","embeddable":true,"href":"https:\/\/agora.xtec.cat\/ceipcalvetdestrella\/wp-json\/wp\/v2\/categories?post=5593"},{"taxonomy":"post_tag","embeddable":true,"href":"https:\/\/agora.xtec.cat\/ceipcalvetdestrella\/wp-json\/wp\/v2\/tags?post=5593"}],"curies":[{"name":"wp","href":"https:\/\/api.w.org\/{rel}","templated":true}]}}