{"id":5567,"date":"2024-03-08T16:14:34","date_gmt":"2024-03-08T15:14:34","guid":{"rendered":"https:\/\/agora.xtec.cat\/ceipcalvetdestrella\/?p=5567"},"modified":"2024-05-21T01:33:43","modified_gmt":"2024-05-20T23:33:43","slug":"5e-les-dones-i-la-musica","status":"publish","type":"post","link":"https:\/\/agora.xtec.cat\/ceipcalvetdestrella\/musica\/5e-les-dones-i-la-musica\/","title":{"rendered":"5\u00e8- Les dones i la m\u00fasica"},"content":{"rendered":"<p><span style=\"font-weight: 400;\">En el Calvet tamb\u00e9 celebrem el dia de la dona i aquest curs, l&#8217;alumnat de 5\u00e8 ha preparat una exposici\u00f3 sobre les dones i la m\u00fasica. Cada nena i nen han escollit una cantant, investigat sobre ella i creat un book report d&#8217;elles. Clica la imatge per veure el v\u00eddeo. Feli\u00e7 dia de la dona!!!<\/span><\/p>\n<p><a href=\"https:\/\/drive.google.com\/file\/d\/1SEXl9o3666OWCh-WC-5i79pyC_Lp5_yw\/view?usp=drive_link\"><img loading=\"lazy\" decoding=\"async\" class=\"wp-image-5568 aligncenter\" src=\"https:\/\/agora.xtec.cat\/ceipcalvetdestrella\/wp-content\/uploads\/usu1846\/2024\/03\/WhatsApp-Image-2024-03-06-at-12.42.23-1-1024x768.jpeg\" alt=\"\" width=\"366\" height=\"274\" srcset=\"https:\/\/agora.xtec.cat\/ceipcalvetdestrella\/wp-content\/uploads\/usu1846\/2024\/03\/WhatsApp-Image-2024-03-06-at-12.42.23-1-1024x768.jpeg 1024w, https:\/\/agora.xtec.cat\/ceipcalvetdestrella\/wp-content\/uploads\/usu1846\/2024\/03\/WhatsApp-Image-2024-03-06-at-12.42.23-1-300x225.jpeg 300w, https:\/\/agora.xtec.cat\/ceipcalvetdestrella\/wp-content\/uploads\/usu1846\/2024\/03\/WhatsApp-Image-2024-03-06-at-12.42.23-1-768x576.jpeg 768w, https:\/\/agora.xtec.cat\/ceipcalvetdestrella\/wp-content\/uploads\/usu1846\/2024\/03\/WhatsApp-Image-2024-03-06-at-12.42.23-1-1536x1152.jpeg 1536w, https:\/\/agora.xtec.cat\/ceipcalvetdestrella\/wp-content\/uploads\/usu1846\/2024\/03\/WhatsApp-Image-2024-03-06-at-12.42.23-1-200x150.jpeg 200w, https:\/\/agora.xtec.cat\/ceipcalvetdestrella\/wp-content\/uploads\/usu1846\/2024\/03\/WhatsApp-Image-2024-03-06-at-12.42.23-1.jpeg 2000w\" sizes=\"auto, (max-width: 366px) 100vw, 366px\" \/><\/a><\/p>\n","protected":false},"excerpt":{"rendered":"<p>En el Calvet tamb\u00e9 celebrem el dia de la dona i aquest curs, l&#8217;alumnat de 5\u00e8 ha preparat una exposici\u00f3 sobre les dones i la m\u00fasica. Cada nena i nen han escollit una cantant, investigat sobre ella i creat un book report d&#8217;elles. Clica la imatge per veure el v\u00eddeo. Feli\u00e7 dia de la dona!!!<\/p>\n","protected":false},"author":24,"featured_media":5568,"comment_status":"open","ping_status":"closed","sticky":false,"template":"","format":"standard","meta":{"_bbp_topic_count":0,"_bbp_reply_count":0,"_bbp_total_topic_count":0,"_bbp_total_reply_count":0,"_bbp_voice_count":0,"_bbp_anonymous_reply_count":0,"_bbp_topic_count_hidden":0,"_bbp_reply_count_hidden":0,"_bbp_forum_subforum_count":0,"site-sidebar-layout":"default","site-content-layout":"","ast-site-content-layout":"","site-content-style":"default","site-sidebar-style":"default","ast-global-header-display":"","ast-banner-title-visibility":"","ast-main-header-display":"","ast-hfb-above-header-display":"","ast-hfb-below-header-display":"","ast-hfb-mobile-header-display":"","site-post-title":"","ast-breadcrumbs-content":"","ast-featured-img":"","footer-sml-layout":"","theme-transparent-header-meta":"","adv-header-id-meta":"","stick-header-meta":"","header-above-stick-meta":"","header-main-stick-meta":"","header-below-stick-meta":"","astra-migrate-meta-layouts":"default","ast-page-background-enabled":"default","ast-page-background-meta":{"desktop":{"background-color":"var(--ast-global-color-4)","background-image":"","background-repeat":"repeat","background-position":"center center","background-size":"auto","background-attachment":"scroll","background-type":"","background-media":"","overlay-type":"","overlay-color":"","overlay-opacity":"","overlay-gradient":""},"tablet":{"background-color":"","background-image":"","background-repeat":"repeat","background-position":"center center","background-size":"auto","background-attachment":"scroll","background-type":"","background-media":"","overlay-type":"","overlay-color":"","overlay-opacity":"","overlay-gradient":""},"mobile":{"background-color":"","background-image":"","background-repeat":"repeat","background-position":"center center","background-size":"auto","background-attachment":"scroll","background-type":"","background-media":"","overlay-type":"","overlay-color":"","overlay-opacity":"","overlay-gradient":""}},"ast-content-background-meta":{"desktop":{"background-color":"var(--ast-global-color-5)","background-image":"","background-repeat":"repeat","background-position":"center center","background-size":"auto","background-attachment":"scroll","background-type":"","background-media":"","overlay-type":"","overlay-color":"","overlay-opacity":"","overlay-gradient":""},"tablet":{"background-color":"var(--ast-global-color-5)","background-image":"","background-repeat":"repeat","background-position":"center center","background-size":"auto","background-attachment":"scroll","background-type":"","background-media":"","overlay-type":"","overlay-color":"","overlay-opacity":"","overlay-gradient":""},"mobile":{"background-color":"var(--ast-global-color-5)","background-image":"","background-repeat":"repeat","background-position":"center center","background-size":"auto","background-attachment":"scroll","background-type":"","background-media":"","overlay-type":"","overlay-color":"","overlay-opacity":"","overlay-gradient":""}},"footnotes":""},"categories":[98],"tags":[],"class_list":["post-5567","post","type-post","status-publish","format-standard","has-post-thumbnail","hentry","category-musica"],"post_mailing_queue_ids":[],"_links":{"self":[{"href":"https:\/\/agora.xtec.cat\/ceipcalvetdestrella\/wp-json\/wp\/v2\/posts\/5567","targetHints":{"allow":["GET"]}}],"collection":[{"href":"https:\/\/agora.xtec.cat\/ceipcalvetdestrella\/wp-json\/wp\/v2\/posts"}],"about":[{"href":"https:\/\/agora.xtec.cat\/ceipcalvetdestrella\/wp-json\/wp\/v2\/types\/post"}],"author":[{"embeddable":true,"href":"https:\/\/agora.xtec.cat\/ceipcalvetdestrella\/wp-json\/wp\/v2\/users\/24"}],"replies":[{"embeddable":true,"href":"https:\/\/agora.xtec.cat\/ceipcalvetdestrella\/wp-json\/wp\/v2\/comments?post=5567"}],"version-history":[{"count":1,"href":"https:\/\/agora.xtec.cat\/ceipcalvetdestrella\/wp-json\/wp\/v2\/posts\/5567\/revisions"}],"predecessor-version":[{"id":5569,"href":"https:\/\/agora.xtec.cat\/ceipcalvetdestrella\/wp-json\/wp\/v2\/posts\/5567\/revisions\/5569"}],"wp:featuredmedia":[{"embeddable":true,"href":"https:\/\/agora.xtec.cat\/ceipcalvetdestrella\/wp-json\/wp\/v2\/media\/5568"}],"wp:attachment":[{"href":"https:\/\/agora.xtec.cat\/ceipcalvetdestrella\/wp-json\/wp\/v2\/media?parent=5567"}],"wp:term":[{"taxonomy":"category","embeddable":true,"href":"https:\/\/agora.xtec.cat\/ceipcalvetdestrella\/wp-json\/wp\/v2\/categories?post=5567"},{"taxonomy":"post_tag","embeddable":true,"href":"https:\/\/agora.xtec.cat\/ceipcalvetdestrella\/wp-json\/wp\/v2\/tags?post=5567"}],"curies":[{"name":"wp","href":"https:\/\/api.w.org\/{rel}","templated":true}]}}