{"id":5419,"date":"2023-11-06T14:37:16","date_gmt":"2023-11-06T13:37:16","guid":{"rendered":"https:\/\/agora.xtec.cat\/ceipcalvetdestrella\/?p=5419"},"modified":"2023-12-15T13:32:42","modified_gmt":"2023-12-15T12:32:42","slug":"apadrinament-i-castanyada","status":"publish","type":"post","link":"https:\/\/agora.xtec.cat\/ceipcalvetdestrella\/general\/apadrinament-i-castanyada\/","title":{"rendered":"Apadrinament i Castanyada"},"content":{"rendered":"<p>Hola!<\/p>\n<p>Durant aquests darrers dies hem realitzat diverses activitats a l&#8217;escola. Per exemple, el concurs de moniatos i carbasses.<\/p>\n<p>A m\u00e9s, com ja sabeu l&#8217;alumnat de 4t i I4 ens hem reunit per fer la presentaci\u00f3 oficial de padrins i fillols.<\/p>\n<p>Ara ja ens coneixem, per\u00f2 tamb\u00e9 hem ballat i cantat tots plegats. Nosaltres, els hi hem cantat una can\u00e7\u00f3 de Halloween en angl\u00e8s. I I4, per la seva part, es va preparar una fant\u00e0stica can\u00e7\u00f3 de la Castanyada. Els hi va quedar genial! Ambd\u00f3s grups vam gaudir molt d&#8217;aquesta trobada, de la qual us deixem amb algunes fotos. Aviat ens tornarem a trobar, quines ganes!<\/p>\n<p>Feu clic a la imatge de la Castanyera per visualitzar m\u00e9s fotografies:<\/p>\n<p><a href=\"https:\/\/drive.google.com\/drive\/folders\/1UVTO7WaC1e3jg1OuprsUvxcyJKVGvzfa?usp=drive_link\" target=\"_blank\" rel=\"noopener\"><img loading=\"lazy\" decoding=\"async\" class=\"alignnone wp-image-5420\" src=\"https:\/\/agora.xtec.cat\/ceipcalvetdestrella\/wp-content\/uploads\/usu1846\/2023\/12\/castanyada.jpg\" alt=\"\" width=\"256\" height=\"330\" srcset=\"https:\/\/agora.xtec.cat\/ceipcalvetdestrella\/wp-content\/uploads\/usu1846\/2023\/12\/castanyada.jpg 472w, https:\/\/agora.xtec.cat\/ceipcalvetdestrella\/wp-content\/uploads\/usu1846\/2023\/12\/castanyada-233x300.jpg 233w\" sizes=\"auto, (max-width: 256px) 100vw, 256px\" \/><\/a><\/p>\n<p>Fins a la propera!<\/p>\n","protected":false},"excerpt":{"rendered":"<p>Hola! Durant aquests darrers dies hem realitzat diverses activitats a l&#8217;escola. Per exemple, el concurs de moniatos i carbasses. A m\u00e9s, com ja sabeu l&#8217;alumnat de 4t i I4 ens hem reunit per fer la presentaci\u00f3 oficial de padrins i fillols. Ara ja ens coneixem, per\u00f2 tamb\u00e9 hem ballat i cantat tots plegats. Nosaltres, els [&hellip;]<\/p>\n","protected":false},"author":20,"featured_media":0,"comment_status":"closed","ping_status":"closed","sticky":false,"template":"","format":"standard","meta":{"_bbp_topic_count":0,"_bbp_reply_count":0,"_bbp_total_topic_count":0,"_bbp_total_reply_count":0,"_bbp_voice_count":0,"_bbp_anonymous_reply_count":0,"_bbp_topic_count_hidden":0,"_bbp_reply_count_hidden":0,"_bbp_forum_subforum_count":0,"site-sidebar-layout":"default","site-content-layout":"","ast-site-content-layout":"","site-content-style":"default","site-sidebar-style":"default","ast-global-header-display":"","ast-banner-title-visibility":"","ast-main-header-display":"","ast-hfb-above-header-display":"","ast-hfb-below-header-display":"","ast-hfb-mobile-header-display":"","site-post-title":"","ast-breadcrumbs-content":"","ast-featured-img":"","footer-sml-layout":"","theme-transparent-header-meta":"","adv-header-id-meta":"","stick-header-meta":"","header-above-stick-meta":"","header-main-stick-meta":"","header-below-stick-meta":"","astra-migrate-meta-layouts":"default","ast-page-background-enabled":"default","ast-page-background-meta":{"desktop":{"background-color":"var(--ast-global-color-4)","background-image":"","background-repeat":"repeat","background-position":"center center","background-size":"auto","background-attachment":"scroll","background-type":"","background-media":"","overlay-type":"","overlay-color":"","overlay-opacity":"","overlay-gradient":""},"tablet":{"background-color":"","background-image":"","background-repeat":"repeat","background-position":"center center","background-size":"auto","background-attachment":"scroll","background-type":"","background-media":"","overlay-type":"","overlay-color":"","overlay-opacity":"","overlay-gradient":""},"mobile":{"background-color":"","background-image":"","background-repeat":"repeat","background-position":"center center","background-size":"auto","background-attachment":"scroll","background-type":"","background-media":"","overlay-type":"","overlay-color":"","overlay-opacity":"","overlay-gradient":""}},"ast-content-background-meta":{"desktop":{"background-color":"var(--ast-global-color-5)","background-image":"","background-repeat":"repeat","background-position":"center center","background-size":"auto","background-attachment":"scroll","background-type":"","background-media":"","overlay-type":"","overlay-color":"","overlay-opacity":"","overlay-gradient":""},"tablet":{"background-color":"var(--ast-global-color-5)","background-image":"","background-repeat":"repeat","background-position":"center center","background-size":"auto","background-attachment":"scroll","background-type":"","background-media":"","overlay-type":"","overlay-color":"","overlay-opacity":"","overlay-gradient":""},"mobile":{"background-color":"var(--ast-global-color-5)","background-image":"","background-repeat":"repeat","background-position":"center center","background-size":"auto","background-attachment":"scroll","background-type":"","background-media":"","overlay-type":"","overlay-color":"","overlay-opacity":"","overlay-gradient":""}},"footnotes":""},"categories":[86,13,95,99,1,90,5],"tags":[],"class_list":["post-5419","post","type-post","status-publish","format-standard","hentry","category-3r","category-4t","category-cicle-mitja","category-especialitats","category-general","category-gep","category-primaria"],"post_mailing_queue_ids":[],"_links":{"self":[{"href":"https:\/\/agora.xtec.cat\/ceipcalvetdestrella\/wp-json\/wp\/v2\/posts\/5419","targetHints":{"allow":["GET"]}}],"collection":[{"href":"https:\/\/agora.xtec.cat\/ceipcalvetdestrella\/wp-json\/wp\/v2\/posts"}],"about":[{"href":"https:\/\/agora.xtec.cat\/ceipcalvetdestrella\/wp-json\/wp\/v2\/types\/post"}],"author":[{"embeddable":true,"href":"https:\/\/agora.xtec.cat\/ceipcalvetdestrella\/wp-json\/wp\/v2\/users\/20"}],"replies":[{"embeddable":true,"href":"https:\/\/agora.xtec.cat\/ceipcalvetdestrella\/wp-json\/wp\/v2\/comments?post=5419"}],"version-history":[{"count":1,"href":"https:\/\/agora.xtec.cat\/ceipcalvetdestrella\/wp-json\/wp\/v2\/posts\/5419\/revisions"}],"predecessor-version":[{"id":5421,"href":"https:\/\/agora.xtec.cat\/ceipcalvetdestrella\/wp-json\/wp\/v2\/posts\/5419\/revisions\/5421"}],"wp:attachment":[{"href":"https:\/\/agora.xtec.cat\/ceipcalvetdestrella\/wp-json\/wp\/v2\/media?parent=5419"}],"wp:term":[{"taxonomy":"category","embeddable":true,"href":"https:\/\/agora.xtec.cat\/ceipcalvetdestrella\/wp-json\/wp\/v2\/categories?post=5419"},{"taxonomy":"post_tag","embeddable":true,"href":"https:\/\/agora.xtec.cat\/ceipcalvetdestrella\/wp-json\/wp\/v2\/tags?post=5419"}],"curies":[{"name":"wp","href":"https:\/\/api.w.org\/{rel}","templated":true}]}}