{"id":5157,"date":"2023-07-11T12:55:08","date_gmt":"2023-07-11T10:55:08","guid":{"rendered":"https:\/\/agora.xtec.cat\/ceipcalvetdestrella\/?p=5157"},"modified":"2023-07-11T13:01:23","modified_gmt":"2023-07-11T11:01:23","slug":"cloenda-del-programa-lecxit","status":"publish","type":"post","link":"https:\/\/agora.xtec.cat\/ceipcalvetdestrella\/general\/cloenda-del-programa-lecxit\/","title":{"rendered":"CLOENDA DEL PROGRAMA LECXIT"},"content":{"rendered":"<p>A l\u2019inici d\u2019aquest curs 2022-23 la nostra escola va ser seleccionada per participar en<br \/>\nel programa LECXIT, impulsat per la Fundaci\u00f3 Bofill. Despr\u00e9s de m\u00e9s de 10 anys de<br \/>\ntraject\u00f2ria, enguany s\u2019iniciava un nou repte avaluant per primera vegada l\u2019impacte del<br \/>\nprograma a trav\u00e9s de nous grups de 4t de prim\u00e0ria de 52 nous centres educatius, en<br \/>\nel marc del projecte Suport Educatiu. Acompanyament per accelerar oportunitats.<br \/>\nEl programa LECXIT impulsa l\u2019\u00e8xit educatiu a trav\u00e9s de la millora de la comprensi\u00f3<br \/>\nlectora dels infants de 4t, 5\u00e8 i 6\u00e8 de prim\u00e0ria en situaci\u00f3 de vulnerabilitat.<br \/>\nActualment el programa compta amb una xarxa de quasi 300 espais LECXIT a 150<br \/>\nmunicipis on m\u00e9s de 2.000 voluntaris i volunt\u00e0ries acompanyen setmanalment en<br \/>\nhorari extraescolar un infant per a fer de la lectura una experi\u00e8ncia divertida i<br \/>\napassionant. A la nostra escola, ha suposat un total de fins a 19 hores de refor\u00e7<br \/>\naddicional gratu\u00eft en lectura de gener a juny, i ha comptat amb la participaci\u00f3 de 5<br \/>\ninfants.<br \/>\nPer tancar el curs, hem celebrat un acte de cloenda i reconeixement adre\u00e7at als<br \/>\nalumnes participants i les seves fam\u00edlies. L\u2019emoci\u00f3 no ha faltat i \u00e9s que com<br \/>\nexplicava l\u2019Allan Contreras, dinamitzador de LECXIT a la nostra escola: \u201cL&#8217;esfor\u00e7<br \/>\nsetmanal del voluntariat, la participaci\u00f3 de les fam\u00edlies, la col\u00b7laboraci\u00f3 del centre i la<br \/>\nmotivaci\u00f3 dels infants han estat les claus necess\u00e0ries per a fer del LECXIT una eina<br \/>\nd&#8217;aprenentatge i cohesi\u00f3 social.\u201d<\/p>\n<p>&nbsp;<\/p>\n","protected":false},"excerpt":{"rendered":"<p>A l\u2019inici d\u2019aquest curs 2022-23 la nostra escola va ser seleccionada per participar en el programa LECXIT, impulsat per la Fundaci\u00f3 Bofill. Despr\u00e9s de m\u00e9s de 10 anys de traject\u00f2ria, enguany s\u2019iniciava un nou repte avaluant per primera vegada l\u2019impacte del programa a trav\u00e9s de nous grups de 4t de prim\u00e0ria de 52 nous centres [&hellip;]<\/p>\n","protected":false},"author":1,"featured_media":5158,"comment_status":"open","ping_status":"closed","sticky":false,"template":"","format":"standard","meta":{"_bbp_topic_count":0,"_bbp_reply_count":0,"_bbp_total_topic_count":0,"_bbp_total_reply_count":0,"_bbp_voice_count":0,"_bbp_anonymous_reply_count":0,"_bbp_topic_count_hidden":0,"_bbp_reply_count_hidden":0,"_bbp_forum_subforum_count":0,"site-sidebar-layout":"default","site-content-layout":"","ast-site-content-layout":"","site-content-style":"default","site-sidebar-style":"default","ast-global-header-display":"","ast-banner-title-visibility":"","ast-main-header-display":"","ast-hfb-above-header-display":"","ast-hfb-below-header-display":"","ast-hfb-mobile-header-display":"","site-post-title":"","ast-breadcrumbs-content":"","ast-featured-img":"","footer-sml-layout":"","theme-transparent-header-meta":"","adv-header-id-meta":"","stick-header-meta":"","header-above-stick-meta":"","header-main-stick-meta":"","header-below-stick-meta":"","astra-migrate-meta-layouts":"default","ast-page-background-enabled":"default","ast-page-background-meta":{"desktop":{"background-color":"var(--ast-global-color-4)","background-image":"","background-repeat":"repeat","background-position":"center center","background-size":"auto","background-attachment":"scroll","background-type":"","background-media":"","overlay-type":"","overlay-color":"","overlay-opacity":"","overlay-gradient":""},"tablet":{"background-color":"","background-image":"","background-repeat":"repeat","background-position":"center center","background-size":"auto","background-attachment":"scroll","background-type":"","background-media":"","overlay-type":"","overlay-color":"","overlay-opacity":"","overlay-gradient":""},"mobile":{"background-color":"","background-image":"","background-repeat":"repeat","background-position":"center center","background-size":"auto","background-attachment":"scroll","background-type":"","background-media":"","overlay-type":"","overlay-color":"","overlay-opacity":"","overlay-gradient":""}},"ast-content-background-meta":{"desktop":{"background-color":"var(--ast-global-color-5)","background-image":"","background-repeat":"repeat","background-position":"center center","background-size":"auto","background-attachment":"scroll","background-type":"","background-media":"","overlay-type":"","overlay-color":"","overlay-opacity":"","overlay-gradient":""},"tablet":{"background-color":"var(--ast-global-color-5)","background-image":"","background-repeat":"repeat","background-position":"center center","background-size":"auto","background-attachment":"scroll","background-type":"","background-media":"","overlay-type":"","overlay-color":"","overlay-opacity":"","overlay-gradient":""},"mobile":{"background-color":"var(--ast-global-color-5)","background-image":"","background-repeat":"repeat","background-position":"center center","background-size":"auto","background-attachment":"scroll","background-type":"","background-media":"","overlay-type":"","overlay-color":"","overlay-opacity":"","overlay-gradient":""}},"footnotes":""},"categories":[1,4],"tags":[],"class_list":["post-5157","post","type-post","status-publish","format-standard","has-post-thumbnail","hentry","category-general","category-portada"],"post_mailing_queue_ids":[],"_links":{"self":[{"href":"https:\/\/agora.xtec.cat\/ceipcalvetdestrella\/wp-json\/wp\/v2\/posts\/5157","targetHints":{"allow":["GET"]}}],"collection":[{"href":"https:\/\/agora.xtec.cat\/ceipcalvetdestrella\/wp-json\/wp\/v2\/posts"}],"about":[{"href":"https:\/\/agora.xtec.cat\/ceipcalvetdestrella\/wp-json\/wp\/v2\/types\/post"}],"author":[{"embeddable":true,"href":"https:\/\/agora.xtec.cat\/ceipcalvetdestrella\/wp-json\/wp\/v2\/users\/1"}],"replies":[{"embeddable":true,"href":"https:\/\/agora.xtec.cat\/ceipcalvetdestrella\/wp-json\/wp\/v2\/comments?post=5157"}],"version-history":[{"count":4,"href":"https:\/\/agora.xtec.cat\/ceipcalvetdestrella\/wp-json\/wp\/v2\/posts\/5157\/revisions"}],"predecessor-version":[{"id":5167,"href":"https:\/\/agora.xtec.cat\/ceipcalvetdestrella\/wp-json\/wp\/v2\/posts\/5157\/revisions\/5167"}],"wp:featuredmedia":[{"embeddable":true,"href":"https:\/\/agora.xtec.cat\/ceipcalvetdestrella\/wp-json\/wp\/v2\/media\/5158"}],"wp:attachment":[{"href":"https:\/\/agora.xtec.cat\/ceipcalvetdestrella\/wp-json\/wp\/v2\/media?parent=5157"}],"wp:term":[{"taxonomy":"category","embeddable":true,"href":"https:\/\/agora.xtec.cat\/ceipcalvetdestrella\/wp-json\/wp\/v2\/categories?post=5157"},{"taxonomy":"post_tag","embeddable":true,"href":"https:\/\/agora.xtec.cat\/ceipcalvetdestrella\/wp-json\/wp\/v2\/tags?post=5157"}],"curies":[{"name":"wp","href":"https:\/\/api.w.org\/{rel}","templated":true}]}}