{"id":4783,"date":"2023-04-17T19:46:32","date_gmt":"2023-04-17T17:46:32","guid":{"rendered":"https:\/\/agora.xtec.cat\/ceipcalvetdestrella\/?p=4783"},"modified":"2023-04-17T19:50:56","modified_gmt":"2023-04-17T17:50:56","slug":"infantil-en-jan-totlifan","status":"publish","type":"post","link":"https:\/\/agora.xtec.cat\/ceipcalvetdestrella\/infantil\/infantil-en-jan-totlifan\/","title":{"rendered":"INFANTIL &#8211; EN JAN TOTLIFAN!"},"content":{"rendered":"<p>Fa uns dies els nens i les nenes d\u2019infantil vam anar a la sala Miguel Hern\u00e1ndez a veure una obra de titelles. Es tractava de la hist\u00f2ria d\u2019en Jan, un nen que de petit a casa seva li feien tot, aix\u00ed que no li calia aprendre a fer res si ell no volia\u2026 Quan es va fer gran va tenir un ajudant, en Nicolau, que tamb\u00e9 li feia tot. Per\u00f2 un dia, quan en Nicolau va tenir prou diners, va dir-li que se\u2019n volia anar a viure tranquil a les Illes Verdes. En Jan no sabia viure sense ajuda: ni vestir-se, ni cordar-se les sabates, ni tan sols de menjar-se la sopa era capa\u00e7\u2026! Aix\u00ed que va decidir emprendre un llarg viatge per trobar en Nicolau travessant camps i ciutats, i llocs desconeguts per ell com una granja i un port. I va passar que a poc a poc, va anar aprenent moltes coses. Quan va arribar per f\u00ed a les illes Verdes i el va trobar, es va adonar que ja sabia fer gaireb\u00e9 de tot i que no calia que alg\u00fa altre li f\u00e9s res. Llavors va decidir quedar-s\u2019hi a viure i ajudar en Nicolau amb la seva parada ambulant de gelats, com dos bons amics.<\/p>\n<p>Els nens i les nenes d\u2019infantil van estar molt atents veiem l\u2019obra i tots plegats vam passar una bona estona! Si cliqueu a sobre de la fotografia podeu veure algunes imatges.<a href=\"https:\/\/drive.google.com\/drive\/folders\/1lUmWzl7dNL6u1OYfZx3TUlvqDkvZT_LB?usp=share_link\"><img loading=\"lazy\" decoding=\"async\" class=\"aligncenter wp-image-4785 size-full\" src=\"https:\/\/agora.xtec.cat\/ceipcalvetdestrella\/wp-content\/uploads\/usu1846\/2023\/04\/Captura-de-pantalla-2023-04-17-193408.png\" alt=\"\" width=\"437\" height=\"593\" srcset=\"https:\/\/agora.xtec.cat\/ceipcalvetdestrella\/wp-content\/uploads\/usu1846\/2023\/04\/Captura-de-pantalla-2023-04-17-193408.png 437w, https:\/\/agora.xtec.cat\/ceipcalvetdestrella\/wp-content\/uploads\/usu1846\/2023\/04\/Captura-de-pantalla-2023-04-17-193408-221x300.png 221w\" sizes=\"auto, (max-width: 437px) 100vw, 437px\" \/><\/a><\/p>\n","protected":false},"excerpt":{"rendered":"<p>Fa uns dies els nens i les nenes d\u2019infantil vam anar a la sala Miguel Hern\u00e1ndez a veure una obra de titelles. Es tractava de la hist\u00f2ria d\u2019en Jan, un nen que de petit a casa seva li feien tot, aix\u00ed que no li calia aprendre a fer res si ell no volia\u2026 Quan es [&hellip;]<\/p>\n","protected":false},"author":1,"featured_media":4785,"comment_status":"open","ping_status":"closed","sticky":false,"template":"","format":"standard","meta":{"_bbp_topic_count":0,"_bbp_reply_count":0,"_bbp_total_topic_count":0,"_bbp_total_reply_count":0,"_bbp_voice_count":0,"_bbp_anonymous_reply_count":0,"_bbp_topic_count_hidden":0,"_bbp_reply_count_hidden":0,"_bbp_forum_subforum_count":0,"site-sidebar-layout":"default","site-content-layout":"","ast-site-content-layout":"","site-content-style":"default","site-sidebar-style":"default","ast-global-header-display":"","ast-banner-title-visibility":"","ast-main-header-display":"","ast-hfb-above-header-display":"","ast-hfb-below-header-display":"","ast-hfb-mobile-header-display":"","site-post-title":"","ast-breadcrumbs-content":"","ast-featured-img":"","footer-sml-layout":"","theme-transparent-header-meta":"","adv-header-id-meta":"","stick-header-meta":"","header-above-stick-meta":"","header-main-stick-meta":"","header-below-stick-meta":"","astra-migrate-meta-layouts":"default","ast-page-background-enabled":"default","ast-page-background-meta":{"desktop":{"background-color":"var(--ast-global-color-4)","background-image":"","background-repeat":"repeat","background-position":"center center","background-size":"auto","background-attachment":"scroll","background-type":"","background-media":"","overlay-type":"","overlay-color":"","overlay-opacity":"","overlay-gradient":""},"tablet":{"background-color":"","background-image":"","background-repeat":"repeat","background-position":"center center","background-size":"auto","background-attachment":"scroll","background-type":"","background-media":"","overlay-type":"","overlay-color":"","overlay-opacity":"","overlay-gradient":""},"mobile":{"background-color":"","background-image":"","background-repeat":"repeat","background-position":"center center","background-size":"auto","background-attachment":"scroll","background-type":"","background-media":"","overlay-type":"","overlay-color":"","overlay-opacity":"","overlay-gradient":""}},"ast-content-background-meta":{"desktop":{"background-color":"var(--ast-global-color-5)","background-image":"","background-repeat":"repeat","background-position":"center center","background-size":"auto","background-attachment":"scroll","background-type":"","background-media":"","overlay-type":"","overlay-color":"","overlay-opacity":"","overlay-gradient":""},"tablet":{"background-color":"var(--ast-global-color-5)","background-image":"","background-repeat":"repeat","background-position":"center center","background-size":"auto","background-attachment":"scroll","background-type":"","background-media":"","overlay-type":"","overlay-color":"","overlay-opacity":"","overlay-gradient":""},"mobile":{"background-color":"var(--ast-global-color-5)","background-image":"","background-repeat":"repeat","background-position":"center center","background-size":"auto","background-attachment":"scroll","background-type":"","background-media":"","overlay-type":"","overlay-color":"","overlay-opacity":"","overlay-gradient":""}},"footnotes":""},"categories":[3,8,9,2],"tags":[],"class_list":["post-4783","post","type-post","status-publish","format-standard","has-post-thumbnail","hentry","category-i3","category-p4","category-p5","category-infantil"],"post_mailing_queue_ids":[],"_links":{"self":[{"href":"https:\/\/agora.xtec.cat\/ceipcalvetdestrella\/wp-json\/wp\/v2\/posts\/4783","targetHints":{"allow":["GET"]}}],"collection":[{"href":"https:\/\/agora.xtec.cat\/ceipcalvetdestrella\/wp-json\/wp\/v2\/posts"}],"about":[{"href":"https:\/\/agora.xtec.cat\/ceipcalvetdestrella\/wp-json\/wp\/v2\/types\/post"}],"author":[{"embeddable":true,"href":"https:\/\/agora.xtec.cat\/ceipcalvetdestrella\/wp-json\/wp\/v2\/users\/1"}],"replies":[{"embeddable":true,"href":"https:\/\/agora.xtec.cat\/ceipcalvetdestrella\/wp-json\/wp\/v2\/comments?post=4783"}],"version-history":[{"count":3,"href":"https:\/\/agora.xtec.cat\/ceipcalvetdestrella\/wp-json\/wp\/v2\/posts\/4783\/revisions"}],"predecessor-version":[{"id":4788,"href":"https:\/\/agora.xtec.cat\/ceipcalvetdestrella\/wp-json\/wp\/v2\/posts\/4783\/revisions\/4788"}],"wp:featuredmedia":[{"embeddable":true,"href":"https:\/\/agora.xtec.cat\/ceipcalvetdestrella\/wp-json\/wp\/v2\/media\/4785"}],"wp:attachment":[{"href":"https:\/\/agora.xtec.cat\/ceipcalvetdestrella\/wp-json\/wp\/v2\/media?parent=4783"}],"wp:term":[{"taxonomy":"category","embeddable":true,"href":"https:\/\/agora.xtec.cat\/ceipcalvetdestrella\/wp-json\/wp\/v2\/categories?post=4783"},{"taxonomy":"post_tag","embeddable":true,"href":"https:\/\/agora.xtec.cat\/ceipcalvetdestrella\/wp-json\/wp\/v2\/tags?post=4783"}],"curies":[{"name":"wp","href":"https:\/\/api.w.org\/{rel}","templated":true}]}}