{"id":4165,"date":"2022-06-30T09:58:26","date_gmt":"2022-06-30T07:58:26","guid":{"rendered":"https:\/\/agora.xtec.cat\/ceipcalvetdestrella\/?p=4165"},"modified":"2024-07-03T09:47:28","modified_gmt":"2024-07-03T07:47:28","slug":"videos-del-festival-de-fi-de-curs","status":"publish","type":"post","link":"https:\/\/agora.xtec.cat\/ceipcalvetdestrella\/general\/videos-del-festival-de-fi-de-curs\/","title":{"rendered":"Festival final de curs 2022"},"content":{"rendered":"<p style=\"text-align: justify;\">Benvolgudes fam\u00edlies,<br \/>\nvolem agrair la vostra pres\u00e8ncia al festival de fi de curs que vam celebrar al gimn\u00e0s de l&#8217;escola, va ser molt important pels nens i nenes, sentir el vostre caliu.<br \/>\nEsperem que el curs vinent, puguem fer un format on estiguem tots els cursos junts i compartir una jornada molt especial.<br \/>\nUs deixem els v\u00eddeos de les actuacions aplegats pels cursos que van actuar en el mateix dia.<br \/>\nEsperem que els gaudiu molt i els hi poseu un altra vegada als vostres fills i filles.<\/p>\n<p style=\"text-align: justify;\">Cliqueu a la imatge del curs del vostre fill o filla per veure el v\u00eddeo.<br \/>\nBones vacances!!<\/p>\n<p><a href=\"https:\/\/drive.google.com\/file\/d\/1o_9Td-uDv8ynF9f1P-vuQBgBNU7HoH1V\/view?usp=sharing\" target=\"_blank\" rel=\"noopener\"><img loading=\"lazy\" decoding=\"async\" class=\"alignnone wp-image-4168\" src=\"https:\/\/agora.xtec.cat\/ceipcalvetdestrella\/wp-content\/uploads\/usu1846\/2022\/06\/Pale-Blue-Poster-Ice-Cream-Day-in-Cafe-724x1024.png\" alt=\"\" width=\"222\" height=\"314\" srcset=\"https:\/\/agora.xtec.cat\/ceipcalvetdestrella\/wp-content\/uploads\/usu1846\/2022\/06\/Pale-Blue-Poster-Ice-Cream-Day-in-Cafe-724x1024.png 724w, https:\/\/agora.xtec.cat\/ceipcalvetdestrella\/wp-content\/uploads\/usu1846\/2022\/06\/Pale-Blue-Poster-Ice-Cream-Day-in-Cafe-212x300.png 212w, https:\/\/agora.xtec.cat\/ceipcalvetdestrella\/wp-content\/uploads\/usu1846\/2022\/06\/Pale-Blue-Poster-Ice-Cream-Day-in-Cafe-768x1086.png 768w, https:\/\/agora.xtec.cat\/ceipcalvetdestrella\/wp-content\/uploads\/usu1846\/2022\/06\/Pale-Blue-Poster-Ice-Cream-Day-in-Cafe-1086x1536.png 1086w, https:\/\/agora.xtec.cat\/ceipcalvetdestrella\/wp-content\/uploads\/usu1846\/2022\/06\/Pale-Blue-Poster-Ice-Cream-Day-in-Cafe-1448x2048.png 1448w, https:\/\/agora.xtec.cat\/ceipcalvetdestrella\/wp-content\/uploads\/usu1846\/2022\/06\/Pale-Blue-Poster-Ice-Cream-Day-in-Cafe.png 1587w\" sizes=\"auto, (max-width: 222px) 100vw, 222px\" \/><\/a><a href=\"https:\/\/drive.google.com\/file\/d\/1MszpKwm4lNp1cQj75kzFWroC7RwWBHRp\/view?usp=sharing\" target=\"_blank\" rel=\"noopener\"><img loading=\"lazy\" decoding=\"async\" class=\"alignnone wp-image-4166\" src=\"https:\/\/agora.xtec.cat\/ceipcalvetdestrella\/wp-content\/uploads\/usu1846\/2022\/06\/Pale-Blue-Poster-Ice-Cream-Day-in-Cafe-1-724x1024.png\" alt=\"\" width=\"222\" height=\"314\" srcset=\"https:\/\/agora.xtec.cat\/ceipcalvetdestrella\/wp-content\/uploads\/usu1846\/2022\/06\/Pale-Blue-Poster-Ice-Cream-Day-in-Cafe-1-724x1024.png 724w, https:\/\/agora.xtec.cat\/ceipcalvetdestrella\/wp-content\/uploads\/usu1846\/2022\/06\/Pale-Blue-Poster-Ice-Cream-Day-in-Cafe-1-212x300.png 212w, https:\/\/agora.xtec.cat\/ceipcalvetdestrella\/wp-content\/uploads\/usu1846\/2022\/06\/Pale-Blue-Poster-Ice-Cream-Day-in-Cafe-1-768x1086.png 768w, https:\/\/agora.xtec.cat\/ceipcalvetdestrella\/wp-content\/uploads\/usu1846\/2022\/06\/Pale-Blue-Poster-Ice-Cream-Day-in-Cafe-1-1086x1536.png 1086w, https:\/\/agora.xtec.cat\/ceipcalvetdestrella\/wp-content\/uploads\/usu1846\/2022\/06\/Pale-Blue-Poster-Ice-Cream-Day-in-Cafe-1-1448x2048.png 1448w, https:\/\/agora.xtec.cat\/ceipcalvetdestrella\/wp-content\/uploads\/usu1846\/2022\/06\/Pale-Blue-Poster-Ice-Cream-Day-in-Cafe-1.png 1587w\" sizes=\"auto, (max-width: 222px) 100vw, 222px\" \/><\/a><a href=\"https:\/\/drive.google.com\/file\/d\/1yx_jvnIhRlRsCIcF2fjk2WJgEkbEtjGo\/view?usp=sharing\" target=\"_blank\" rel=\"noopener\"><img loading=\"lazy\" decoding=\"async\" class=\"alignnone wp-image-4167\" src=\"https:\/\/agora.xtec.cat\/ceipcalvetdestrella\/wp-content\/uploads\/usu1846\/2022\/06\/Pale-Blue-Poster-Ice-Cream-Day-in-Cafe-2-724x1024.png\" alt=\"\" width=\"221\" height=\"312\" srcset=\"https:\/\/agora.xtec.cat\/ceipcalvetdestrella\/wp-content\/uploads\/usu1846\/2022\/06\/Pale-Blue-Poster-Ice-Cream-Day-in-Cafe-2-724x1024.png 724w, https:\/\/agora.xtec.cat\/ceipcalvetdestrella\/wp-content\/uploads\/usu1846\/2022\/06\/Pale-Blue-Poster-Ice-Cream-Day-in-Cafe-2-212x300.png 212w, https:\/\/agora.xtec.cat\/ceipcalvetdestrella\/wp-content\/uploads\/usu1846\/2022\/06\/Pale-Blue-Poster-Ice-Cream-Day-in-Cafe-2-768x1086.png 768w, https:\/\/agora.xtec.cat\/ceipcalvetdestrella\/wp-content\/uploads\/usu1846\/2022\/06\/Pale-Blue-Poster-Ice-Cream-Day-in-Cafe-2-1086x1536.png 1086w, https:\/\/agora.xtec.cat\/ceipcalvetdestrella\/wp-content\/uploads\/usu1846\/2022\/06\/Pale-Blue-Poster-Ice-Cream-Day-in-Cafe-2-1448x2048.png 1448w, https:\/\/agora.xtec.cat\/ceipcalvetdestrella\/wp-content\/uploads\/usu1846\/2022\/06\/Pale-Blue-Poster-Ice-Cream-Day-in-Cafe-2.png 1587w\" sizes=\"auto, (max-width: 221px) 100vw, 221px\" \/><\/a><\/p>\n","protected":false},"excerpt":{"rendered":"<p>Benvolgudes fam\u00edlies, volem agrair la vostra pres\u00e8ncia al festival de fi de curs que vam celebrar al gimn\u00e0s de l&#8217;escola, va ser molt important pels nens i nenes, sentir el vostre caliu. Esperem que el curs vinent, puguem fer un format on estiguem tots els cursos junts i compartir una jornada molt especial. Us deixem [&hellip;]<\/p>\n","protected":false},"author":1,"featured_media":4170,"comment_status":"open","ping_status":"closed","sticky":false,"template":"","format":"standard","meta":{"_bbp_topic_count":0,"_bbp_reply_count":0,"_bbp_total_topic_count":0,"_bbp_total_reply_count":0,"_bbp_voice_count":0,"_bbp_anonymous_reply_count":0,"_bbp_topic_count_hidden":0,"_bbp_reply_count_hidden":0,"_bbp_forum_subforum_count":0,"site-sidebar-layout":"default","site-content-layout":"","ast-site-content-layout":"","site-content-style":"default","site-sidebar-style":"default","ast-global-header-display":"","ast-banner-title-visibility":"","ast-main-header-display":"","ast-hfb-above-header-display":"","ast-hfb-below-header-display":"","ast-hfb-mobile-header-display":"","site-post-title":"","ast-breadcrumbs-content":"","ast-featured-img":"","footer-sml-layout":"","theme-transparent-header-meta":"","adv-header-id-meta":"","stick-header-meta":"","header-above-stick-meta":"","header-main-stick-meta":"","header-below-stick-meta":"","astra-migrate-meta-layouts":"default","ast-page-background-enabled":"default","ast-page-background-meta":{"desktop":{"background-color":"var(--ast-global-color-4)","background-image":"","background-repeat":"repeat","background-position":"center center","background-size":"auto","background-attachment":"scroll","background-type":"","background-media":"","overlay-type":"","overlay-color":"","overlay-opacity":"","overlay-gradient":""},"tablet":{"background-color":"","background-image":"","background-repeat":"repeat","background-position":"center center","background-size":"auto","background-attachment":"scroll","background-type":"","background-media":"","overlay-type":"","overlay-color":"","overlay-opacity":"","overlay-gradient":""},"mobile":{"background-color":"","background-image":"","background-repeat":"repeat","background-position":"center center","background-size":"auto","background-attachment":"scroll","background-type":"","background-media":"","overlay-type":"","overlay-color":"","overlay-opacity":"","overlay-gradient":""}},"ast-content-background-meta":{"desktop":{"background-color":"var(--ast-global-color-5)","background-image":"","background-repeat":"repeat","background-position":"center center","background-size":"auto","background-attachment":"scroll","background-type":"","background-media":"","overlay-type":"","overlay-color":"","overlay-opacity":"","overlay-gradient":""},"tablet":{"background-color":"var(--ast-global-color-5)","background-image":"","background-repeat":"repeat","background-position":"center center","background-size":"auto","background-attachment":"scroll","background-type":"","background-media":"","overlay-type":"","overlay-color":"","overlay-opacity":"","overlay-gradient":""},"mobile":{"background-color":"var(--ast-global-color-5)","background-image":"","background-repeat":"repeat","background-position":"center center","background-size":"auto","background-attachment":"scroll","background-type":"","background-media":"","overlay-type":"","overlay-color":"","overlay-opacity":"","overlay-gradient":""}},"footnotes":""},"categories":[1,2,4,5],"tags":[],"class_list":["post-4165","post","type-post","status-publish","format-standard","has-post-thumbnail","hentry","category-general","category-infantil","category-portada","category-primaria"],"post_mailing_queue_ids":[],"_links":{"self":[{"href":"https:\/\/agora.xtec.cat\/ceipcalvetdestrella\/wp-json\/wp\/v2\/posts\/4165","targetHints":{"allow":["GET"]}}],"collection":[{"href":"https:\/\/agora.xtec.cat\/ceipcalvetdestrella\/wp-json\/wp\/v2\/posts"}],"about":[{"href":"https:\/\/agora.xtec.cat\/ceipcalvetdestrella\/wp-json\/wp\/v2\/types\/post"}],"author":[{"embeddable":true,"href":"https:\/\/agora.xtec.cat\/ceipcalvetdestrella\/wp-json\/wp\/v2\/users\/1"}],"replies":[{"embeddable":true,"href":"https:\/\/agora.xtec.cat\/ceipcalvetdestrella\/wp-json\/wp\/v2\/comments?post=4165"}],"version-history":[{"count":4,"href":"https:\/\/agora.xtec.cat\/ceipcalvetdestrella\/wp-json\/wp\/v2\/posts\/4165\/revisions"}],"predecessor-version":[{"id":6119,"href":"https:\/\/agora.xtec.cat\/ceipcalvetdestrella\/wp-json\/wp\/v2\/posts\/4165\/revisions\/6119"}],"wp:featuredmedia":[{"embeddable":true,"href":"https:\/\/agora.xtec.cat\/ceipcalvetdestrella\/wp-json\/wp\/v2\/media\/4170"}],"wp:attachment":[{"href":"https:\/\/agora.xtec.cat\/ceipcalvetdestrella\/wp-json\/wp\/v2\/media?parent=4165"}],"wp:term":[{"taxonomy":"category","embeddable":true,"href":"https:\/\/agora.xtec.cat\/ceipcalvetdestrella\/wp-json\/wp\/v2\/categories?post=4165"},{"taxonomy":"post_tag","embeddable":true,"href":"https:\/\/agora.xtec.cat\/ceipcalvetdestrella\/wp-json\/wp\/v2\/tags?post=4165"}],"curies":[{"name":"wp","href":"https:\/\/api.w.org\/{rel}","templated":true}]}}