{"id":4065,"date":"2022-05-26T15:29:46","date_gmt":"2022-05-26T13:29:46","guid":{"rendered":"https:\/\/agora.xtec.cat\/ceipcalvetdestrella\/?p=4065"},"modified":"2022-05-26T15:29:46","modified_gmt":"2022-05-26T13:29:46","slug":"sortida-parc-guell-p4","status":"publish","type":"post","link":"https:\/\/agora.xtec.cat\/ceipcalvetdestrella\/infantil\/sortida-parc-guell-p4\/","title":{"rendered":"Sortida Parc G\u00fcell- P4"},"content":{"rendered":"<p>Despr\u00e9s de treballar els vitralls i el trencad\u00eds a la setmana cultural juntament amb les obres del Gaud\u00ed, hem fet una sortida al Parc G\u00fcell.<\/p>\n<p>Hem passat un gran dia passejant pel parc i fent la visita on ens han explicat com s&#8217;inspirava l&#8217;arquitecte per fer els edificis i monuments.<\/p>\n<p>Cliqueu a la imatge per veure unes quantes fotos.<\/p>\n<p><a href=\"https:\/\/drive.google.com\/drive\/folders\/19e6B3NEWbU69IwztXiVO3lsk6LzBft-P?usp=sharing\"><img loading=\"lazy\" decoding=\"async\" class=\"wp-image-4066 aligncenter\" src=\"https:\/\/agora.xtec.cat\/ceipcalvetdestrella\/wp-content\/uploads\/usu1846\/2022\/05\/p4-sortida-parc-guell-1024x768.jpg\" alt=\"\" width=\"478\" height=\"359\" srcset=\"https:\/\/agora.xtec.cat\/ceipcalvetdestrella\/wp-content\/uploads\/usu1846\/2022\/05\/p4-sortida-parc-guell-1024x768.jpg 1024w, https:\/\/agora.xtec.cat\/ceipcalvetdestrella\/wp-content\/uploads\/usu1846\/2022\/05\/p4-sortida-parc-guell-300x225.jpg 300w, https:\/\/agora.xtec.cat\/ceipcalvetdestrella\/wp-content\/uploads\/usu1846\/2022\/05\/p4-sortida-parc-guell-768x576.jpg 768w, https:\/\/agora.xtec.cat\/ceipcalvetdestrella\/wp-content\/uploads\/usu1846\/2022\/05\/p4-sortida-parc-guell-200x150.jpg 200w, https:\/\/agora.xtec.cat\/ceipcalvetdestrella\/wp-content\/uploads\/usu1846\/2022\/05\/p4-sortida-parc-guell.jpg 1050w\" sizes=\"auto, (max-width: 478px) 100vw, 478px\" \/><\/a><\/p>\n","protected":false},"excerpt":{"rendered":"<p>Despr\u00e9s de treballar els vitralls i el trencad\u00eds a la setmana cultural juntament amb les obres del Gaud\u00ed, hem fet una sortida al Parc G\u00fcell. Hem passat un gran dia passejant pel parc i fent la visita on ens han explicat com s&#8217;inspirava l&#8217;arquitecte per fer els edificis i monuments. Cliqueu a la imatge per [&hellip;]<\/p>\n","protected":false},"author":1,"featured_media":4066,"comment_status":"open","ping_status":"closed","sticky":false,"template":"","format":"standard","meta":{"_bbp_topic_count":0,"_bbp_reply_count":0,"_bbp_total_topic_count":0,"_bbp_total_reply_count":0,"_bbp_voice_count":0,"_bbp_anonymous_reply_count":0,"_bbp_topic_count_hidden":0,"_bbp_reply_count_hidden":0,"_bbp_forum_subforum_count":0,"site-sidebar-layout":"default","site-content-layout":"","ast-site-content-layout":"","site-content-style":"default","site-sidebar-style":"default","ast-global-header-display":"","ast-banner-title-visibility":"","ast-main-header-display":"","ast-hfb-above-header-display":"","ast-hfb-below-header-display":"","ast-hfb-mobile-header-display":"","site-post-title":"","ast-breadcrumbs-content":"","ast-featured-img":"","footer-sml-layout":"","theme-transparent-header-meta":"","adv-header-id-meta":"","stick-header-meta":"","header-above-stick-meta":"","header-main-stick-meta":"","header-below-stick-meta":"","astra-migrate-meta-layouts":"default","ast-page-background-enabled":"default","ast-page-background-meta":{"desktop":{"background-color":"var(--ast-global-color-4)","background-image":"","background-repeat":"repeat","background-position":"center center","background-size":"auto","background-attachment":"scroll","background-type":"","background-media":"","overlay-type":"","overlay-color":"","overlay-opacity":"","overlay-gradient":""},"tablet":{"background-color":"","background-image":"","background-repeat":"repeat","background-position":"center center","background-size":"auto","background-attachment":"scroll","background-type":"","background-media":"","overlay-type":"","overlay-color":"","overlay-opacity":"","overlay-gradient":""},"mobile":{"background-color":"","background-image":"","background-repeat":"repeat","background-position":"center center","background-size":"auto","background-attachment":"scroll","background-type":"","background-media":"","overlay-type":"","overlay-color":"","overlay-opacity":"","overlay-gradient":""}},"ast-content-background-meta":{"desktop":{"background-color":"var(--ast-global-color-5)","background-image":"","background-repeat":"repeat","background-position":"center center","background-size":"auto","background-attachment":"scroll","background-type":"","background-media":"","overlay-type":"","overlay-color":"","overlay-opacity":"","overlay-gradient":""},"tablet":{"background-color":"var(--ast-global-color-5)","background-image":"","background-repeat":"repeat","background-position":"center center","background-size":"auto","background-attachment":"scroll","background-type":"","background-media":"","overlay-type":"","overlay-color":"","overlay-opacity":"","overlay-gradient":""},"mobile":{"background-color":"var(--ast-global-color-5)","background-image":"","background-repeat":"repeat","background-position":"center center","background-size":"auto","background-attachment":"scroll","background-type":"","background-media":"","overlay-type":"","overlay-color":"","overlay-opacity":"","overlay-gradient":""}},"footnotes":""},"categories":[8,2],"tags":[],"class_list":["post-4065","post","type-post","status-publish","format-standard","has-post-thumbnail","hentry","category-p4","category-infantil"],"post_mailing_queue_ids":[],"_links":{"self":[{"href":"https:\/\/agora.xtec.cat\/ceipcalvetdestrella\/wp-json\/wp\/v2\/posts\/4065","targetHints":{"allow":["GET"]}}],"collection":[{"href":"https:\/\/agora.xtec.cat\/ceipcalvetdestrella\/wp-json\/wp\/v2\/posts"}],"about":[{"href":"https:\/\/agora.xtec.cat\/ceipcalvetdestrella\/wp-json\/wp\/v2\/types\/post"}],"author":[{"embeddable":true,"href":"https:\/\/agora.xtec.cat\/ceipcalvetdestrella\/wp-json\/wp\/v2\/users\/1"}],"replies":[{"embeddable":true,"href":"https:\/\/agora.xtec.cat\/ceipcalvetdestrella\/wp-json\/wp\/v2\/comments?post=4065"}],"version-history":[{"count":1,"href":"https:\/\/agora.xtec.cat\/ceipcalvetdestrella\/wp-json\/wp\/v2\/posts\/4065\/revisions"}],"predecessor-version":[{"id":4067,"href":"https:\/\/agora.xtec.cat\/ceipcalvetdestrella\/wp-json\/wp\/v2\/posts\/4065\/revisions\/4067"}],"wp:featuredmedia":[{"embeddable":true,"href":"https:\/\/agora.xtec.cat\/ceipcalvetdestrella\/wp-json\/wp\/v2\/media\/4066"}],"wp:attachment":[{"href":"https:\/\/agora.xtec.cat\/ceipcalvetdestrella\/wp-json\/wp\/v2\/media?parent=4065"}],"wp:term":[{"taxonomy":"category","embeddable":true,"href":"https:\/\/agora.xtec.cat\/ceipcalvetdestrella\/wp-json\/wp\/v2\/categories?post=4065"},{"taxonomy":"post_tag","embeddable":true,"href":"https:\/\/agora.xtec.cat\/ceipcalvetdestrella\/wp-json\/wp\/v2\/tags?post=4065"}],"curies":[{"name":"wp","href":"https:\/\/api.w.org\/{rel}","templated":true}]}}