{"id":3539,"date":"2022-03-24T13:48:41","date_gmt":"2022-03-24T12:48:41","guid":{"rendered":"https:\/\/agora.xtec.cat\/ceipcalvetdestrella\/?p=3539"},"modified":"2022-03-24T13:48:41","modified_gmt":"2022-03-24T12:48:41","slug":"la-vella-quaresma-_-educacio-infantil","status":"publish","type":"post","link":"https:\/\/agora.xtec.cat\/ceipcalvetdestrella\/infantil\/la-vella-quaresma-_-educacio-infantil\/","title":{"rendered":"LA VELLA QUARESMA _ Educaci\u00f3 Infantil"},"content":{"rendered":"<p>Cada dimarts els nens i nenes d&#8217;educaci\u00f3 infantil esperem amb molta il\u00b7lusi\u00f3 l&#8217;arribada de la Vella Quaresma. \u00c9s una velleta que t\u00e9 set cames! Entre tots l&#8217;ajudarem, setmana rera setmana, anant-li traient les cames tot cantant-li la seva can\u00e7\u00f3:<\/p>\n<p><em>Vella Quaresma, Vella Quaresma,<\/em><\/p>\n<p><em>ai que no pots caminar!<\/em><\/p>\n<p><em>tens tantes cames, que t&#8217;entrebanques,<\/em><\/p>\n<p><em>entre tots t&#8217;hem d&#8217;ajudar!<\/em><\/p>\n<p><em>I \u00e9s que n&#8217;hem de treure una,<\/em><\/p>\n<p><em>una, una, una, una,<\/em><\/p>\n<p><em>i \u00e9s que n&#8217;hem de treure<\/em><\/p>\n<p><em>una perqu\u00e8 pugui caminar txa-txa-txa!<\/em><\/p>\n<p>&nbsp;<\/p>\n<div class=\"ast-oembed-container \" style=\"height: 100%;\"><iframe loading=\"lazy\" title=\"Vella Quaresma\" width=\"500\" height=\"281\" src=\"https:\/\/www.youtube.com\/embed\/3wEjvcA7Yzg?feature=oembed\" frameborder=\"0\" allow=\"accelerometer; autoplay; clipboard-write; encrypted-media; gyroscope; picture-in-picture; web-share\" referrerpolicy=\"strict-origin-when-cross-origin\" allowfullscreen><\/iframe><\/div>\n<div class=\"ast-oembed-container \" style=\"height: 100%;\"><iframe loading=\"lazy\" title=\"CAN\u00c7O INFANTIL EN CATALA DE LA VELLA QUARESMA\" width=\"500\" height=\"281\" src=\"https:\/\/www.youtube.com\/embed\/n9DxVXVe2lQ?feature=oembed\" frameborder=\"0\" allow=\"accelerometer; autoplay; clipboard-write; encrypted-media; gyroscope; picture-in-picture; web-share\" referrerpolicy=\"strict-origin-when-cross-origin\" allowfullscreen><\/iframe><\/div>\n","protected":false},"excerpt":{"rendered":"<p>Cada dimarts els nens i nenes d&#8217;educaci\u00f3 infantil esperem amb molta il\u00b7lusi\u00f3 l&#8217;arribada de la Vella Quaresma. \u00c9s una velleta que t\u00e9 set cames! Entre tots l&#8217;ajudarem, setmana rera setmana, anant-li traient les cames tot cantant-li la seva can\u00e7\u00f3: Vella Quaresma, Vella Quaresma, ai que no pots caminar! tens tantes cames, que t&#8217;entrebanques, entre tots [&hellip;]<\/p>\n","protected":false},"author":14,"featured_media":3582,"comment_status":"open","ping_status":"closed","sticky":false,"template":"","format":"standard","meta":{"_bbp_topic_count":0,"_bbp_reply_count":0,"_bbp_total_topic_count":0,"_bbp_total_reply_count":0,"_bbp_voice_count":0,"_bbp_anonymous_reply_count":0,"_bbp_topic_count_hidden":0,"_bbp_reply_count_hidden":0,"_bbp_forum_subforum_count":0,"site-sidebar-layout":"default","site-content-layout":"","ast-site-content-layout":"","site-content-style":"default","site-sidebar-style":"default","ast-global-header-display":"","ast-banner-title-visibility":"","ast-main-header-display":"","ast-hfb-above-header-display":"","ast-hfb-below-header-display":"","ast-hfb-mobile-header-display":"","site-post-title":"","ast-breadcrumbs-content":"","ast-featured-img":"","footer-sml-layout":"","theme-transparent-header-meta":"","adv-header-id-meta":"","stick-header-meta":"","header-above-stick-meta":"","header-main-stick-meta":"","header-below-stick-meta":"","astra-migrate-meta-layouts":"default","ast-page-background-enabled":"default","ast-page-background-meta":{"desktop":{"background-color":"var(--ast-global-color-4)","background-image":"","background-repeat":"repeat","background-position":"center center","background-size":"auto","background-attachment":"scroll","background-type":"","background-media":"","overlay-type":"","overlay-color":"","overlay-opacity":"","overlay-gradient":""},"tablet":{"background-color":"","background-image":"","background-repeat":"repeat","background-position":"center center","background-size":"auto","background-attachment":"scroll","background-type":"","background-media":"","overlay-type":"","overlay-color":"","overlay-opacity":"","overlay-gradient":""},"mobile":{"background-color":"","background-image":"","background-repeat":"repeat","background-position":"center center","background-size":"auto","background-attachment":"scroll","background-type":"","background-media":"","overlay-type":"","overlay-color":"","overlay-opacity":"","overlay-gradient":""}},"ast-content-background-meta":{"desktop":{"background-color":"var(--ast-global-color-5)","background-image":"","background-repeat":"repeat","background-position":"center center","background-size":"auto","background-attachment":"scroll","background-type":"","background-media":"","overlay-type":"","overlay-color":"","overlay-opacity":"","overlay-gradient":""},"tablet":{"background-color":"var(--ast-global-color-5)","background-image":"","background-repeat":"repeat","background-position":"center center","background-size":"auto","background-attachment":"scroll","background-type":"","background-media":"","overlay-type":"","overlay-color":"","overlay-opacity":"","overlay-gradient":""},"mobile":{"background-color":"var(--ast-global-color-5)","background-image":"","background-repeat":"repeat","background-position":"center center","background-size":"auto","background-attachment":"scroll","background-type":"","background-media":"","overlay-type":"","overlay-color":"","overlay-opacity":"","overlay-gradient":""}},"footnotes":""},"categories":[3,8,9,2],"tags":[],"class_list":["post-3539","post","type-post","status-publish","format-standard","has-post-thumbnail","hentry","category-i3","category-p4","category-p5","category-infantil"],"post_mailing_queue_ids":[],"_links":{"self":[{"href":"https:\/\/agora.xtec.cat\/ceipcalvetdestrella\/wp-json\/wp\/v2\/posts\/3539","targetHints":{"allow":["GET"]}}],"collection":[{"href":"https:\/\/agora.xtec.cat\/ceipcalvetdestrella\/wp-json\/wp\/v2\/posts"}],"about":[{"href":"https:\/\/agora.xtec.cat\/ceipcalvetdestrella\/wp-json\/wp\/v2\/types\/post"}],"author":[{"embeddable":true,"href":"https:\/\/agora.xtec.cat\/ceipcalvetdestrella\/wp-json\/wp\/v2\/users\/14"}],"replies":[{"embeddable":true,"href":"https:\/\/agora.xtec.cat\/ceipcalvetdestrella\/wp-json\/wp\/v2\/comments?post=3539"}],"version-history":[{"count":3,"href":"https:\/\/agora.xtec.cat\/ceipcalvetdestrella\/wp-json\/wp\/v2\/posts\/3539\/revisions"}],"predecessor-version":[{"id":3583,"href":"https:\/\/agora.xtec.cat\/ceipcalvetdestrella\/wp-json\/wp\/v2\/posts\/3539\/revisions\/3583"}],"wp:featuredmedia":[{"embeddable":true,"href":"https:\/\/agora.xtec.cat\/ceipcalvetdestrella\/wp-json\/wp\/v2\/media\/3582"}],"wp:attachment":[{"href":"https:\/\/agora.xtec.cat\/ceipcalvetdestrella\/wp-json\/wp\/v2\/media?parent=3539"}],"wp:term":[{"taxonomy":"category","embeddable":true,"href":"https:\/\/agora.xtec.cat\/ceipcalvetdestrella\/wp-json\/wp\/v2\/categories?post=3539"},{"taxonomy":"post_tag","embeddable":true,"href":"https:\/\/agora.xtec.cat\/ceipcalvetdestrella\/wp-json\/wp\/v2\/tags?post=3539"}],"curies":[{"name":"wp","href":"https:\/\/api.w.org\/{rel}","templated":true}]}}