{"id":3462,"date":"2022-03-14T12:56:05","date_gmt":"2022-03-14T11:56:05","guid":{"rendered":"https:\/\/agora.xtec.cat\/ceipcalvetdestrella\/?p=3462"},"modified":"2022-03-14T13:23:28","modified_gmt":"2022-03-14T12:23:28","slug":"manifest-contra-la-guerra-4rt","status":"publish","type":"post","link":"https:\/\/agora.xtec.cat\/ceipcalvetdestrella\/primaria\/4t\/manifest-contra-la-guerra-4rt\/","title":{"rendered":"MANIFEST CONTRA LA GUERRA &#8211; 4rt"},"content":{"rendered":"<blockquote><p>Hola de nou a tothom,<\/p><\/blockquote>\n<p>Volem compartir amb tots\/es vosaltres el manifest que hem escrit l\u2019alumnat de 4t de Prim\u00e0ria de l\u2019escola en contra de la guerra. Esperem que us agradi.<\/p>\n<p>Pau i amor!<\/p>\n<p>Salutacions.<\/p>\n<p style=\"text-align: left;\"><em><strong>Benvolguts i benvolgudes:<\/strong><\/em><\/p>\n<p style=\"text-align: left;\"><em><strong>Avui dijous dia 10 de mar\u00e7 del 2022 tots i totes els\/les alumnes, mestres i personal de l\u2019escola Calvet d\u2019Estrella de Sabadell ens manifestem a favor de la pau i en contra de la guerra.<\/strong><\/em><\/p>\n<p style=\"text-align: left;\"><em><strong>Us demanem als governants del m\u00f3n que atureu totes les guerres ja que cada dia hi ha persones que perden la seva vida, les seves fam\u00edlies, amics i amigues, les seves llars, les seves feines, etc\u00e8tera. No podem oblidar tampoc la destrucci\u00f3 d\u2019hospitals i escoles que s\u00f3n essencials.<\/strong><\/em><\/p>\n<p style=\"text-align: left;\"><em><strong>Tots els conflictes haurien d\u2019aturar-se pel b\u00e9 de la humanitat. La guerra nom\u00e9s porta dolor i destrucci\u00f3.<\/strong><\/em><\/p>\n<p style=\"text-align: left;\"><em><strong>Els dirigents mundials haurien de saber que els problemes se solucionen dialogant i aprenent a escoltar. En lloc de tenir armes a les mans, agafeu la pau. Deixeu l\u2019amor al poder i lluiteu pel poder de l\u2019amor.<\/strong><\/em><\/p>\n<p style=\"text-align: left;\">\n","protected":false},"excerpt":{"rendered":"<p>Hola de nou a tothom, Volem compartir amb tots\/es vosaltres el manifest que hem escrit l\u2019alumnat de 4t de Prim\u00e0ria de l\u2019escola en contra de la guerra. Esperem que us agradi. Pau i amor! Salutacions. Benvolguts i benvolgudes: Avui dijous dia 10 de mar\u00e7 del 2022 tots i totes els\/les alumnes, mestres i personal de [&hellip;]<\/p>\n","protected":false},"author":1,"featured_media":3470,"comment_status":"open","ping_status":"closed","sticky":false,"template":"","format":"standard","meta":{"_bbp_topic_count":0,"_bbp_reply_count":0,"_bbp_total_topic_count":0,"_bbp_total_reply_count":0,"_bbp_voice_count":0,"_bbp_anonymous_reply_count":0,"_bbp_topic_count_hidden":0,"_bbp_reply_count_hidden":0,"_bbp_forum_subforum_count":0,"site-sidebar-layout":"default","site-content-layout":"","ast-site-content-layout":"","site-content-style":"default","site-sidebar-style":"default","ast-global-header-display":"","ast-banner-title-visibility":"","ast-main-header-display":"","ast-hfb-above-header-display":"","ast-hfb-below-header-display":"","ast-hfb-mobile-header-display":"","site-post-title":"","ast-breadcrumbs-content":"","ast-featured-img":"","footer-sml-layout":"","theme-transparent-header-meta":"","adv-header-id-meta":"","stick-header-meta":"","header-above-stick-meta":"","header-main-stick-meta":"","header-below-stick-meta":"","astra-migrate-meta-layouts":"default","ast-page-background-enabled":"default","ast-page-background-meta":{"desktop":{"background-color":"var(--ast-global-color-4)","background-image":"","background-repeat":"repeat","background-position":"center center","background-size":"auto","background-attachment":"scroll","background-type":"","background-media":"","overlay-type":"","overlay-color":"","overlay-opacity":"","overlay-gradient":""},"tablet":{"background-color":"","background-image":"","background-repeat":"repeat","background-position":"center center","background-size":"auto","background-attachment":"scroll","background-type":"","background-media":"","overlay-type":"","overlay-color":"","overlay-opacity":"","overlay-gradient":""},"mobile":{"background-color":"","background-image":"","background-repeat":"repeat","background-position":"center center","background-size":"auto","background-attachment":"scroll","background-type":"","background-media":"","overlay-type":"","overlay-color":"","overlay-opacity":"","overlay-gradient":""}},"ast-content-background-meta":{"desktop":{"background-color":"var(--ast-global-color-5)","background-image":"","background-repeat":"repeat","background-position":"center center","background-size":"auto","background-attachment":"scroll","background-type":"","background-media":"","overlay-type":"","overlay-color":"","overlay-opacity":"","overlay-gradient":""},"tablet":{"background-color":"var(--ast-global-color-5)","background-image":"","background-repeat":"repeat","background-position":"center center","background-size":"auto","background-attachment":"scroll","background-type":"","background-media":"","overlay-type":"","overlay-color":"","overlay-opacity":"","overlay-gradient":""},"mobile":{"background-color":"var(--ast-global-color-5)","background-image":"","background-repeat":"repeat","background-position":"center center","background-size":"auto","background-attachment":"scroll","background-type":"","background-media":"","overlay-type":"","overlay-color":"","overlay-opacity":"","overlay-gradient":""}},"footnotes":""},"categories":[13,95],"tags":[],"class_list":["post-3462","post","type-post","status-publish","format-standard","has-post-thumbnail","hentry","category-4t","category-cicle-mitja"],"post_mailing_queue_ids":[],"_links":{"self":[{"href":"https:\/\/agora.xtec.cat\/ceipcalvetdestrella\/wp-json\/wp\/v2\/posts\/3462","targetHints":{"allow":["GET"]}}],"collection":[{"href":"https:\/\/agora.xtec.cat\/ceipcalvetdestrella\/wp-json\/wp\/v2\/posts"}],"about":[{"href":"https:\/\/agora.xtec.cat\/ceipcalvetdestrella\/wp-json\/wp\/v2\/types\/post"}],"author":[{"embeddable":true,"href":"https:\/\/agora.xtec.cat\/ceipcalvetdestrella\/wp-json\/wp\/v2\/users\/1"}],"replies":[{"embeddable":true,"href":"https:\/\/agora.xtec.cat\/ceipcalvetdestrella\/wp-json\/wp\/v2\/comments?post=3462"}],"version-history":[{"count":3,"href":"https:\/\/agora.xtec.cat\/ceipcalvetdestrella\/wp-json\/wp\/v2\/posts\/3462\/revisions"}],"predecessor-version":[{"id":3469,"href":"https:\/\/agora.xtec.cat\/ceipcalvetdestrella\/wp-json\/wp\/v2\/posts\/3462\/revisions\/3469"}],"wp:featuredmedia":[{"embeddable":true,"href":"https:\/\/agora.xtec.cat\/ceipcalvetdestrella\/wp-json\/wp\/v2\/media\/3470"}],"wp:attachment":[{"href":"https:\/\/agora.xtec.cat\/ceipcalvetdestrella\/wp-json\/wp\/v2\/media?parent=3462"}],"wp:term":[{"taxonomy":"category","embeddable":true,"href":"https:\/\/agora.xtec.cat\/ceipcalvetdestrella\/wp-json\/wp\/v2\/categories?post=3462"},{"taxonomy":"post_tag","embeddable":true,"href":"https:\/\/agora.xtec.cat\/ceipcalvetdestrella\/wp-json\/wp\/v2\/tags?post=3462"}],"curies":[{"name":"wp","href":"https:\/\/api.w.org\/{rel}","templated":true}]}}