{"id":3306,"date":"2021-12-20T17:52:54","date_gmt":"2021-12-20T16:52:54","guid":{"rendered":"https:\/\/agora.xtec.cat\/ceipcalvetdestrella\/?p=3306"},"modified":"2021-12-20T17:52:54","modified_gmt":"2021-12-20T16:52:54","slug":"p5-representacio-conte-els-tres-cabridets-entremaliats","status":"publish","type":"post","link":"https:\/\/agora.xtec.cat\/ceipcalvetdestrella\/infantil\/p5-representacio-conte-els-tres-cabridets-entremaliats\/","title":{"rendered":"P5- Representaci\u00f3 conte: Els tres cabridets entremaliats"},"content":{"rendered":"<p>Al llarg dels darrers mesos hem estat escoltant diferents contes que ens ha explicat la N\u00faria, un d&#8217;ells ha estat: <em>Els tres cabridets entremaliats.<\/em><\/p>\n<p>&nbsp;<\/p>\n<p>Ens va agradar tant que vam fer la representaci\u00f3 al teatre de l&#8217;escola. A continuaci\u00f3, podeu veure algunes escenes d&#8217;aquest conte.<\/p>\n<p>&nbsp;<\/p>\n<p>Ens ho vam passar genial fent dels protagonistes de la hist\u00f2ria!!!<\/p>\n<p>Us deixem unes imatges clicant a <a href=\"https:\/\/drive.google.com\/drive\/folders\/1asXeThO2VRe6ykdwiQL5foseyjQ-Mm1Q?usp=sharing\">aqu\u00ed<\/a>.<\/p>\n<p>&nbsp;<\/p>\n<p><a href=\"https:\/\/drive.google.com\/drive\/folders\/1asXeThO2VRe6ykdwiQL5foseyjQ-Mm1Q?usp=sharing\" rel=\"attachment wp-att-3307\"><img loading=\"lazy\" decoding=\"async\" class=\"aligncenter size-large wp-image-3307\" src=\"https:\/\/agora.xtec.cat\/ceipcalvetdestrella\/wp-content\/uploads\/usu1846\/2021\/12\/blog-4-1024x768.jpg\" alt=\"\" width=\"1024\" height=\"768\" srcset=\"https:\/\/agora.xtec.cat\/ceipcalvetdestrella\/wp-content\/uploads\/usu1846\/2021\/12\/blog-4-1024x768.jpg 1024w, https:\/\/agora.xtec.cat\/ceipcalvetdestrella\/wp-content\/uploads\/usu1846\/2021\/12\/blog-4-300x225.jpg 300w, https:\/\/agora.xtec.cat\/ceipcalvetdestrella\/wp-content\/uploads\/usu1846\/2021\/12\/blog-4-768x576.jpg 768w, https:\/\/agora.xtec.cat\/ceipcalvetdestrella\/wp-content\/uploads\/usu1846\/2021\/12\/blog-4-200x150.jpg 200w, https:\/\/agora.xtec.cat\/ceipcalvetdestrella\/wp-content\/uploads\/usu1846\/2021\/12\/blog-4.jpg 1050w\" sizes=\"auto, (max-width: 1024px) 100vw, 1024px\" \/><\/a><\/p>\n","protected":false},"excerpt":{"rendered":"<p>Al llarg dels darrers mesos hem estat escoltant diferents contes que ens ha explicat la N\u00faria, un d&#8217;ells ha estat: Els tres cabridets entremaliats. &nbsp; Ens va agradar tant que vam fer la representaci\u00f3 al teatre de l&#8217;escola. A continuaci\u00f3, podeu veure algunes escenes d&#8217;aquest conte. &nbsp; Ens ho vam passar genial fent dels protagonistes [&hellip;]<\/p>\n","protected":false},"author":1,"featured_media":3307,"comment_status":"open","ping_status":"closed","sticky":false,"template":"","format":"standard","meta":{"_bbp_topic_count":0,"_bbp_reply_count":0,"_bbp_total_topic_count":0,"_bbp_total_reply_count":0,"_bbp_voice_count":0,"_bbp_anonymous_reply_count":0,"_bbp_topic_count_hidden":0,"_bbp_reply_count_hidden":0,"_bbp_forum_subforum_count":0,"site-sidebar-layout":"default","site-content-layout":"","ast-site-content-layout":"","site-content-style":"default","site-sidebar-style":"default","ast-global-header-display":"","ast-banner-title-visibility":"","ast-main-header-display":"","ast-hfb-above-header-display":"","ast-hfb-below-header-display":"","ast-hfb-mobile-header-display":"","site-post-title":"","ast-breadcrumbs-content":"","ast-featured-img":"","footer-sml-layout":"","theme-transparent-header-meta":"","adv-header-id-meta":"","stick-header-meta":"","header-above-stick-meta":"","header-main-stick-meta":"","header-below-stick-meta":"","astra-migrate-meta-layouts":"default","ast-page-background-enabled":"default","ast-page-background-meta":{"desktop":{"background-color":"var(--ast-global-color-4)","background-image":"","background-repeat":"repeat","background-position":"center center","background-size":"auto","background-attachment":"scroll","background-type":"","background-media":"","overlay-type":"","overlay-color":"","overlay-opacity":"","overlay-gradient":""},"tablet":{"background-color":"","background-image":"","background-repeat":"repeat","background-position":"center center","background-size":"auto","background-attachment":"scroll","background-type":"","background-media":"","overlay-type":"","overlay-color":"","overlay-opacity":"","overlay-gradient":""},"mobile":{"background-color":"","background-image":"","background-repeat":"repeat","background-position":"center center","background-size":"auto","background-attachment":"scroll","background-type":"","background-media":"","overlay-type":"","overlay-color":"","overlay-opacity":"","overlay-gradient":""}},"ast-content-background-meta":{"desktop":{"background-color":"var(--ast-global-color-5)","background-image":"","background-repeat":"repeat","background-position":"center center","background-size":"auto","background-attachment":"scroll","background-type":"","background-media":"","overlay-type":"","overlay-color":"","overlay-opacity":"","overlay-gradient":""},"tablet":{"background-color":"var(--ast-global-color-5)","background-image":"","background-repeat":"repeat","background-position":"center center","background-size":"auto","background-attachment":"scroll","background-type":"","background-media":"","overlay-type":"","overlay-color":"","overlay-opacity":"","overlay-gradient":""},"mobile":{"background-color":"var(--ast-global-color-5)","background-image":"","background-repeat":"repeat","background-position":"center center","background-size":"auto","background-attachment":"scroll","background-type":"","background-media":"","overlay-type":"","overlay-color":"","overlay-opacity":"","overlay-gradient":""}},"footnotes":""},"categories":[9,2],"tags":[],"class_list":["post-3306","post","type-post","status-publish","format-standard","has-post-thumbnail","hentry","category-p5","category-infantil"],"post_mailing_queue_ids":[],"_links":{"self":[{"href":"https:\/\/agora.xtec.cat\/ceipcalvetdestrella\/wp-json\/wp\/v2\/posts\/3306","targetHints":{"allow":["GET"]}}],"collection":[{"href":"https:\/\/agora.xtec.cat\/ceipcalvetdestrella\/wp-json\/wp\/v2\/posts"}],"about":[{"href":"https:\/\/agora.xtec.cat\/ceipcalvetdestrella\/wp-json\/wp\/v2\/types\/post"}],"author":[{"embeddable":true,"href":"https:\/\/agora.xtec.cat\/ceipcalvetdestrella\/wp-json\/wp\/v2\/users\/1"}],"replies":[{"embeddable":true,"href":"https:\/\/agora.xtec.cat\/ceipcalvetdestrella\/wp-json\/wp\/v2\/comments?post=3306"}],"version-history":[{"count":1,"href":"https:\/\/agora.xtec.cat\/ceipcalvetdestrella\/wp-json\/wp\/v2\/posts\/3306\/revisions"}],"predecessor-version":[{"id":3308,"href":"https:\/\/agora.xtec.cat\/ceipcalvetdestrella\/wp-json\/wp\/v2\/posts\/3306\/revisions\/3308"}],"wp:featuredmedia":[{"embeddable":true,"href":"https:\/\/agora.xtec.cat\/ceipcalvetdestrella\/wp-json\/wp\/v2\/media\/3307"}],"wp:attachment":[{"href":"https:\/\/agora.xtec.cat\/ceipcalvetdestrella\/wp-json\/wp\/v2\/media?parent=3306"}],"wp:term":[{"taxonomy":"category","embeddable":true,"href":"https:\/\/agora.xtec.cat\/ceipcalvetdestrella\/wp-json\/wp\/v2\/categories?post=3306"},{"taxonomy":"post_tag","embeddable":true,"href":"https:\/\/agora.xtec.cat\/ceipcalvetdestrella\/wp-json\/wp\/v2\/tags?post=3306"}],"curies":[{"name":"wp","href":"https:\/\/api.w.org\/{rel}","templated":true}]}}