{"id":2610,"date":"2021-04-18T23:47:48","date_gmt":"2021-04-18T21:47:48","guid":{"rendered":"http:\/\/agora.xtec.cat\/ceipcalvetdestrella\/?p=2610"},"modified":"2021-06-09T12:57:06","modified_gmt":"2021-06-09T10:57:06","slug":"preinscripcio-curs-2021-2022","status":"publish","type":"post","link":"https:\/\/agora.xtec.cat\/ceipcalvetdestrella\/general\/preinscripcio-curs-2021-2022\/","title":{"rendered":"PREINSCRIPCI\u00d3 CURS 2021-2022"},"content":{"rendered":"<p><img loading=\"lazy\" decoding=\"async\" class=\"aligncenter wp-image-2611\" src=\"https:\/\/agora.xtec.cat\/ceipcalvetdestrella\/wp-content\/uploads\/usu1846\/2021\/03\/PREINSCRIPCI\u00d3-300x129.jpg\" alt=\"\" width=\"363\" height=\"156\" srcset=\"https:\/\/agora.xtec.cat\/ceipcalvetdestrella\/wp-content\/uploads\/usu1846\/2021\/03\/PREINSCRIPCI\u00d3-300x129.jpg 300w, https:\/\/agora.xtec.cat\/ceipcalvetdestrella\/wp-content\/uploads\/usu1846\/2021\/03\/PREINSCRIPCI\u00d3.jpg 487w\" sizes=\"auto, (max-width: 363px) 100vw, 363px\" \/><\/p>\n<p>&nbsp;<\/p>\n<p><strong>Bona tarda fam\u00edlies!<\/strong><\/p>\n<p><strong>Ja teniu el barem DEFINITIU de les preinscripcions.<\/strong><\/p>\n<p><strong>Feu clic al seg\u00fcent enlla\u00e7 o a la imatge per veure&#8217;l.<\/strong><\/p>\n<p><strong>Molta sort!!<\/strong><\/p>\n<p><a href=\"https:\/\/drive.google.com\/file\/d\/1pSzwU4SS4mZszDQ76uKaYpX8cD0MKW0X\/view?usp=sharing\">Barem <strong>DEFINITIU<\/strong><\/a><\/p>\n<p><a href=\"https:\/\/drive.google.com\/file\/d\/1pSzwU4SS4mZszDQ76uKaYpX8cD0MKW0X\/view?usp=sharing\"><img loading=\"lazy\" decoding=\"async\" class=\"aligncenter wp-image-2913\" src=\"https:\/\/agora.xtec.cat\/ceipcalvetdestrella\/wp-content\/uploads\/usu1846\/2021\/04\/Cartell-informatiu-250x150.jpg\" alt=\"\" width=\"258\" height=\"155\" \/><\/a><\/p>\n<p>&nbsp;<\/p>\n<p>&nbsp;<\/p>\n<p>&nbsp;<\/p>\n<p><strong>Ja teniu el barem provisional de les preinscripcions.<\/strong><\/p>\n<p><strong>Feu clic al seg\u00fcent enlla\u00e7 o a la imatge per veure&#8217;l.<\/strong><\/p>\n<p><a href=\"https:\/\/drive.google.com\/file\/d\/1DS4icXozJkPRgfjQkOlG02HUHt4B7iH3\/view?usp=sharing\">Barem provisional<\/a><\/p>\n<p><a href=\"https:\/\/drive.google.com\/file\/d\/1DS4icXozJkPRgfjQkOlG02HUHt4B7iH3\/view?usp=sharing\"><img loading=\"lazy\" decoding=\"async\" class=\"aligncenter size-full wp-image-2841\" src=\"https:\/\/agora.xtec.cat\/ceipcalvetdestrella\/wp-content\/uploads\/usu1846\/2021\/03\/BAREM.jpg\" alt=\"\" width=\"300\" height=\"300\" srcset=\"https:\/\/agora.xtec.cat\/ceipcalvetdestrella\/wp-content\/uploads\/usu1846\/2021\/03\/BAREM.jpg 300w, https:\/\/agora.xtec.cat\/ceipcalvetdestrella\/wp-content\/uploads\/usu1846\/2021\/03\/BAREM-150x150.jpg 150w\" sizes=\"auto, (max-width: 300px) 100vw, 300px\" \/><\/a><\/p>\n<p>&nbsp;<\/p>\n<p>Consulta tot el proc\u00e9s a\u00a0<a href=\"https:\/\/preinscripcio.gencat.cat\/ca\/inici\/\">https:\/\/preinscripcio.gencat.cat\/ca\/inici\/<\/a><\/p>\n<p><strong>PREINSCRIPCI\u00d3<\/strong> (En l\u00ednia)<\/p>\n<ul>\n<li>Del 15 al 24 de mar\u00e7: Presentaci\u00f3 de sol\u00b7licituds<\/li>\n<\/ul>\n<p><strong>MATRICULA<\/strong> (En l\u00ednia)<\/p>\n<ul>\n<li>Del 14 al 18 de juny: Matriculaci\u00f3<\/li>\n<\/ul>\n<p>Podeu consultar l&#8217;oferta inicial de places clicant <a href=\"https:\/\/drive.google.com\/file\/d\/11bsTqgbdudqeU0gi2eNZKsFDpIl_9fva\/view?usp=sharing\">aqu\u00ed\u00a0<\/a><\/p>\n<p>&nbsp;<\/p>\n","protected":false},"excerpt":{"rendered":"<p>&nbsp; Bona tarda fam\u00edlies! Ja teniu el barem DEFINITIU de les preinscripcions. Feu clic al seg\u00fcent enlla\u00e7 o a la imatge per veure&#8217;l. Molta sort!! Barem DEFINITIU &nbsp; &nbsp; &nbsp; Ja teniu el barem provisional de les preinscripcions. Feu clic al seg\u00fcent enlla\u00e7 o a la imatge per veure&#8217;l. Barem provisional &nbsp; Consulta tot el [&hellip;]<\/p>\n","protected":false},"author":1,"featured_media":2912,"comment_status":"open","ping_status":"closed","sticky":false,"template":"","format":"standard","meta":{"_bbp_topic_count":0,"_bbp_reply_count":0,"_bbp_total_topic_count":0,"_bbp_total_reply_count":0,"_bbp_voice_count":0,"_bbp_anonymous_reply_count":0,"_bbp_topic_count_hidden":0,"_bbp_reply_count_hidden":0,"_bbp_forum_subforum_count":0,"site-sidebar-layout":"default","site-content-layout":"","ast-site-content-layout":"","site-content-style":"default","site-sidebar-style":"default","ast-global-header-display":"","ast-banner-title-visibility":"","ast-main-header-display":"","ast-hfb-above-header-display":"","ast-hfb-below-header-display":"","ast-hfb-mobile-header-display":"","site-post-title":"","ast-breadcrumbs-content":"","ast-featured-img":"","footer-sml-layout":"","theme-transparent-header-meta":"","adv-header-id-meta":"","stick-header-meta":"","header-above-stick-meta":"","header-main-stick-meta":"","header-below-stick-meta":"","astra-migrate-meta-layouts":"default","ast-page-background-enabled":"default","ast-page-background-meta":{"desktop":{"background-color":"var(--ast-global-color-4)","background-image":"","background-repeat":"repeat","background-position":"center center","background-size":"auto","background-attachment":"scroll","background-type":"","background-media":"","overlay-type":"","overlay-color":"","overlay-opacity":"","overlay-gradient":""},"tablet":{"background-color":"","background-image":"","background-repeat":"repeat","background-position":"center center","background-size":"auto","background-attachment":"scroll","background-type":"","background-media":"","overlay-type":"","overlay-color":"","overlay-opacity":"","overlay-gradient":""},"mobile":{"background-color":"","background-image":"","background-repeat":"repeat","background-position":"center center","background-size":"auto","background-attachment":"scroll","background-type":"","background-media":"","overlay-type":"","overlay-color":"","overlay-opacity":"","overlay-gradient":""}},"ast-content-background-meta":{"desktop":{"background-color":"var(--ast-global-color-5)","background-image":"","background-repeat":"repeat","background-position":"center center","background-size":"auto","background-attachment":"scroll","background-type":"","background-media":"","overlay-type":"","overlay-color":"","overlay-opacity":"","overlay-gradient":""},"tablet":{"background-color":"var(--ast-global-color-5)","background-image":"","background-repeat":"repeat","background-position":"center center","background-size":"auto","background-attachment":"scroll","background-type":"","background-media":"","overlay-type":"","overlay-color":"","overlay-opacity":"","overlay-gradient":""},"mobile":{"background-color":"var(--ast-global-color-5)","background-image":"","background-repeat":"repeat","background-position":"center center","background-size":"auto","background-attachment":"scroll","background-type":"","background-media":"","overlay-type":"","overlay-color":"","overlay-opacity":"","overlay-gradient":""}},"footnotes":""},"categories":[1,2,4,5],"tags":[],"class_list":["post-2610","post","type-post","status-publish","format-standard","has-post-thumbnail","hentry","category-general","category-infantil","category-portada","category-primaria"],"post_mailing_queue_ids":[],"_links":{"self":[{"href":"https:\/\/agora.xtec.cat\/ceipcalvetdestrella\/wp-json\/wp\/v2\/posts\/2610","targetHints":{"allow":["GET"]}}],"collection":[{"href":"https:\/\/agora.xtec.cat\/ceipcalvetdestrella\/wp-json\/wp\/v2\/posts"}],"about":[{"href":"https:\/\/agora.xtec.cat\/ceipcalvetdestrella\/wp-json\/wp\/v2\/types\/post"}],"author":[{"embeddable":true,"href":"https:\/\/agora.xtec.cat\/ceipcalvetdestrella\/wp-json\/wp\/v2\/users\/1"}],"replies":[{"embeddable":true,"href":"https:\/\/agora.xtec.cat\/ceipcalvetdestrella\/wp-json\/wp\/v2\/comments?post=2610"}],"version-history":[{"count":4,"href":"https:\/\/agora.xtec.cat\/ceipcalvetdestrella\/wp-json\/wp\/v2\/posts\/2610\/revisions"}],"predecessor-version":[{"id":2991,"href":"https:\/\/agora.xtec.cat\/ceipcalvetdestrella\/wp-json\/wp\/v2\/posts\/2610\/revisions\/2991"}],"wp:featuredmedia":[{"embeddable":true,"href":"https:\/\/agora.xtec.cat\/ceipcalvetdestrella\/wp-json\/wp\/v2\/media\/2912"}],"wp:attachment":[{"href":"https:\/\/agora.xtec.cat\/ceipcalvetdestrella\/wp-json\/wp\/v2\/media?parent=2610"}],"wp:term":[{"taxonomy":"category","embeddable":true,"href":"https:\/\/agora.xtec.cat\/ceipcalvetdestrella\/wp-json\/wp\/v2\/categories?post=2610"},{"taxonomy":"post_tag","embeddable":true,"href":"https:\/\/agora.xtec.cat\/ceipcalvetdestrella\/wp-json\/wp\/v2\/tags?post=2610"}],"curies":[{"name":"wp","href":"https:\/\/api.w.org\/{rel}","templated":true}]}}