{"id":5737,"date":"2020-03-04T13:36:15","date_gmt":"2020-03-04T12:36:15","guid":{"rendered":"http:\/\/agora.xtec.cat\/ceipcalderon\/?p=5737"},"modified":"2022-07-01T11:49:00","modified_gmt":"2022-07-01T09:49:00","slug":"busquem-el-fil-dariadna","status":"publish","type":"post","link":"https:\/\/agora.xtec.cat\/ceipcalderon\/promocio-nascuts-2010\/busquem-el-fil-dariadna\/","title":{"rendered":"Busquem el fil d\u2019Ariadna?"},"content":{"rendered":"<p><strong><u>Busquem el fil d\u2019Ariadna?<\/u><\/strong><\/p>\n<p>A quart hem anat al Parc del Laberint a con\u00e8ixer nous mites de mitologia i a posar una mica en prova tot el que arribem a saber. Hem fet un tour descobrint cadascuna de les escultures i gravats que hi ha per molts racons i en grups hem tingut de trobar en centre del laberint, com si f\u00f3ssim Teseu. Per\u00f2 com que aquest laberint una mica m\u00e9s senzill que el de Creta, no hem necessitat entrar-hi amb un fil, per tal de poder-ne sortir. Realment hem vist el complicat que \u00e9s sortir d\u2019un laberint real i ens hem pogut posar una mica a la pell d\u2019un heroi que va salvar tota una poblaci\u00f3 d\u2019una terrible fera.<\/p>\n<p><a href=\"https:\/\/agora.xtec.cat\/ceipcalderon\/wp-content\/uploads\/usu834\/2020\/03\/20200303_112446_opt.jpg\"><img loading=\"lazy\" decoding=\"async\" class=\"alignleft size-full wp-image-5740\" style=\"width: 239px;\" src=\"https:\/\/agora.xtec.cat\/ceipcalderon\/wp-content\/uploads\/usu834\/2020\/03\/20200303_112446_opt.jpg\" alt=\"\" width=\"400\" height=\"136\" \/><\/a><\/p>\n<p><a href=\"https:\/\/agora.xtec.cat\/ceipcalderon\/wp-content\/uploads\/usu834\/2020\/03\/20200303_112848_opt-1.jpg\"><img loading=\"lazy\" decoding=\"async\" class=\"alignleft size-full wp-image-5739\" style=\"width: 243px;\" src=\"https:\/\/agora.xtec.cat\/ceipcalderon\/wp-content\/uploads\/usu834\/2020\/03\/20200303_112848_opt-1.jpg\" alt=\"\" width=\"400\" height=\"135\" \/>\u00a0 <\/a><a href=\"https:\/\/agora.xtec.cat\/ceipcalderon\/wp-content\/uploads\/usu834\/2020\/03\/20200303_115025_opt.jpg\"><img loading=\"lazy\" decoding=\"async\" class=\"size-full wp-image-5738 alignleft\" style=\"width: 245px;\" src=\"https:\/\/agora.xtec.cat\/ceipcalderon\/wp-content\/uploads\/usu834\/2020\/03\/20200303_115025_opt.jpg\" alt=\"\" width=\"400\" height=\"143\" \/><\/a><\/p>\n<p>&nbsp;<\/p>\n","protected":false},"excerpt":{"rendered":"<p>Busquem el fil d\u2019Ariadna? A quart hem anat al Parc del Laberint a con\u00e8ixer nous mites de mitologia i a posar una mica en prova tot el que arribem a saber. Hem fet un tour descobrint cadascuna de les escultures i gravats que hi ha per molts racons i en grups hem tingut de trobar [&hellip;]<\/p>\n","protected":false},"author":7,"featured_media":5741,"comment_status":"closed","ping_status":"closed","sticky":false,"template":"","format":"standard","meta":{"_bbp_topic_count":0,"_bbp_reply_count":0,"_bbp_total_topic_count":0,"_bbp_total_reply_count":0,"_bbp_voice_count":0,"_bbp_anonymous_reply_count":0,"_bbp_topic_count_hidden":0,"_bbp_reply_count_hidden":0,"_bbp_forum_subforum_count":0,"site-sidebar-layout":"default","site-content-layout":"","ast-site-content-layout":"","site-content-style":"default","site-sidebar-style":"default","ast-global-header-display":"","ast-banner-title-visibility":"","ast-main-header-display":"","ast-hfb-above-header-display":"","ast-hfb-below-header-display":"","ast-hfb-mobile-header-display":"","site-post-title":"","ast-breadcrumbs-content":"","ast-featured-img":"","footer-sml-layout":"","theme-transparent-header-meta":"","adv-header-id-meta":"","stick-header-meta":"","header-above-stick-meta":"","header-main-stick-meta":"","header-below-stick-meta":"","astra-migrate-meta-layouts":"default","ast-page-background-enabled":"default","ast-page-background-meta":{"desktop":{"background-color":"var(--ast-global-color-4)","background-image":"","background-repeat":"repeat","background-position":"center center","background-size":"auto","background-attachment":"scroll","background-type":"","background-media":"","overlay-type":"","overlay-color":"","overlay-opacity":"","overlay-gradient":""},"tablet":{"background-color":"","background-image":"","background-repeat":"repeat","background-position":"center center","background-size":"auto","background-attachment":"scroll","background-type":"","background-media":"","overlay-type":"","overlay-color":"","overlay-opacity":"","overlay-gradient":""},"mobile":{"background-color":"","background-image":"","background-repeat":"repeat","background-position":"center center","background-size":"auto","background-attachment":"scroll","background-type":"","background-media":"","overlay-type":"","overlay-color":"","overlay-opacity":"","overlay-gradient":""}},"ast-content-background-meta":{"desktop":{"background-color":"var(--ast-global-color-5)","background-image":"","background-repeat":"repeat","background-position":"center center","background-size":"auto","background-attachment":"scroll","background-type":"","background-media":"","overlay-type":"","overlay-color":"","overlay-opacity":"","overlay-gradient":""},"tablet":{"background-color":"var(--ast-global-color-5)","background-image":"","background-repeat":"repeat","background-position":"center center","background-size":"auto","background-attachment":"scroll","background-type":"","background-media":"","overlay-type":"","overlay-color":"","overlay-opacity":"","overlay-gradient":""},"mobile":{"background-color":"var(--ast-global-color-5)","background-image":"","background-repeat":"repeat","background-position":"center center","background-size":"auto","background-attachment":"scroll","background-type":"","background-media":"","overlay-type":"","overlay-color":"","overlay-opacity":"","overlay-gradient":""}},"footnotes":""},"categories":[73],"tags":[],"class_list":["post-5737","post","type-post","status-publish","format-standard","has-post-thumbnail","hentry","category-promocio-nascuts-2010"],"post_mailing_queue_ids":[],"_links":{"self":[{"href":"https:\/\/agora.xtec.cat\/ceipcalderon\/wp-json\/wp\/v2\/posts\/5737","targetHints":{"allow":["GET"]}}],"collection":[{"href":"https:\/\/agora.xtec.cat\/ceipcalderon\/wp-json\/wp\/v2\/posts"}],"about":[{"href":"https:\/\/agora.xtec.cat\/ceipcalderon\/wp-json\/wp\/v2\/types\/post"}],"author":[{"embeddable":true,"href":"https:\/\/agora.xtec.cat\/ceipcalderon\/wp-json\/wp\/v2\/users\/7"}],"replies":[{"embeddable":true,"href":"https:\/\/agora.xtec.cat\/ceipcalderon\/wp-json\/wp\/v2\/comments?post=5737"}],"version-history":[{"count":2,"href":"https:\/\/agora.xtec.cat\/ceipcalderon\/wp-json\/wp\/v2\/posts\/5737\/revisions"}],"predecessor-version":[{"id":5744,"href":"https:\/\/agora.xtec.cat\/ceipcalderon\/wp-json\/wp\/v2\/posts\/5737\/revisions\/5744"}],"wp:featuredmedia":[{"embeddable":true,"href":"https:\/\/agora.xtec.cat\/ceipcalderon\/wp-json\/wp\/v2\/media\/5741"}],"wp:attachment":[{"href":"https:\/\/agora.xtec.cat\/ceipcalderon\/wp-json\/wp\/v2\/media?parent=5737"}],"wp:term":[{"taxonomy":"category","embeddable":true,"href":"https:\/\/agora.xtec.cat\/ceipcalderon\/wp-json\/wp\/v2\/categories?post=5737"},{"taxonomy":"post_tag","embeddable":true,"href":"https:\/\/agora.xtec.cat\/ceipcalderon\/wp-json\/wp\/v2\/tags?post=5737"}],"curies":[{"name":"wp","href":"https:\/\/api.w.org\/{rel}","templated":true}]}}