{"id":5189,"date":"2019-12-13T11:26:16","date_gmt":"2019-12-13T10:26:16","guid":{"rendered":"http:\/\/agora.xtec.cat\/ceipcalderon\/?p=5189"},"modified":"2022-05-03T13:55:09","modified_gmt":"2022-05-03T11:55:09","slug":"ens-encanten-els-tallers-de-cicle-mitja","status":"publish","type":"post","link":"https:\/\/agora.xtec.cat\/ceipcalderon\/promocio-nascuts-2011\/ens-encanten-els-tallers-de-cicle-mitja\/","title":{"rendered":"Ens encanten els tallers de Cicle Mitj\u00e0!"},"content":{"rendered":"<p><strong><u>Ens encanten els tallers de Cicle Mitj\u00e0!<\/u><\/strong><\/p>\n<p>Els nens i les nenes de tercer i quart ja han passat per tots els tallers de cicle mitj\u00e0 del primer trimestre. Han cuinat uns fant\u00e0stics bombons de xocolata, han creat unes menjadores pels ocells de la ciutat, s\u2019han convertit en actors i actrius de primera, han fet jocs d\u2019expressi\u00f3 oral, han experimentat buscant el nord construint les seves pr\u00f2pies br\u00faixoles i s\u2019han adonat que amb la relaxaci\u00f3 i la paci\u00e8ncia tots treballem en equip millor.<\/p>\n<p>D\u2019aqu\u00ed poc comen\u00e7arem els propers tallers i els diferents grups de cultures mitol\u00f2giques descobriran noves aventures per viure cada dimecres. Qu\u00e8 ens esperar\u00e0?<\/p>\n<p><a href=\"https:\/\/agora.xtec.cat\/ceipcalderon\/wp-content\/uploads\/usu834\/2019\/12\/IMG_20191016_160547_opt.jpg\"><img loading=\"lazy\" decoding=\"async\" class=\"alignleft wp-image-5197\" src=\"https:\/\/agora.xtec.cat\/ceipcalderon\/wp-content\/uploads\/usu834\/2019\/12\/IMG_20191016_160547_opt.jpg\" alt=\"\" width=\"277\" height=\"208\" srcset=\"https:\/\/agora.xtec.cat\/ceipcalderon\/wp-content\/uploads\/usu834\/2019\/12\/IMG_20191016_160547_opt.jpg 400w, https:\/\/agora.xtec.cat\/ceipcalderon\/wp-content\/uploads\/usu834\/2019\/12\/IMG_20191016_160547_opt-300x225.jpg 300w, https:\/\/agora.xtec.cat\/ceipcalderon\/wp-content\/uploads\/usu834\/2019\/12\/IMG_20191016_160547_opt-200x150.jpg 200w\" sizes=\"auto, (max-width: 277px) 100vw, 277px\" \/><\/a><\/p>\n<p><a href=\"https:\/\/agora.xtec.cat\/ceipcalderon\/wp-content\/uploads\/usu834\/2019\/12\/IMG_20191016_155429_opt.jpg\"><img loading=\"lazy\" decoding=\"async\" class=\"alignleft wp-image-5196\" src=\"https:\/\/agora.xtec.cat\/ceipcalderon\/wp-content\/uploads\/usu834\/2019\/12\/IMG_20191016_155429_opt.jpg\" alt=\"\" width=\"268\" height=\"201\" srcset=\"https:\/\/agora.xtec.cat\/ceipcalderon\/wp-content\/uploads\/usu834\/2019\/12\/IMG_20191016_155429_opt.jpg 400w, https:\/\/agora.xtec.cat\/ceipcalderon\/wp-content\/uploads\/usu834\/2019\/12\/IMG_20191016_155429_opt-300x225.jpg 300w, https:\/\/agora.xtec.cat\/ceipcalderon\/wp-content\/uploads\/usu834\/2019\/12\/IMG_20191016_155429_opt-200x150.jpg 200w\" sizes=\"auto, (max-width: 268px) 100vw, 268px\" \/><\/a><\/p>\n<p>&nbsp;<\/p>\n<p>&nbsp;<\/p>\n<p>&nbsp;<\/p>\n<p>&nbsp;<\/p>\n<p>&nbsp;<\/p>\n<p><a href=\"https:\/\/agora.xtec.cat\/ceipcalderon\/wp-content\/uploads\/usu834\/2019\/12\/IMG_20191016_153513_opt.jpg\"><img loading=\"lazy\" decoding=\"async\" class=\"alignleft wp-image-5195\" src=\"https:\/\/agora.xtec.cat\/ceipcalderon\/wp-content\/uploads\/usu834\/2019\/12\/IMG_20191016_153513_opt.jpg\" alt=\"\" width=\"314\" height=\"235\" srcset=\"https:\/\/agora.xtec.cat\/ceipcalderon\/wp-content\/uploads\/usu834\/2019\/12\/IMG_20191016_153513_opt.jpg 400w, https:\/\/agora.xtec.cat\/ceipcalderon\/wp-content\/uploads\/usu834\/2019\/12\/IMG_20191016_153513_opt-300x225.jpg 300w, https:\/\/agora.xtec.cat\/ceipcalderon\/wp-content\/uploads\/usu834\/2019\/12\/IMG_20191016_153513_opt-200x150.jpg 200w\" sizes=\"auto, (max-width: 314px) 100vw, 314px\" \/><\/a><a href=\"https:\/\/agora.xtec.cat\/ceipcalderon\/wp-content\/uploads\/usu834\/2019\/12\/IMG_1099_opt.jpg\"><img loading=\"lazy\" decoding=\"async\" class=\"wp-image-5191 alignleft\" src=\"https:\/\/agora.xtec.cat\/ceipcalderon\/wp-content\/uploads\/usu834\/2019\/12\/IMG_1099_opt.jpg\" alt=\"\" width=\"319\" height=\"240\" srcset=\"https:\/\/agora.xtec.cat\/ceipcalderon\/wp-content\/uploads\/usu834\/2019\/12\/IMG_1099_opt.jpg 400w, https:\/\/agora.xtec.cat\/ceipcalderon\/wp-content\/uploads\/usu834\/2019\/12\/IMG_1099_opt-300x225.jpg 300w, https:\/\/agora.xtec.cat\/ceipcalderon\/wp-content\/uploads\/usu834\/2019\/12\/IMG_1099_opt-200x150.jpg 200w\" sizes=\"auto, (max-width: 319px) 100vw, 319px\" \/><\/a><\/p>\n<p>&nbsp;<\/p>\n<p>&nbsp;<\/p>\n<p>&nbsp;<\/p>\n<p>&nbsp;<\/p>\n<p>&nbsp;<\/p>\n<p><a href=\"https:\/\/agora.xtec.cat\/ceipcalderon\/wp-content\/uploads\/usu834\/2019\/12\/IMG_20191030_162148_opt.jpg\"><img loading=\"lazy\" decoding=\"async\" class=\" wp-image-5200\" src=\"https:\/\/agora.xtec.cat\/ceipcalderon\/wp-content\/uploads\/usu834\/2019\/12\/IMG_20191030_162148_opt.jpg\" alt=\"\" width=\"356\" height=\"267\" srcset=\"https:\/\/agora.xtec.cat\/ceipcalderon\/wp-content\/uploads\/usu834\/2019\/12\/IMG_20191030_162148_opt.jpg 400w, https:\/\/agora.xtec.cat\/ceipcalderon\/wp-content\/uploads\/usu834\/2019\/12\/IMG_20191030_162148_opt-300x225.jpg 300w, https:\/\/agora.xtec.cat\/ceipcalderon\/wp-content\/uploads\/usu834\/2019\/12\/IMG_20191030_162148_opt-200x150.jpg 200w\" sizes=\"auto, (max-width: 356px) 100vw, 356px\" \/><\/a><\/p>\n<p><a href=\"https:\/\/agora.xtec.cat\/ceipcalderon\/wp-content\/uploads\/usu834\/2019\/12\/IMG_1046_opt.jpg\"><img loading=\"lazy\" decoding=\"async\" class=\"alignleft wp-image-5190\" src=\"https:\/\/agora.xtec.cat\/ceipcalderon\/wp-content\/uploads\/usu834\/2019\/12\/IMG_1046_opt.jpg\" alt=\"\" width=\"326\" height=\"245\" srcset=\"https:\/\/agora.xtec.cat\/ceipcalderon\/wp-content\/uploads\/usu834\/2019\/12\/IMG_1046_opt.jpg 400w, https:\/\/agora.xtec.cat\/ceipcalderon\/wp-content\/uploads\/usu834\/2019\/12\/IMG_1046_opt-300x225.jpg 300w, https:\/\/agora.xtec.cat\/ceipcalderon\/wp-content\/uploads\/usu834\/2019\/12\/IMG_1046_opt-200x150.jpg 200w\" sizes=\"auto, (max-width: 326px) 100vw, 326px\" \/><\/a><\/p>\n","protected":false},"excerpt":{"rendered":"<p>Ens encanten els tallers de Cicle Mitj\u00e0! Els nens i les nenes de tercer i quart ja han passat per tots els tallers de cicle mitj\u00e0 del primer trimestre. Han cuinat uns fant\u00e0stics bombons de xocolata, han creat unes menjadores pels ocells de la ciutat, s\u2019han convertit en actors i actrius de primera, han fet [&hellip;]<\/p>\n","protected":false},"author":7,"featured_media":5198,"comment_status":"closed","ping_status":"closed","sticky":false,"template":"","format":"standard","meta":{"_bbp_topic_count":0,"_bbp_reply_count":0,"_bbp_total_topic_count":0,"_bbp_total_reply_count":0,"_bbp_voice_count":0,"_bbp_anonymous_reply_count":0,"_bbp_topic_count_hidden":0,"_bbp_reply_count_hidden":0,"_bbp_forum_subforum_count":0,"site-sidebar-layout":"default","site-content-layout":"","ast-site-content-layout":"","site-content-style":"default","site-sidebar-style":"default","ast-global-header-display":"","ast-banner-title-visibility":"","ast-main-header-display":"","ast-hfb-above-header-display":"","ast-hfb-below-header-display":"","ast-hfb-mobile-header-display":"","site-post-title":"","ast-breadcrumbs-content":"","ast-featured-img":"","footer-sml-layout":"","theme-transparent-header-meta":"","adv-header-id-meta":"","stick-header-meta":"","header-above-stick-meta":"","header-main-stick-meta":"","header-below-stick-meta":"","astra-migrate-meta-layouts":"default","ast-page-background-enabled":"default","ast-page-background-meta":{"desktop":{"background-color":"var(--ast-global-color-4)","background-image":"","background-repeat":"repeat","background-position":"center center","background-size":"auto","background-attachment":"scroll","background-type":"","background-media":"","overlay-type":"","overlay-color":"","overlay-opacity":"","overlay-gradient":""},"tablet":{"background-color":"","background-image":"","background-repeat":"repeat","background-position":"center center","background-size":"auto","background-attachment":"scroll","background-type":"","background-media":"","overlay-type":"","overlay-color":"","overlay-opacity":"","overlay-gradient":""},"mobile":{"background-color":"","background-image":"","background-repeat":"repeat","background-position":"center center","background-size":"auto","background-attachment":"scroll","background-type":"","background-media":"","overlay-type":"","overlay-color":"","overlay-opacity":"","overlay-gradient":""}},"ast-content-background-meta":{"desktop":{"background-color":"var(--ast-global-color-5)","background-image":"","background-repeat":"repeat","background-position":"center center","background-size":"auto","background-attachment":"scroll","background-type":"","background-media":"","overlay-type":"","overlay-color":"","overlay-opacity":"","overlay-gradient":""},"tablet":{"background-color":"var(--ast-global-color-5)","background-image":"","background-repeat":"repeat","background-position":"center center","background-size":"auto","background-attachment":"scroll","background-type":"","background-media":"","overlay-type":"","overlay-color":"","overlay-opacity":"","overlay-gradient":""},"mobile":{"background-color":"var(--ast-global-color-5)","background-image":"","background-repeat":"repeat","background-position":"center center","background-size":"auto","background-attachment":"scroll","background-type":"","background-media":"","overlay-type":"","overlay-color":"","overlay-opacity":"","overlay-gradient":""}},"footnotes":""},"categories":[73,72],"tags":[],"class_list":["post-5189","post","type-post","status-publish","format-standard","has-post-thumbnail","hentry","category-promocio-nascuts-2010","category-promocio-nascuts-2011"],"post_mailing_queue_ids":[],"_links":{"self":[{"href":"https:\/\/agora.xtec.cat\/ceipcalderon\/wp-json\/wp\/v2\/posts\/5189","targetHints":{"allow":["GET"]}}],"collection":[{"href":"https:\/\/agora.xtec.cat\/ceipcalderon\/wp-json\/wp\/v2\/posts"}],"about":[{"href":"https:\/\/agora.xtec.cat\/ceipcalderon\/wp-json\/wp\/v2\/types\/post"}],"author":[{"embeddable":true,"href":"https:\/\/agora.xtec.cat\/ceipcalderon\/wp-json\/wp\/v2\/users\/7"}],"replies":[{"embeddable":true,"href":"https:\/\/agora.xtec.cat\/ceipcalderon\/wp-json\/wp\/v2\/comments?post=5189"}],"version-history":[{"count":4,"href":"https:\/\/agora.xtec.cat\/ceipcalderon\/wp-json\/wp\/v2\/posts\/5189\/revisions"}],"predecessor-version":[{"id":5208,"href":"https:\/\/agora.xtec.cat\/ceipcalderon\/wp-json\/wp\/v2\/posts\/5189\/revisions\/5208"}],"wp:featuredmedia":[{"embeddable":true,"href":"https:\/\/agora.xtec.cat\/ceipcalderon\/wp-json\/wp\/v2\/media\/5198"}],"wp:attachment":[{"href":"https:\/\/agora.xtec.cat\/ceipcalderon\/wp-json\/wp\/v2\/media?parent=5189"}],"wp:term":[{"taxonomy":"category","embeddable":true,"href":"https:\/\/agora.xtec.cat\/ceipcalderon\/wp-json\/wp\/v2\/categories?post=5189"},{"taxonomy":"post_tag","embeddable":true,"href":"https:\/\/agora.xtec.cat\/ceipcalderon\/wp-json\/wp\/v2\/tags?post=5189"}],"curies":[{"name":"wp","href":"https:\/\/api.w.org\/{rel}","templated":true}]}}