{"id":4562,"date":"2019-10-09T16:24:25","date_gmt":"2019-10-09T14:24:25","guid":{"rendered":"http:\/\/agora.xtec.cat\/ceipcalderon\/?p=4562"},"modified":"2022-05-03T13:36:07","modified_gmt":"2022-05-03T11:36:07","slug":"besties-mitologiques-dracs","status":"publish","type":"post","link":"https:\/\/agora.xtec.cat\/ceipcalderon\/promocio-nascuts-2009\/besties-mitologiques-dracs\/","title":{"rendered":"B\u00c8STIES MITOL\u00d2GIQUES: DRACS"},"content":{"rendered":"<p><a href=\"https:\/\/agora.xtec.cat\/ceipcalderon\/wp-content\/uploads\/usu834\/2019\/10\/FotoJet5.jpg\"><img loading=\"lazy\" decoding=\"async\" class=\"size-full wp-image-4563 alignleft\" src=\"https:\/\/agora.xtec.cat\/ceipcalderon\/wp-content\/uploads\/usu834\/2019\/10\/FotoJet5.jpg\" alt=\"\" width=\"530\" height=\"493\" srcset=\"https:\/\/agora.xtec.cat\/ceipcalderon\/wp-content\/uploads\/usu834\/2019\/10\/FotoJet5.jpg 530w, https:\/\/agora.xtec.cat\/ceipcalderon\/wp-content\/uploads\/usu834\/2019\/10\/FotoJet5-300x279.jpg 300w\" sizes=\"auto, (max-width: 530px) 100vw, 530px\" \/><\/a><\/p>\n<p>&nbsp;<\/p>\n<p>Uns treuen foc per la boca. Uns altres, gel. Uns tenen escates de color negre i uns altres, de color vermell. S\u00f3n els dracs, \u00e9ssers mitol\u00f2gics que han protagonitzat molts contes de fades, llegendes i passatges de la hist\u00f2ria passada,<\/p>\n<p>Eren gegants, de 30 metres o m\u00e9s d\u2019al\u00e7ada. Tenien ales, una llarga cua, urpes com ganivets i el cos ple d\u2019escates, escates que, segons les esp\u00e8cies de dracs, podien ser de diferents colors.<\/p>\n<p>Personatges de totes les\u00a0 \u00e8poques passades,\u00a0 formen part de la nostra imaginaci\u00f3, sense\u00a0 deixar de banda el simbolisme que poden representar en la nostra cultura,\u00a0 ens produeixen tant terror com admiraci\u00f3.<\/p>\n<p>Els alumnes de 5\u00e8 hem volgut fer un homenatge\u00a0 als dracs amb aquests dibuixos plens de color i vida.<\/p>\n<p>&nbsp;<\/p>\n","protected":false},"excerpt":{"rendered":"<p>&nbsp; Uns treuen foc per la boca. Uns altres, gel. Uns tenen escates de color negre i uns altres, de color vermell. S\u00f3n els dracs, \u00e9ssers mitol\u00f2gics que han protagonitzat molts contes de fades, llegendes i passatges de la hist\u00f2ria passada, Eren gegants, de 30 metres o m\u00e9s d\u2019al\u00e7ada. Tenien ales, una llarga cua, urpes [&hellip;]<\/p>\n","protected":false},"author":5,"featured_media":4563,"comment_status":"closed","ping_status":"closed","sticky":false,"template":"","format":"standard","meta":{"_bbp_topic_count":0,"_bbp_reply_count":0,"_bbp_total_topic_count":0,"_bbp_total_reply_count":0,"_bbp_voice_count":0,"_bbp_anonymous_reply_count":0,"_bbp_topic_count_hidden":0,"_bbp_reply_count_hidden":0,"_bbp_forum_subforum_count":0,"site-sidebar-layout":"default","site-content-layout":"","ast-site-content-layout":"","site-content-style":"default","site-sidebar-style":"default","ast-global-header-display":"","ast-banner-title-visibility":"","ast-main-header-display":"","ast-hfb-above-header-display":"","ast-hfb-below-header-display":"","ast-hfb-mobile-header-display":"","site-post-title":"","ast-breadcrumbs-content":"","ast-featured-img":"","footer-sml-layout":"","theme-transparent-header-meta":"","adv-header-id-meta":"","stick-header-meta":"","header-above-stick-meta":"","header-main-stick-meta":"","header-below-stick-meta":"","astra-migrate-meta-layouts":"default","ast-page-background-enabled":"default","ast-page-background-meta":{"desktop":{"background-color":"var(--ast-global-color-4)","background-image":"","background-repeat":"repeat","background-position":"center center","background-size":"auto","background-attachment":"scroll","background-type":"","background-media":"","overlay-type":"","overlay-color":"","overlay-opacity":"","overlay-gradient":""},"tablet":{"background-color":"","background-image":"","background-repeat":"repeat","background-position":"center center","background-size":"auto","background-attachment":"scroll","background-type":"","background-media":"","overlay-type":"","overlay-color":"","overlay-opacity":"","overlay-gradient":""},"mobile":{"background-color":"","background-image":"","background-repeat":"repeat","background-position":"center center","background-size":"auto","background-attachment":"scroll","background-type":"","background-media":"","overlay-type":"","overlay-color":"","overlay-opacity":"","overlay-gradient":""}},"ast-content-background-meta":{"desktop":{"background-color":"var(--ast-global-color-5)","background-image":"","background-repeat":"repeat","background-position":"center center","background-size":"auto","background-attachment":"scroll","background-type":"","background-media":"","overlay-type":"","overlay-color":"","overlay-opacity":"","overlay-gradient":""},"tablet":{"background-color":"var(--ast-global-color-5)","background-image":"","background-repeat":"repeat","background-position":"center center","background-size":"auto","background-attachment":"scroll","background-type":"","background-media":"","overlay-type":"","overlay-color":"","overlay-opacity":"","overlay-gradient":""},"mobile":{"background-color":"var(--ast-global-color-5)","background-image":"","background-repeat":"repeat","background-position":"center center","background-size":"auto","background-attachment":"scroll","background-type":"","background-media":"","overlay-type":"","overlay-color":"","overlay-opacity":"","overlay-gradient":""}},"footnotes":""},"categories":[74],"tags":[],"class_list":["post-4562","post","type-post","status-publish","format-standard","has-post-thumbnail","hentry","category-promocio-nascuts-2009"],"post_mailing_queue_ids":[],"_links":{"self":[{"href":"https:\/\/agora.xtec.cat\/ceipcalderon\/wp-json\/wp\/v2\/posts\/4562","targetHints":{"allow":["GET"]}}],"collection":[{"href":"https:\/\/agora.xtec.cat\/ceipcalderon\/wp-json\/wp\/v2\/posts"}],"about":[{"href":"https:\/\/agora.xtec.cat\/ceipcalderon\/wp-json\/wp\/v2\/types\/post"}],"author":[{"embeddable":true,"href":"https:\/\/agora.xtec.cat\/ceipcalderon\/wp-json\/wp\/v2\/users\/5"}],"replies":[{"embeddable":true,"href":"https:\/\/agora.xtec.cat\/ceipcalderon\/wp-json\/wp\/v2\/comments?post=4562"}],"version-history":[{"count":3,"href":"https:\/\/agora.xtec.cat\/ceipcalderon\/wp-json\/wp\/v2\/posts\/4562\/revisions"}],"predecessor-version":[{"id":4566,"href":"https:\/\/agora.xtec.cat\/ceipcalderon\/wp-json\/wp\/v2\/posts\/4562\/revisions\/4566"}],"wp:featuredmedia":[{"embeddable":true,"href":"https:\/\/agora.xtec.cat\/ceipcalderon\/wp-json\/wp\/v2\/media\/4563"}],"wp:attachment":[{"href":"https:\/\/agora.xtec.cat\/ceipcalderon\/wp-json\/wp\/v2\/media?parent=4562"}],"wp:term":[{"taxonomy":"category","embeddable":true,"href":"https:\/\/agora.xtec.cat\/ceipcalderon\/wp-json\/wp\/v2\/categories?post=4562"},{"taxonomy":"post_tag","embeddable":true,"href":"https:\/\/agora.xtec.cat\/ceipcalderon\/wp-json\/wp\/v2\/tags?post=4562"}],"curies":[{"name":"wp","href":"https:\/\/api.w.org\/{rel}","templated":true}]}}