{"id":7457,"date":"2025-01-31T11:33:21","date_gmt":"2025-01-31T10:33:21","guid":{"rendered":"https:\/\/agora.xtec.cat\/ceipbufala\/?p=7457"},"modified":"2025-02-21T14:00:20","modified_gmt":"2025-02-21T13:00:20","slug":"dia-internacional-de-les-llengues-maternes","status":"publish","type":"post","link":"https:\/\/agora.xtec.cat\/ceipbufala\/general\/dia-internacional-de-les-llengues-maternes\/","title":{"rendered":"Dia Internacional de les Lleng\u00fces Maternes"},"content":{"rendered":"<p>Avui <strong>21 de febrer<\/strong> \u00e9s el <strong>Dia Internacional\u00a0 de les Lleng\u00fces Maternes<\/strong>. Per aix\u00f2, tots els nens i nenes de l&#8217;escola han col\u00b7laborat en la realitzaci\u00f3 d&#8217;aquest mural. Com podeu veure est\u00e0 ple de bafarades on hi ha tradu\u00efdes paraules i frases d&#8217;\u00fas habitual en diferents lleng\u00fces.<\/p>\n<p><a href=\"https:\/\/agora.xtec.cat\/ceipbufala\/wp-content\/uploads\/usu1674\/2025\/02\/Mural-scaled.jpg\"><img loading=\"lazy\" decoding=\"async\" class=\"alignnone size-large wp-image-7458\" src=\"https:\/\/agora.xtec.cat\/ceipbufala\/wp-content\/uploads\/usu1674\/2025\/02\/Mural-1024x347.jpg\" alt=\"\" width=\"1024\" height=\"347\" srcset=\"https:\/\/agora.xtec.cat\/ceipbufala\/wp-content\/uploads\/usu1674\/2025\/02\/Mural-1024x347.jpg 1024w, https:\/\/agora.xtec.cat\/ceipbufala\/wp-content\/uploads\/usu1674\/2025\/02\/Mural-300x102.jpg 300w, https:\/\/agora.xtec.cat\/ceipbufala\/wp-content\/uploads\/usu1674\/2025\/02\/Mural-768x261.jpg 768w, https:\/\/agora.xtec.cat\/ceipbufala\/wp-content\/uploads\/usu1674\/2025\/02\/Mural-1536x521.jpg 1536w, https:\/\/agora.xtec.cat\/ceipbufala\/wp-content\/uploads\/usu1674\/2025\/02\/Mural-2048x695.jpg 2048w\" sizes=\"auto, (max-width: 1024px) 100vw, 1024px\" \/><\/a><\/p>\n","protected":false},"excerpt":{"rendered":"<p>Avui 21 de febrer \u00e9s el Dia Internacional\u00a0 de les Lleng\u00fces Maternes. Per aix\u00f2, tots els nens i nenes de l&#8217;escola han col\u00b7laborat en la realitzaci\u00f3 d&#8217;aquest mural. Com podeu veure est\u00e0 ple de bafarades on hi ha tradu\u00efdes paraules i frases d&#8217;\u00fas habitual en&hellip;  <a href=\"https:\/\/agora.xtec.cat\/ceipbufala\/general\/dia-internacional-de-les-llengues-maternes\/\" title=\"Read Dia Internacional de les Lleng\u00fces Maternes\">Llegeix m\u00e9s\u00bb<\/a><\/p>\n","protected":false},"author":20,"featured_media":7458,"comment_status":"open","ping_status":"closed","sticky":false,"template":"","format":"standard","meta":{"_bbp_topic_count":0,"_bbp_reply_count":0,"_bbp_total_topic_count":0,"_bbp_total_reply_count":0,"_bbp_voice_count":0,"_bbp_anonymous_reply_count":0,"_bbp_topic_count_hidden":0,"_bbp_reply_count_hidden":0,"_bbp_forum_subforum_count":0,"footnotes":""},"categories":[1,4],"tags":[],"class_list":["post-7457","post","type-post","status-publish","format-standard","has-post-thumbnail","hentry","category-general","category-portada"],"post_mailing_queue_ids":[],"_links":{"self":[{"href":"https:\/\/agora.xtec.cat\/ceipbufala\/wp-json\/wp\/v2\/posts\/7457","targetHints":{"allow":["GET"]}}],"collection":[{"href":"https:\/\/agora.xtec.cat\/ceipbufala\/wp-json\/wp\/v2\/posts"}],"about":[{"href":"https:\/\/agora.xtec.cat\/ceipbufala\/wp-json\/wp\/v2\/types\/post"}],"author":[{"embeddable":true,"href":"https:\/\/agora.xtec.cat\/ceipbufala\/wp-json\/wp\/v2\/users\/20"}],"replies":[{"embeddable":true,"href":"https:\/\/agora.xtec.cat\/ceipbufala\/wp-json\/wp\/v2\/comments?post=7457"}],"version-history":[{"count":1,"href":"https:\/\/agora.xtec.cat\/ceipbufala\/wp-json\/wp\/v2\/posts\/7457\/revisions"}],"predecessor-version":[{"id":7459,"href":"https:\/\/agora.xtec.cat\/ceipbufala\/wp-json\/wp\/v2\/posts\/7457\/revisions\/7459"}],"wp:featuredmedia":[{"embeddable":true,"href":"https:\/\/agora.xtec.cat\/ceipbufala\/wp-json\/wp\/v2\/media\/7458"}],"wp:attachment":[{"href":"https:\/\/agora.xtec.cat\/ceipbufala\/wp-json\/wp\/v2\/media?parent=7457"}],"wp:term":[{"taxonomy":"category","embeddable":true,"href":"https:\/\/agora.xtec.cat\/ceipbufala\/wp-json\/wp\/v2\/categories?post=7457"},{"taxonomy":"post_tag","embeddable":true,"href":"https:\/\/agora.xtec.cat\/ceipbufala\/wp-json\/wp\/v2\/tags?post=7457"}],"curies":[{"name":"wp","href":"https:\/\/api.w.org\/{rel}","templated":true}]}}