{"id":626,"date":"2019-12-19T16:17:37","date_gmt":"2019-12-19T15:17:37","guid":{"rendered":"https:\/\/agora.xtec.cat\/ceipbufala\/?p=626"},"modified":"2019-12-20T10:07:04","modified_gmt":"2019-12-20T09:07:04","slug":"la-marato-de-tv3","status":"publish","type":"post","link":"https:\/\/agora.xtec.cat\/ceipbufala\/portada\/la-marato-de-tv3\/","title":{"rendered":"La Marat\u00f3 de Tv3"},"content":{"rendered":"<p>Aquest any l&#8217;Escola Bufal\u00e0 ha participat per primer cop a la Marat\u00f3 de Tv3 .<\/p>\n<p>Tots els cursos han fet diferents manualitats i s&#8217;han posat a la venda per recollir diners i destinar-los a la recerca i la investigaci\u00f3 de les malalties minorit\u00e0ries.<\/p>\n<p>Hem recaptat\u00a0 un total de <strong>358,21 euros.<\/strong><\/p>\n<p>Estem molt i molt contents. Moltes gr\u00e0cies fam\u00edlies!!!<\/p>\n<p><a href=\"https:\/\/agora.xtec.cat\/ceipbufala\/wp-content\/uploads\/usu1674\/2019\/12\/Escola-bufal\u00e0-marat\u00f3-tv3-2019-1.jpg\"><img loading=\"lazy\" decoding=\"async\" class=\"alignnone wp-image-627\" src=\"https:\/\/agora.xtec.cat\/ceipbufala\/wp-content\/uploads\/usu1674\/2019\/12\/Escola-bufal\u00e0-marat\u00f3-tv3-2019-1.jpg\" alt=\"\" width=\"420\" height=\"420\" \/><\/a><\/p>\n<p>&nbsp;<\/p>\n","protected":false},"excerpt":{"rendered":"<p>Aquest any l&#8217;Escola Bufal\u00e0 ha participat per primer cop a la Marat\u00f3 de Tv3 .<br \/>\nTots els cursos han fet diferents manualitats i s&#8217;han posat a la venda per recollir diners i destinar-los a la recerca i la investigaci\u00f3 de les malalties minorit\u00e0ries.<br \/>\nHem recaptat\u00a0 un total&hellip;  <a href=\"https:\/\/agora.xtec.cat\/ceipbufala\/portada\/la-marato-de-tv3\/\" title=\"Read La Marat\u00f3 de Tv3\">Llegeix m\u00e9s\u00bb<\/a><\/p>\n","protected":false},"author":3,"featured_media":643,"comment_status":"open","ping_status":"closed","sticky":false,"template":"","format":"standard","meta":{"_bbp_topic_count":0,"_bbp_reply_count":0,"_bbp_total_topic_count":0,"_bbp_total_reply_count":0,"_bbp_voice_count":0,"_bbp_anonymous_reply_count":0,"_bbp_topic_count_hidden":0,"_bbp_reply_count_hidden":0,"_bbp_forum_subforum_count":0,"footnotes":""},"categories":[4],"tags":[],"class_list":["post-626","post","type-post","status-publish","format-standard","has-post-thumbnail","hentry","category-portada"],"post_mailing_queue_ids":[],"_links":{"self":[{"href":"https:\/\/agora.xtec.cat\/ceipbufala\/wp-json\/wp\/v2\/posts\/626","targetHints":{"allow":["GET"]}}],"collection":[{"href":"https:\/\/agora.xtec.cat\/ceipbufala\/wp-json\/wp\/v2\/posts"}],"about":[{"href":"https:\/\/agora.xtec.cat\/ceipbufala\/wp-json\/wp\/v2\/types\/post"}],"author":[{"embeddable":true,"href":"https:\/\/agora.xtec.cat\/ceipbufala\/wp-json\/wp\/v2\/users\/3"}],"replies":[{"embeddable":true,"href":"https:\/\/agora.xtec.cat\/ceipbufala\/wp-json\/wp\/v2\/comments?post=626"}],"version-history":[{"count":2,"href":"https:\/\/agora.xtec.cat\/ceipbufala\/wp-json\/wp\/v2\/posts\/626\/revisions"}],"predecessor-version":[{"id":642,"href":"https:\/\/agora.xtec.cat\/ceipbufala\/wp-json\/wp\/v2\/posts\/626\/revisions\/642"}],"wp:featuredmedia":[{"embeddable":true,"href":"https:\/\/agora.xtec.cat\/ceipbufala\/wp-json\/wp\/v2\/media\/643"}],"wp:attachment":[{"href":"https:\/\/agora.xtec.cat\/ceipbufala\/wp-json\/wp\/v2\/media?parent=626"}],"wp:term":[{"taxonomy":"category","embeddable":true,"href":"https:\/\/agora.xtec.cat\/ceipbufala\/wp-json\/wp\/v2\/categories?post=626"},{"taxonomy":"post_tag","embeddable":true,"href":"https:\/\/agora.xtec.cat\/ceipbufala\/wp-json\/wp\/v2\/tags?post=626"}],"curies":[{"name":"wp","href":"https:\/\/api.w.org\/{rel}","templated":true}]}}