{"id":3783,"date":"2021-05-06T19:10:08","date_gmt":"2021-05-06T17:10:08","guid":{"rendered":"https:\/\/agora.xtec.cat\/ceipbufala\/?p=3783"},"modified":"2021-05-06T19:10:08","modified_gmt":"2021-05-06T17:10:08","slug":"projecte-duna-artista-sonia-delaunay","status":"publish","type":"post","link":"https:\/\/agora.xtec.cat\/ceipbufala\/primaria\/projecte-duna-artista-sonia-delaunay\/","title":{"rendered":"Projecte d&#8217;una artista: S\u00f2nia Delaunay"},"content":{"rendered":"<p>Al llarg d&#8217;aquest curs l&#8217;alumnat de cinqu\u00e8 estan treballant el projecte de l&#8217;artista S\u00f2nia Delaunay i inspirant-se en la seva obra han fet les seves pr\u00f2pies obres d&#8217;art.<\/p>\n<p>Us ensenyem unes mostres perqu\u00e8 les pogueu veure.<\/p>\n<p><a href=\"https:\/\/agora.xtec.cat\/ceipbufala\/wp-content\/uploads\/usu1674\/2021\/05\/S\u00f2nia-Delaunay-.jpg\"><img loading=\"lazy\" decoding=\"async\" class=\"alignnone size-full wp-image-3784\" src=\"https:\/\/agora.xtec.cat\/ceipbufala\/wp-content\/uploads\/usu1674\/2021\/05\/S\u00f2nia-Delaunay-.jpg\" alt=\"\" width=\"1000\" height=\"586\" srcset=\"https:\/\/agora.xtec.cat\/ceipbufala\/wp-content\/uploads\/usu1674\/2021\/05\/S\u00f2nia-Delaunay-.jpg 1000w, https:\/\/agora.xtec.cat\/ceipbufala\/wp-content\/uploads\/usu1674\/2021\/05\/S\u00f2nia-Delaunay--300x176.jpg 300w, https:\/\/agora.xtec.cat\/ceipbufala\/wp-content\/uploads\/usu1674\/2021\/05\/S\u00f2nia-Delaunay--768x450.jpg 768w\" sizes=\"auto, (max-width: 1000px) 100vw, 1000px\" \/><\/a><a href=\"https:\/\/agora.xtec.cat\/ceipbufala\/wp-content\/uploads\/usu1674\/2021\/05\/S\u00f2nia-Delaunay2.jpg\"><img loading=\"lazy\" decoding=\"async\" class=\"alignnone size-large wp-image-3785\" src=\"https:\/\/agora.xtec.cat\/ceipbufala\/wp-content\/uploads\/usu1674\/2021\/05\/S\u00f2nia-Delaunay2-1024x278.jpg\" alt=\"\" width=\"1024\" height=\"278\" srcset=\"https:\/\/agora.xtec.cat\/ceipbufala\/wp-content\/uploads\/usu1674\/2021\/05\/S\u00f2nia-Delaunay2-1024x278.jpg 1024w, https:\/\/agora.xtec.cat\/ceipbufala\/wp-content\/uploads\/usu1674\/2021\/05\/S\u00f2nia-Delaunay2-300x82.jpg 300w, https:\/\/agora.xtec.cat\/ceipbufala\/wp-content\/uploads\/usu1674\/2021\/05\/S\u00f2nia-Delaunay2-768x209.jpg 768w\" sizes=\"auto, (max-width: 1024px) 100vw, 1024px\" \/><\/a><\/p>\n<p>&nbsp;<\/p>\n","protected":false},"excerpt":{"rendered":"<p>Al llarg d&#8217;aquest curs l&#8217;alumnat de cinqu\u00e8 estan treballant el projecte de l&#8217;artista S\u00f2nia Delaunay i inspirant-se en la seva obra han fet les seves pr\u00f2pies obres d&#8217;art.<br \/>\nUs ensenyem unes mostres perqu\u00e8 les pogueu veure.<br \/>\n<a href=\"https:\/\/agora.xtec.cat\/ceipbufala\/wp-content\/uploads\/usu1674\/2021\/05\/S\u00f2nia-Delaunay-.jpg\"><\/a><a href=\"https:\/\/agora.xtec.cat\/ceipbufala\/wp-content\/uploads\/usu1674\/2021\/05\/S\u00f2nia-Delaunay2.jpg\"><\/a><br \/>\n&nbsp;<\/p>\n","protected":false},"author":20,"featured_media":3784,"comment_status":"open","ping_status":"closed","sticky":false,"template":"","format":"standard","meta":{"_bbp_topic_count":0,"_bbp_reply_count":0,"_bbp_total_topic_count":0,"_bbp_total_reply_count":0,"_bbp_voice_count":0,"_bbp_anonymous_reply_count":0,"_bbp_topic_count_hidden":0,"_bbp_reply_count_hidden":0,"_bbp_forum_subforum_count":0,"footnotes":""},"categories":[14,5],"tags":[],"class_list":["post-3783","post","type-post","status-publish","format-standard","has-post-thumbnail","hentry","category-5e","category-primaria"],"post_mailing_queue_ids":[],"_links":{"self":[{"href":"https:\/\/agora.xtec.cat\/ceipbufala\/wp-json\/wp\/v2\/posts\/3783","targetHints":{"allow":["GET"]}}],"collection":[{"href":"https:\/\/agora.xtec.cat\/ceipbufala\/wp-json\/wp\/v2\/posts"}],"about":[{"href":"https:\/\/agora.xtec.cat\/ceipbufala\/wp-json\/wp\/v2\/types\/post"}],"author":[{"embeddable":true,"href":"https:\/\/agora.xtec.cat\/ceipbufala\/wp-json\/wp\/v2\/users\/20"}],"replies":[{"embeddable":true,"href":"https:\/\/agora.xtec.cat\/ceipbufala\/wp-json\/wp\/v2\/comments?post=3783"}],"version-history":[{"count":1,"href":"https:\/\/agora.xtec.cat\/ceipbufala\/wp-json\/wp\/v2\/posts\/3783\/revisions"}],"predecessor-version":[{"id":3786,"href":"https:\/\/agora.xtec.cat\/ceipbufala\/wp-json\/wp\/v2\/posts\/3783\/revisions\/3786"}],"wp:featuredmedia":[{"embeddable":true,"href":"https:\/\/agora.xtec.cat\/ceipbufala\/wp-json\/wp\/v2\/media\/3784"}],"wp:attachment":[{"href":"https:\/\/agora.xtec.cat\/ceipbufala\/wp-json\/wp\/v2\/media?parent=3783"}],"wp:term":[{"taxonomy":"category","embeddable":true,"href":"https:\/\/agora.xtec.cat\/ceipbufala\/wp-json\/wp\/v2\/categories?post=3783"},{"taxonomy":"post_tag","embeddable":true,"href":"https:\/\/agora.xtec.cat\/ceipbufala\/wp-json\/wp\/v2\/tags?post=3783"}],"curies":[{"name":"wp","href":"https:\/\/api.w.org\/{rel}","templated":true}]}}