{"id":3762,"date":"2021-05-01T09:14:49","date_gmt":"2021-05-01T07:14:49","guid":{"rendered":"https:\/\/agora.xtec.cat\/ceipbufala\/?p=3762"},"modified":"2021-05-01T09:14:59","modified_gmt":"2021-05-01T07:14:59","slug":"auques-sant-jordi-5e","status":"publish","type":"post","link":"https:\/\/agora.xtec.cat\/ceipbufala\/primaria\/auques-sant-jordi-5e\/","title":{"rendered":"AUQUES SANT JORDI 5\u00e8"},"content":{"rendered":"<p>Els nens i nenes de cinqu\u00e8\u00a0 han estat treballat <strong>qu\u00e8 \u00e9s una auca?<\/strong><\/p>\n<p style=\"text-align: left\"><em>&#8220;Una auca \u00e9s\u00a0una hist\u00f2ria pict\u00f2rica pr\u00f2pia de la cultura catalana\u00a0que sol\u00a0representar un esdeveniment hist\u00f2ric, una biografia, una llegenda, una instituci\u00f3, o altres temes. A vegades de manera humor\u00edstica o sat\u00edrica. Tradicionalment consisteix en 48 imatges encasellades en vinyetes, cada una de les quals va acompanyada per versos de dues l\u00ednies al peu de cada vinyeta fent un rodol\u00ed&#8221;.\u00a0<\/em><\/p>\n<p>A partir de la llegenda de Sant Jordi original i la versi\u00f3 que van fer en angl\u00e8s, cada classe ha creat la seva auca i cada nen\/a la seva vinyeta.<\/p>\n<p>Volem compartir amb vosaltres el resultat de com han quedat. Ha estat un treball cooperatiu molt interessant!<\/p>\n<p><a href=\"https:\/\/agora.xtec.cat\/ceipbufala\/wp-content\/uploads\/usu1674\/2021\/05\/auques-5C.jpg\"><img loading=\"lazy\" decoding=\"async\" class=\"alignnone size-full wp-image-3765\" src=\"https:\/\/agora.xtec.cat\/ceipbufala\/wp-content\/uploads\/usu1674\/2021\/05\/auques-5C.jpg\" alt=\"\" width=\"1000\" height=\"676\" srcset=\"https:\/\/agora.xtec.cat\/ceipbufala\/wp-content\/uploads\/usu1674\/2021\/05\/auques-5C.jpg 1000w, https:\/\/agora.xtec.cat\/ceipbufala\/wp-content\/uploads\/usu1674\/2021\/05\/auques-5C-300x203.jpg 300w, https:\/\/agora.xtec.cat\/ceipbufala\/wp-content\/uploads\/usu1674\/2021\/05\/auques-5C-768x519.jpg 768w\" sizes=\"auto, (max-width: 1000px) 100vw, 1000px\" \/><\/a><\/p>\n<p>&nbsp;<\/p>\n<p><a href=\"https:\/\/agora.xtec.cat\/ceipbufala\/wp-content\/uploads\/usu1674\/2021\/05\/auques-5B.jpg\"><img loading=\"lazy\" decoding=\"async\" class=\"alignnone size-full wp-image-3764\" src=\"https:\/\/agora.xtec.cat\/ceipbufala\/wp-content\/uploads\/usu1674\/2021\/05\/auques-5B.jpg\" alt=\"\" width=\"1000\" height=\"683\" srcset=\"https:\/\/agora.xtec.cat\/ceipbufala\/wp-content\/uploads\/usu1674\/2021\/05\/auques-5B.jpg 1000w, https:\/\/agora.xtec.cat\/ceipbufala\/wp-content\/uploads\/usu1674\/2021\/05\/auques-5B-300x205.jpg 300w, https:\/\/agora.xtec.cat\/ceipbufala\/wp-content\/uploads\/usu1674\/2021\/05\/auques-5B-768x525.jpg 768w\" sizes=\"auto, (max-width: 1000px) 100vw, 1000px\" \/><\/a><\/p>\n<p><a href=\"https:\/\/agora.xtec.cat\/ceipbufala\/wp-content\/uploads\/usu1674\/2021\/05\/auques-5A.jpg\"><img loading=\"lazy\" decoding=\"async\" class=\"alignnone size-large wp-image-3763\" src=\"https:\/\/agora.xtec.cat\/ceipbufala\/wp-content\/uploads\/usu1674\/2021\/05\/auques-5A-1024x711.jpg\" alt=\"\" width=\"1024\" height=\"711\" srcset=\"https:\/\/agora.xtec.cat\/ceipbufala\/wp-content\/uploads\/usu1674\/2021\/05\/auques-5A-1024x711.jpg 1024w, https:\/\/agora.xtec.cat\/ceipbufala\/wp-content\/uploads\/usu1674\/2021\/05\/auques-5A-300x208.jpg 300w, https:\/\/agora.xtec.cat\/ceipbufala\/wp-content\/uploads\/usu1674\/2021\/05\/auques-5A-768x533.jpg 768w, https:\/\/agora.xtec.cat\/ceipbufala\/wp-content\/uploads\/usu1674\/2021\/05\/auques-5A.jpg 1441w\" sizes=\"auto, (max-width: 1024px) 100vw, 1024px\" \/><\/a><\/p>\n","protected":false},"excerpt":{"rendered":"<p>Els nens i nenes de cinqu\u00e8\u00a0 han estat treballat qu\u00e8 \u00e9s una auca?<br \/>\n&#8220;Una auca \u00e9s\u00a0una hist\u00f2ria pict\u00f2rica pr\u00f2pia de la cultura catalana\u00a0que sol\u00a0representar un esdeveniment hist\u00f2ric, una biografia, una llegenda, una instituci\u00f3, o altres temes. A vegades de manera humor\u00edstica o sat\u00edrica. Tradicionalment consisteix en&hellip;  <a href=\"https:\/\/agora.xtec.cat\/ceipbufala\/primaria\/auques-sant-jordi-5e\/\" title=\"Read AUQUES SANT JORDI 5\u00e8\">Llegeix m\u00e9s\u00bb<\/a><\/p>\n","protected":false},"author":20,"featured_media":3765,"comment_status":"open","ping_status":"closed","sticky":false,"template":"","format":"standard","meta":{"_bbp_topic_count":0,"_bbp_reply_count":0,"_bbp_total_topic_count":0,"_bbp_total_reply_count":0,"_bbp_voice_count":0,"_bbp_anonymous_reply_count":0,"_bbp_topic_count_hidden":0,"_bbp_reply_count_hidden":0,"_bbp_forum_subforum_count":0,"footnotes":""},"categories":[14,5],"tags":[],"class_list":["post-3762","post","type-post","status-publish","format-standard","has-post-thumbnail","hentry","category-5e","category-primaria"],"post_mailing_queue_ids":[],"_links":{"self":[{"href":"https:\/\/agora.xtec.cat\/ceipbufala\/wp-json\/wp\/v2\/posts\/3762","targetHints":{"allow":["GET"]}}],"collection":[{"href":"https:\/\/agora.xtec.cat\/ceipbufala\/wp-json\/wp\/v2\/posts"}],"about":[{"href":"https:\/\/agora.xtec.cat\/ceipbufala\/wp-json\/wp\/v2\/types\/post"}],"author":[{"embeddable":true,"href":"https:\/\/agora.xtec.cat\/ceipbufala\/wp-json\/wp\/v2\/users\/20"}],"replies":[{"embeddable":true,"href":"https:\/\/agora.xtec.cat\/ceipbufala\/wp-json\/wp\/v2\/comments?post=3762"}],"version-history":[{"count":1,"href":"https:\/\/agora.xtec.cat\/ceipbufala\/wp-json\/wp\/v2\/posts\/3762\/revisions"}],"predecessor-version":[{"id":3766,"href":"https:\/\/agora.xtec.cat\/ceipbufala\/wp-json\/wp\/v2\/posts\/3762\/revisions\/3766"}],"wp:featuredmedia":[{"embeddable":true,"href":"https:\/\/agora.xtec.cat\/ceipbufala\/wp-json\/wp\/v2\/media\/3765"}],"wp:attachment":[{"href":"https:\/\/agora.xtec.cat\/ceipbufala\/wp-json\/wp\/v2\/media?parent=3762"}],"wp:term":[{"taxonomy":"category","embeddable":true,"href":"https:\/\/agora.xtec.cat\/ceipbufala\/wp-json\/wp\/v2\/categories?post=3762"},{"taxonomy":"post_tag","embeddable":true,"href":"https:\/\/agora.xtec.cat\/ceipbufala\/wp-json\/wp\/v2\/tags?post=3762"}],"curies":[{"name":"wp","href":"https:\/\/api.w.org\/{rel}","templated":true}]}}