{"id":3717,"date":"2021-04-24T16:51:13","date_gmt":"2021-04-24T14:51:13","guid":{"rendered":"https:\/\/agora.xtec.cat\/ceipbufala\/?p=3717"},"modified":"2021-04-24T17:12:44","modified_gmt":"2021-04-24T15:12:44","slug":"la-poesia-visual","status":"publish","type":"post","link":"https:\/\/agora.xtec.cat\/ceipbufala\/primaria\/la-poesia-visual\/","title":{"rendered":"LA POESIA VISUAL"},"content":{"rendered":"<ul>\n<li>Els nenes i nenes de 5\u00e8 han estat treballant la poesia visual, han conegut qui va ser Joan Brossa a partir del llibre &#8220;El llapis m\u00e0gic&#8221; i amb motiu de la celebraci\u00f3 de Sant Jordi han creat les seves pr\u00f2pies poesies.<\/li>\n<\/ul>\n<p>Aix\u00ed ha quedat decorat el passad\u00eds, esperem us agradin les seves creacions!<\/p>\n<p><a href=\"https:\/\/agora.xtec.cat\/ceipbufala\/wp-content\/uploads\/usu1674\/2021\/04\/POESIES-VISUALS-5A.jpg\"><img loading=\"lazy\" decoding=\"async\" class=\"alignnone size-large wp-image-3718\" src=\"https:\/\/agora.xtec.cat\/ceipbufala\/wp-content\/uploads\/usu1674\/2021\/04\/POESIES-VISUALS-5A-1024x499.jpg\" alt=\"\" width=\"1024\" height=\"499\" srcset=\"https:\/\/agora.xtec.cat\/ceipbufala\/wp-content\/uploads\/usu1674\/2021\/04\/POESIES-VISUALS-5A-1024x499.jpg 1024w, https:\/\/agora.xtec.cat\/ceipbufala\/wp-content\/uploads\/usu1674\/2021\/04\/POESIES-VISUALS-5A-300x146.jpg 300w, https:\/\/agora.xtec.cat\/ceipbufala\/wp-content\/uploads\/usu1674\/2021\/04\/POESIES-VISUALS-5A-768x374.jpg 768w\" sizes=\"auto, (max-width: 1024px) 100vw, 1024px\" \/><\/a><a href=\"https:\/\/agora.xtec.cat\/ceipbufala\/wp-content\/uploads\/usu1674\/2021\/04\/poesies-visuals-5B.jpg\"><img loading=\"lazy\" decoding=\"async\" class=\"alignnone size-large wp-image-3719\" src=\"https:\/\/agora.xtec.cat\/ceipbufala\/wp-content\/uploads\/usu1674\/2021\/04\/poesies-visuals-5B-1024x896.jpg\" alt=\"\" width=\"1024\" height=\"896\" srcset=\"https:\/\/agora.xtec.cat\/ceipbufala\/wp-content\/uploads\/usu1674\/2021\/04\/poesies-visuals-5B-1024x896.jpg 1024w, https:\/\/agora.xtec.cat\/ceipbufala\/wp-content\/uploads\/usu1674\/2021\/04\/poesies-visuals-5B-300x262.jpg 300w, https:\/\/agora.xtec.cat\/ceipbufala\/wp-content\/uploads\/usu1674\/2021\/04\/poesies-visuals-5B-768x672.jpg 768w\" sizes=\"auto, (max-width: 1024px) 100vw, 1024px\" \/><\/a><a href=\"https:\/\/agora.xtec.cat\/ceipbufala\/wp-content\/uploads\/usu1674\/2021\/04\/POESIES-VISUALS-5C.jpg\"><img loading=\"lazy\" decoding=\"async\" class=\"alignnone size-large wp-image-3720\" src=\"https:\/\/agora.xtec.cat\/ceipbufala\/wp-content\/uploads\/usu1674\/2021\/04\/POESIES-VISUALS-5C-1024x616.jpg\" alt=\"\" width=\"1024\" height=\"616\" srcset=\"https:\/\/agora.xtec.cat\/ceipbufala\/wp-content\/uploads\/usu1674\/2021\/04\/POESIES-VISUALS-5C-1024x616.jpg 1024w, https:\/\/agora.xtec.cat\/ceipbufala\/wp-content\/uploads\/usu1674\/2021\/04\/POESIES-VISUALS-5C-300x181.jpg 300w, https:\/\/agora.xtec.cat\/ceipbufala\/wp-content\/uploads\/usu1674\/2021\/04\/POESIES-VISUALS-5C-768x462.jpg 768w\" sizes=\"auto, (max-width: 1024px) 100vw, 1024px\" \/><\/a><\/p>\n","protected":false},"excerpt":{"rendered":"<ul>\n<li>Els nenes i nenes de 5\u00e8 han estat treballant la poesia visual, han conegut qui va ser Joan Brossa a partir del llibre &#8220;El llapis m\u00e0gic&#8221; i amb motiu de la celebraci\u00f3 de Sant Jordi han creat les seves pr\u00f2pies poesies.<\/li>\n<\/ul>\n<p>Aix\u00ed ha quedat decorat el&hellip;  <a href=\"https:\/\/agora.xtec.cat\/ceipbufala\/primaria\/la-poesia-visual\/\" title=\"Read LA POESIA VISUAL\">Llegeix m\u00e9s\u00bb<\/a><\/p>\n","protected":false},"author":20,"featured_media":0,"comment_status":"open","ping_status":"closed","sticky":false,"template":"","format":"standard","meta":{"_bbp_topic_count":0,"_bbp_reply_count":0,"_bbp_total_topic_count":0,"_bbp_total_reply_count":0,"_bbp_voice_count":0,"_bbp_anonymous_reply_count":0,"_bbp_topic_count_hidden":0,"_bbp_reply_count_hidden":0,"_bbp_forum_subforum_count":0,"footnotes":""},"categories":[14,5],"tags":[],"class_list":["post-3717","post","type-post","status-publish","format-standard","hentry","category-5e","category-primaria"],"post_mailing_queue_ids":[],"_links":{"self":[{"href":"https:\/\/agora.xtec.cat\/ceipbufala\/wp-json\/wp\/v2\/posts\/3717","targetHints":{"allow":["GET"]}}],"collection":[{"href":"https:\/\/agora.xtec.cat\/ceipbufala\/wp-json\/wp\/v2\/posts"}],"about":[{"href":"https:\/\/agora.xtec.cat\/ceipbufala\/wp-json\/wp\/v2\/types\/post"}],"author":[{"embeddable":true,"href":"https:\/\/agora.xtec.cat\/ceipbufala\/wp-json\/wp\/v2\/users\/20"}],"replies":[{"embeddable":true,"href":"https:\/\/agora.xtec.cat\/ceipbufala\/wp-json\/wp\/v2\/comments?post=3717"}],"version-history":[{"count":3,"href":"https:\/\/agora.xtec.cat\/ceipbufala\/wp-json\/wp\/v2\/posts\/3717\/revisions"}],"predecessor-version":[{"id":3723,"href":"https:\/\/agora.xtec.cat\/ceipbufala\/wp-json\/wp\/v2\/posts\/3717\/revisions\/3723"}],"wp:attachment":[{"href":"https:\/\/agora.xtec.cat\/ceipbufala\/wp-json\/wp\/v2\/media?parent=3717"}],"wp:term":[{"taxonomy":"category","embeddable":true,"href":"https:\/\/agora.xtec.cat\/ceipbufala\/wp-json\/wp\/v2\/categories?post=3717"},{"taxonomy":"post_tag","embeddable":true,"href":"https:\/\/agora.xtec.cat\/ceipbufala\/wp-json\/wp\/v2\/tags?post=3717"}],"curies":[{"name":"wp","href":"https:\/\/api.w.org\/{rel}","templated":true}]}}