{"id":3121,"date":"2020-12-15T17:05:11","date_gmt":"2020-12-15T16:05:11","guid":{"rendered":"https:\/\/agora.xtec.cat\/ceipbufala\/?p=3121"},"modified":"2020-12-15T17:05:11","modified_gmt":"2020-12-15T16:05:11","slug":"graella-confinament-amb-activitats-6e-a","status":"publish","type":"post","link":"https:\/\/agora.xtec.cat\/ceipbufala\/primaria\/6e\/graella-confinament-amb-activitats-6e-a\/","title":{"rendered":"Graella confinament amb activitats 6\u00e8 A"},"content":{"rendered":"<p><span style=\"font-weight: 400\">Bona tarda fam\u00edlies de 6\u00e8 A,<\/span><\/p>\n<p><span style=\"font-weight: 400\">Davant la situaci\u00f3 en que ens tornem a trobar us faig arribar la graella de tasques setmanal abans de les vacances de Nadal. Aquestes activitats s\u00f3n de rep\u00e0s dels continguts treballats a l\u2019aula. Com ja sabeu, hi haur\u00e0 una videoconfer\u00e8ncia cada dia a les 9.30h del mat\u00ed per aclarir qualsevol dubte i explicar tot all\u00f2 que necessitin els vostres fills o filles.\u00a0<\/span><\/p>\n<p><span style=\"font-weight: 400\">Com ja som tots uns experts i expertes en aix\u00f2 del confinament, segur que ho fem igual de b\u00e9 que l\u2019\u00faltima vegada. Queden molt pocs dies per agafar vacances, aix\u00ed que us envio moltes\u00a0 forces i \u00e0nims.\u00a0<\/span><\/p>\n<p><span style=\"font-weight: 400\">Una forta abra\u00e7ada i estem en contacte.\u00a0<\/span><\/p>\n<p><span style=\"font-weight: 400\">Ester Palacios<\/span><\/p>\n<p><a href=\"https:\/\/drive.google.com\/file\/d\/14GuAEBWO2ZS1udrd_ivge2ACA4G1wdpt\/view?usp=sharing\">GRAELLA TASQUES 16 DE DESEMBRE<\/a><\/p>\n","protected":false},"excerpt":{"rendered":"<p>Bona tarda fam\u00edlies de 6\u00e8 A,<br \/>\nDavant la situaci\u00f3 en que ens tornem a trobar us faig arribar la graella de tasques setmanal abans de les vacances de Nadal. Aquestes activitats s\u00f3n de rep\u00e0s dels continguts treballats a l\u2019aula. Com ja sabeu, hi haur\u00e0 una videoconfer\u00e8ncia&hellip;  <a href=\"https:\/\/agora.xtec.cat\/ceipbufala\/primaria\/6e\/graella-confinament-amb-activitats-6e-a\/\" title=\"Read Graella confinament amb activitats 6\u00e8 A\">Llegeix m\u00e9s\u00bb<\/a><\/p>\n","protected":false},"author":1,"featured_media":0,"comment_status":"open","ping_status":"closed","sticky":false,"template":"","format":"standard","meta":{"_bbp_topic_count":0,"_bbp_reply_count":0,"_bbp_total_topic_count":0,"_bbp_total_reply_count":0,"_bbp_voice_count":0,"_bbp_anonymous_reply_count":0,"_bbp_topic_count_hidden":0,"_bbp_reply_count_hidden":0,"_bbp_forum_subforum_count":0,"footnotes":""},"categories":[15],"tags":[],"class_list":["post-3121","post","type-post","status-publish","format-standard","hentry","category-6e"],"post_mailing_queue_ids":[],"_links":{"self":[{"href":"https:\/\/agora.xtec.cat\/ceipbufala\/wp-json\/wp\/v2\/posts\/3121","targetHints":{"allow":["GET"]}}],"collection":[{"href":"https:\/\/agora.xtec.cat\/ceipbufala\/wp-json\/wp\/v2\/posts"}],"about":[{"href":"https:\/\/agora.xtec.cat\/ceipbufala\/wp-json\/wp\/v2\/types\/post"}],"author":[{"embeddable":true,"href":"https:\/\/agora.xtec.cat\/ceipbufala\/wp-json\/wp\/v2\/users\/1"}],"replies":[{"embeddable":true,"href":"https:\/\/agora.xtec.cat\/ceipbufala\/wp-json\/wp\/v2\/comments?post=3121"}],"version-history":[{"count":1,"href":"https:\/\/agora.xtec.cat\/ceipbufala\/wp-json\/wp\/v2\/posts\/3121\/revisions"}],"predecessor-version":[{"id":3122,"href":"https:\/\/agora.xtec.cat\/ceipbufala\/wp-json\/wp\/v2\/posts\/3121\/revisions\/3122"}],"wp:attachment":[{"href":"https:\/\/agora.xtec.cat\/ceipbufala\/wp-json\/wp\/v2\/media?parent=3121"}],"wp:term":[{"taxonomy":"category","embeddable":true,"href":"https:\/\/agora.xtec.cat\/ceipbufala\/wp-json\/wp\/v2\/categories?post=3121"},{"taxonomy":"post_tag","embeddable":true,"href":"https:\/\/agora.xtec.cat\/ceipbufala\/wp-json\/wp\/v2\/tags?post=3121"}],"curies":[{"name":"wp","href":"https:\/\/api.w.org\/{rel}","templated":true}]}}