{"id":2894,"date":"2020-11-09T15:01:38","date_gmt":"2020-11-09T14:01:38","guid":{"rendered":"https:\/\/agora.xtec.cat\/ceipbufala\/?p=2894"},"modified":"2020-11-09T15:01:38","modified_gmt":"2020-11-09T14:01:38","slug":"graella-dactivitats-6e-a-setmana-del-9-11-2020","status":"publish","type":"post","link":"https:\/\/agora.xtec.cat\/ceipbufala\/primaria\/6e\/graella-dactivitats-6e-a-setmana-del-9-11-2020\/","title":{"rendered":"GRAELLA D&#8217;ACTIVITATS 6\u00c8 A SETMANA DEL 9\/11\/2020"},"content":{"rendered":"<p>Bona tarda fam\u00edlies de 6\u00e8 A,<\/p>\n<p>Comencem una setmana ben diferent a la resta i amb una mica d\u2019incertesa pel qu\u00e8 passar\u00e0 en els propers dies. Tot i aix\u00f2, segur que ens ser\u00e0 m\u00e9s f\u00e0cil gestionar aquest petit confinament i ho farem amb molta for\u00e7a i \u00e0nims.<\/p>\n<p>Per tal de poder portar a terme amb el m\u00e0xim de normalitat possible les activitats programades a l\u2019aula, he creat una graella de tasques que els alumnes de 6\u00e8 A poden anar fent des de casa. Si obriu aquesta, podreu observar que hi ha programades una sessi\u00f3 di\u00e0ria de videoconfer\u00e8ncies a trav\u00e9s de zoom. Aquestes ens ajudaran a estar en contacte, poder explicar les activitats i continguts, i resoldre dubtes. Us convido a que feu una ullada i si teniu algun dubte dem\u00e0 pugueu preguntar.<\/p>\n<p>Feli\u00e7 comen\u00e7ament de setmana i una forta abra\u00e7ada a tothom.\ud83e\udd17<\/p>\n<p>Ester Palacios.<\/p>\n<p><a href=\"https:\/\/drive.google.com\/file\/d\/15-oNCqhz_0WD3B1P8Sd8lPwL1BgfpEE1\/view?usp=sharing\" target=\"_blank\" rel=\"noopener noreferrer\">GRAELLA DE DEURES SETMANA 9\/11\/20<\/a><\/p>\n","protected":false},"excerpt":{"rendered":"<p>Bona tarda fam\u00edlies de 6\u00e8 A,<br \/>\nComencem una setmana ben diferent a la resta i amb una mica d\u2019incertesa pel qu\u00e8 passar\u00e0 en els propers dies. Tot i aix\u00f2, segur que ens ser\u00e0 m\u00e9s f\u00e0cil gestionar aquest petit confinament i ho farem amb molta for\u00e7a i&hellip;  <a href=\"https:\/\/agora.xtec.cat\/ceipbufala\/primaria\/6e\/graella-dactivitats-6e-a-setmana-del-9-11-2020\/\" title=\"Read GRAELLA D&#8217;ACTIVITATS 6\u00c8 A SETMANA DEL 9\/11\/2020\">Llegeix m\u00e9s\u00bb<\/a><\/p>\n","protected":false},"author":1,"featured_media":0,"comment_status":"open","ping_status":"closed","sticky":false,"template":"","format":"standard","meta":{"_bbp_topic_count":0,"_bbp_reply_count":0,"_bbp_total_topic_count":0,"_bbp_total_reply_count":0,"_bbp_voice_count":0,"_bbp_anonymous_reply_count":0,"_bbp_topic_count_hidden":0,"_bbp_reply_count_hidden":0,"_bbp_forum_subforum_count":0,"footnotes":""},"categories":[15],"tags":[],"class_list":["post-2894","post","type-post","status-publish","format-standard","hentry","category-6e"],"post_mailing_queue_ids":[],"_links":{"self":[{"href":"https:\/\/agora.xtec.cat\/ceipbufala\/wp-json\/wp\/v2\/posts\/2894","targetHints":{"allow":["GET"]}}],"collection":[{"href":"https:\/\/agora.xtec.cat\/ceipbufala\/wp-json\/wp\/v2\/posts"}],"about":[{"href":"https:\/\/agora.xtec.cat\/ceipbufala\/wp-json\/wp\/v2\/types\/post"}],"author":[{"embeddable":true,"href":"https:\/\/agora.xtec.cat\/ceipbufala\/wp-json\/wp\/v2\/users\/1"}],"replies":[{"embeddable":true,"href":"https:\/\/agora.xtec.cat\/ceipbufala\/wp-json\/wp\/v2\/comments?post=2894"}],"version-history":[{"count":1,"href":"https:\/\/agora.xtec.cat\/ceipbufala\/wp-json\/wp\/v2\/posts\/2894\/revisions"}],"predecessor-version":[{"id":2895,"href":"https:\/\/agora.xtec.cat\/ceipbufala\/wp-json\/wp\/v2\/posts\/2894\/revisions\/2895"}],"wp:attachment":[{"href":"https:\/\/agora.xtec.cat\/ceipbufala\/wp-json\/wp\/v2\/media?parent=2894"}],"wp:term":[{"taxonomy":"category","embeddable":true,"href":"https:\/\/agora.xtec.cat\/ceipbufala\/wp-json\/wp\/v2\/categories?post=2894"},{"taxonomy":"post_tag","embeddable":true,"href":"https:\/\/agora.xtec.cat\/ceipbufala\/wp-json\/wp\/v2\/tags?post=2894"}],"curies":[{"name":"wp","href":"https:\/\/api.w.org\/{rel}","templated":true}]}}