{"id":2736,"date":"2020-09-10T14:39:49","date_gmt":"2020-09-10T12:39:49","guid":{"rendered":"https:\/\/agora.xtec.cat\/ceipbufala\/?p=2736"},"modified":"2020-09-10T14:39:49","modified_gmt":"2020-09-10T12:39:49","slug":"informacio-per-a-les-families-2","status":"publish","type":"post","link":"https:\/\/agora.xtec.cat\/ceipbufala\/primaria\/2n\/informacio-per-a-les-families-2\/","title":{"rendered":"INFORMACI\u00d3 PER A LES FAM\u00cdLIES"},"content":{"rendered":"<p><a href=\"https:\/\/agora.xtec.cat\/ceipbufala\/wp-content\/uploads\/usu1674\/2020\/09\/unnamed.jpg\"><img loading=\"lazy\" decoding=\"async\" class=\"alignnone size-full wp-image-2729\" src=\"https:\/\/agora.xtec.cat\/ceipbufala\/wp-content\/uploads\/usu1674\/2020\/09\/unnamed.jpg\" alt=\"\" width=\"512\" height=\"286\" srcset=\"https:\/\/agora.xtec.cat\/ceipbufala\/wp-content\/uploads\/usu1674\/2020\/09\/unnamed.jpg 512w, https:\/\/agora.xtec.cat\/ceipbufala\/wp-content\/uploads\/usu1674\/2020\/09\/unnamed-300x168.jpg 300w\" sizes=\"auto, (max-width: 512px) 100vw, 512px\" \/><\/a><\/p>\n<p>Benvolgudes fam\u00edlies!<\/p>\n<p>Ja estem preparats per a iniciar un nou curs escolar for\u00e7a peculiar.<\/p>\n<p>Us adjuntem un power point amb tota la informaci\u00f3 necessaria per con\u00e8ixer el funcionament i les caracter\u00edstiques d&#8217;aquest curs. \u00c9s important que el llegiu abans de la reuni\u00f3 de principi de curs.<\/p>\n<p><a href=\"https:\/\/agora.xtec.cat\/ceipbufala\/wp-content\/uploads\/usu1674\/2020\/09\/reuni\u00f3-families-2n-2020-21.pptx\">reuni\u00f3 families 2n 2020-21<\/a><\/p>\n<p>Moltes gr\u00e0cies<\/p>\n<p>Elisa, Silvia i Patri<\/p>\n","protected":false},"excerpt":{"rendered":"<p><a href=\"https:\/\/agora.xtec.cat\/ceipbufala\/wp-content\/uploads\/usu1674\/2020\/09\/unnamed.jpg\"><\/a><br \/>\nBenvolgudes fam\u00edlies!<br \/>\nJa estem preparats per a iniciar un nou curs escolar for\u00e7a peculiar.<br \/>\nUs adjuntem un power point amb tota la informaci\u00f3 necessaria per con\u00e8ixer el funcionament i les caracter\u00edstiques d&#8217;aquest curs. \u00c9s important que el llegiu abans de la reuni\u00f3 de principi de curs.<br \/>\n<a&hellip;  <a href=\"https:\/\/agora.xtec.cat\/ceipbufala\/primaria\/2n\/informacio-per-a-les-families-2\/\" title=\"Read INFORMACI\u00d3 PER A LES FAM\u00cdLIES\">Llegeix m\u00e9s\u00bb<\/a><\/p>\n","protected":false},"author":3,"featured_media":0,"comment_status":"open","ping_status":"closed","sticky":false,"template":"","format":"standard","meta":{"_bbp_topic_count":0,"_bbp_reply_count":0,"_bbp_total_topic_count":0,"_bbp_total_reply_count":0,"_bbp_voice_count":0,"_bbp_anonymous_reply_count":0,"_bbp_topic_count_hidden":0,"_bbp_reply_count_hidden":0,"_bbp_forum_subforum_count":0,"footnotes":""},"categories":[11],"tags":[],"class_list":["post-2736","post","type-post","status-publish","format-standard","hentry","category-2n"],"post_mailing_queue_ids":[],"_links":{"self":[{"href":"https:\/\/agora.xtec.cat\/ceipbufala\/wp-json\/wp\/v2\/posts\/2736","targetHints":{"allow":["GET"]}}],"collection":[{"href":"https:\/\/agora.xtec.cat\/ceipbufala\/wp-json\/wp\/v2\/posts"}],"about":[{"href":"https:\/\/agora.xtec.cat\/ceipbufala\/wp-json\/wp\/v2\/types\/post"}],"author":[{"embeddable":true,"href":"https:\/\/agora.xtec.cat\/ceipbufala\/wp-json\/wp\/v2\/users\/3"}],"replies":[{"embeddable":true,"href":"https:\/\/agora.xtec.cat\/ceipbufala\/wp-json\/wp\/v2\/comments?post=2736"}],"version-history":[{"count":1,"href":"https:\/\/agora.xtec.cat\/ceipbufala\/wp-json\/wp\/v2\/posts\/2736\/revisions"}],"predecessor-version":[{"id":2742,"href":"https:\/\/agora.xtec.cat\/ceipbufala\/wp-json\/wp\/v2\/posts\/2736\/revisions\/2742"}],"wp:attachment":[{"href":"https:\/\/agora.xtec.cat\/ceipbufala\/wp-json\/wp\/v2\/media?parent=2736"}],"wp:term":[{"taxonomy":"category","embeddable":true,"href":"https:\/\/agora.xtec.cat\/ceipbufala\/wp-json\/wp\/v2\/categories?post=2736"},{"taxonomy":"post_tag","embeddable":true,"href":"https:\/\/agora.xtec.cat\/ceipbufala\/wp-json\/wp\/v2\/tags?post=2736"}],"curies":[{"name":"wp","href":"https:\/\/api.w.org\/{rel}","templated":true}]}}