{"id":2629,"date":"2020-06-19T15:22:14","date_gmt":"2020-06-19T13:22:14","guid":{"rendered":"https:\/\/agora.xtec.cat\/ceipbufala\/?p=2629"},"modified":"2020-06-19T15:24:32","modified_gmt":"2020-06-19T13:24:32","slug":"deures-sise","status":"publish","type":"post","link":"https:\/\/agora.xtec.cat\/ceipbufala\/primaria\/deures-sise\/","title":{"rendered":"Deures d&#8217;estiu sis\u00e8"},"content":{"rendered":"<p>Fam\u00edlies, nenes i nens de sis\u00e8 adjuntem els<strong> deures d&#8217;estiu<\/strong> que els vostres fills i filles hauran d&#8217;<strong>entregar la primera setmana a l&#8217;institut.<\/strong><\/p>\n<p>Recordeu que \u00e9s molt important anar fent a poc a poc i organitzar-se per tal de fer una estoneta cada dia i no deixar-ho tot per l&#8217;\u00faltim moment.<\/p>\n<p><a href=\"https:\/\/drive.google.com\/drive\/folders\/1mHR0v4W1ljnsfE1Ml8r9Dad59Qs7oYTw?usp=sharing\">Deures 6\u00e8 curs 19-20<\/a><\/p>\n<p>&nbsp;<\/p>\n<p>Esperem que tingueu un bon estiu!<\/p>\n<p>Eli i Maite.<\/p>\n","protected":false},"excerpt":{"rendered":"<p>Fam\u00edlies, nenes i nens de sis\u00e8 adjuntem els deures d&#8217;estiu que els vostres fills i filles hauran d&#8217;entregar la primera setmana a l&#8217;institut.<br \/>\nRecordeu que \u00e9s molt important anar fent a poc a poc i organitzar-se per tal de fer una estoneta cada dia i no&hellip;  <a href=\"https:\/\/agora.xtec.cat\/ceipbufala\/primaria\/deures-sise\/\" title=\"Read Deures d&#8217;estiu sis\u00e8\">Llegeix m\u00e9s\u00bb<\/a><\/p>\n","protected":false},"author":20,"featured_media":0,"comment_status":"open","ping_status":"closed","sticky":false,"template":"","format":"standard","meta":{"_bbp_topic_count":0,"_bbp_reply_count":0,"_bbp_total_topic_count":0,"_bbp_total_reply_count":0,"_bbp_voice_count":0,"_bbp_anonymous_reply_count":0,"_bbp_topic_count_hidden":0,"_bbp_reply_count_hidden":0,"_bbp_forum_subforum_count":0,"footnotes":""},"categories":[15,5],"tags":[],"class_list":["post-2629","post","type-post","status-publish","format-standard","hentry","category-6e","category-primaria"],"post_mailing_queue_ids":[],"_links":{"self":[{"href":"https:\/\/agora.xtec.cat\/ceipbufala\/wp-json\/wp\/v2\/posts\/2629","targetHints":{"allow":["GET"]}}],"collection":[{"href":"https:\/\/agora.xtec.cat\/ceipbufala\/wp-json\/wp\/v2\/posts"}],"about":[{"href":"https:\/\/agora.xtec.cat\/ceipbufala\/wp-json\/wp\/v2\/types\/post"}],"author":[{"embeddable":true,"href":"https:\/\/agora.xtec.cat\/ceipbufala\/wp-json\/wp\/v2\/users\/20"}],"replies":[{"embeddable":true,"href":"https:\/\/agora.xtec.cat\/ceipbufala\/wp-json\/wp\/v2\/comments?post=2629"}],"version-history":[{"count":2,"href":"https:\/\/agora.xtec.cat\/ceipbufala\/wp-json\/wp\/v2\/posts\/2629\/revisions"}],"predecessor-version":[{"id":2631,"href":"https:\/\/agora.xtec.cat\/ceipbufala\/wp-json\/wp\/v2\/posts\/2629\/revisions\/2631"}],"wp:attachment":[{"href":"https:\/\/agora.xtec.cat\/ceipbufala\/wp-json\/wp\/v2\/media?parent=2629"}],"wp:term":[{"taxonomy":"category","embeddable":true,"href":"https:\/\/agora.xtec.cat\/ceipbufala\/wp-json\/wp\/v2\/categories?post=2629"},{"taxonomy":"post_tag","embeddable":true,"href":"https:\/\/agora.xtec.cat\/ceipbufala\/wp-json\/wp\/v2\/tags?post=2629"}],"curies":[{"name":"wp","href":"https:\/\/api.w.org\/{rel}","templated":true}]}}